{"id":151382,"date":"2020-04-16T11:33:13","date_gmt":"2020-04-16T08:33:13","guid":{"rendered":"http:\/\/arantv.az\/?p=151382"},"modified":"2020-04-16T11:33:13","modified_gmt":"2020-04-16T08:33:13","slug":"karantin-rejimi-bir-il-mudd%c9%99tin%c9%99-uzadila-bil%c9%99rmi-sosial-s%c9%99b%c9%99k%c9%99l%c9%99rd%c9%99-yayilan-x%c9%99b%c9%99rl%c9%99-bagli-aciqlama","status":"publish","type":"post","link":"https:\/\/arantv.az\/?p=151382","title":{"rendered":"Karantin rejimi bir il m\u00fcdd\u0259tin\u0259 uzad\u0131la bil\u0259rmi? &#8211; Sosial \u015f\u0259b\u0259k\u0259l\u0259rd\u0259 yay\u0131lan x\u0259b\u0259rl\u0259 ba\u011fl\u0131 A\u00c7IQLAMA"},"content":{"rendered":"<p>Operativ Q\u0259r\u0259rgah\u0131n bu ke\u00e7iril\u0259n iclas\u0131nda T\u018fB\u0130B-in s\u0259dri Ramil Bayraml\u0131 d\u00fcn\u0259n ke\u00e7iril\u0259n brifinqd\u0259 karantin rejminin uzad\u0131lmas\u0131 il\u0259 ba\u011fl\u0131 t\u0259dbirl\u0259r plan\u0131n\u0131n haz\u0131rland\u0131\u011f\u0131n\u0131 bildirib. T\u018fB\u0130B-in s\u0259drinin bu s\u00f6zl\u0259ri sosial \u015f\u0259b\u0259k\u0259d\u0259 m\u00fczakir\u0259 m\u00f6vzusuna \u00e7evrilib. Az\u0259rbaycanda karantin rejmi bir il m\u00fcdd\u0259tin\u0259 uzad\u0131la bil\u0259rmi?<\/p>\n<p>Bununla ba\u011fl\u0131\u00a0<a title=\"en son xeberler 2020\" href=\"https:\/\/sonxeber.az\/\" target=\"_blank\" rel=\"noopener\">Sonxeber.az<\/a>-a dan\u0131\u015fan deputat Fazil Mustafa bildirib ki, karantin rejiminin n\u0259 q\u0259d\u0259r uzad\u0131laca\u011f\u0131 statistikadan as\u0131l\u0131d\u0131r: &#8220;\u018fg\u0259r g\u00f6r\u00fcls\u0259 ki, t\u0259hl\u00fck\u0259 art\u0131r, karantin rejiminin \u015f\u0259rtl\u0259ri s\u0259rtl\u0259\u015fdiril\u0259 bil\u0259r. Nisb\u0259t\u0259n sa\u011falanlarla yoluxanlar aras\u0131nda say nisb\u0259ti b\u0259rab\u0259rl\u0259\u015firs\u0259, karantin rejim yum\u015fald\u0131laraq uzad\u0131lmas\u0131 g\u00f6zl\u0259nilir. Amma b\u0259zi kateqoriya insanlar\u0131n v\u0259 sah\u0259l\u0259rin i\u015fl\u0259m\u0259sin\u0259 \u015f\u0259rait yarad\u0131lacaq. \u00c7\u00fcnki evd\u0259 qalmaq v\u0259t\u0259nda\u015flar\u0131m\u0131z \u00fc\u00e7\u00fcn iqtisadi probleml\u0259r yarad\u0131r. B\u0259rb\u0259rl\u0259r v\u0259 dig\u0259r f\u0259rdi qaydada \u00fcnsiyy\u0259ti olan m\u00fc\u0259ssis\u0259l\u0259r niy\u0259 ba\u011fl\u0131 qalmal\u0131d\u0131r. \u018flb\u0259tt\u0259 veril\u0259n q\u0259rarlar m\u00f6vcud v\u0259ziyy\u0259td\u0259n as\u0131l\u0131 olacaq. Haz\u0131r ki, v\u0259ziyy\u0259t t\u0259hlil olmal\u0131d\u0131r. Operativ Q\u0259r\u0259rgah bununla ba\u011fl\u0131 g\u0259rgin ciddi i\u015fl\u0259r apar\u0131r. T\u0259hlild\u0259n sonra karantin rejiminin n\u0259 q\u0259d\u0259r vaxta q\u0259d\u0259r uzad\u0131laca\u011f\u0131 bilin\u0259c\u0259k. \u018flb\u0259tt\u0259 ki, bu m\u0259s\u0259l\u0259 h\u0259kiml\u0259rl\u0259 d\u0259 m\u00fczakir\u0259 olunacaq&#8221;.<\/p>\n","protected":false},"excerpt":{"rendered":"<p>Operativ Q\u0259r\u0259rgah\u0131n bu ke\u00e7iril\u0259n iclas\u0131nda T\u018fB\u0130B-in s\u0259dri Ramil Bayraml\u0131 d\u00fcn\u0259n ke\u00e7iril\u0259n brifinqd\u0259 karantin rejminin uzad\u0131lmas\u0131 il\u0259 ba\u011fl\u0131 t\u0259dbirl\u0259r plan\u0131n\u0131n haz\u0131rland\u0131\u011f\u0131n\u0131 bildirib. T\u018fB\u0130B-in s\u0259drinin bu s\u00f6zl\u0259ri sosial \u015f\u0259b\u0259k\u0259d\u0259 m\u00fczakir\u0259 m\u00f6vzusuna \u00e7evrilib. Az\u0259rbaycanda karantin rejmi bir il m\u00fcdd\u0259tin\u0259 uzad\u0131la bil\u0259rmi? Bununla ba\u011fl\u0131\u00a0Sonxeber.az-a dan\u0131\u015fan deputat Fazil Mustafa bildirib ki, karantin rejiminin n\u0259 q\u0259d\u0259r uzad\u0131laca\u011f\u0131 statistikadan as\u0131l\u0131d\u0131r: &#8220;\u018fg\u0259r g\u00f6r\u00fcls\u0259 ki, t\u0259hl\u00fck\u0259 art\u0131r, karantin rejiminin \u015f\u0259rtl\u0259ri s\u0259rtl\u0259\u015fdiril\u0259 bil\u0259r. Nisb\u0259t\u0259n sa\u011falanlarla yoluxanlar aras\u0131nda say nisb\u0259ti b\u0259rab\u0259rl\u0259\u015firs\u0259, karantin rejim yum\u015fald\u0131laraq uzad\u0131lmas\u0131 g\u00f6zl\u0259nilir. Amma b\u0259zi kateqoriya insanlar\u0131n v\u0259 sah\u0259l\u0259rin i\u015fl\u0259m\u0259sin\u0259 \u015f\u0259rait yarad\u0131lacaq. \u00c7\u00fcnki evd\u0259 qalmaq v\u0259t\u0259nda\u015flar\u0131m\u0131z \u00fc\u00e7\u00fcn iqtisadi&hellip;<\/p>\n","protected":false},"author":2,"featured_media":151383,"comment_status":"closed","ping_status":"closed","sticky":false,"template":"","format":"standard","meta":{"om_disable_all_campaigns":false,"_monsterinsights_skip_tracking":false,"_monsterinsights_sitenote_active":false,"_monsterinsights_sitenote_note":"","_monsterinsights_sitenote_category":0},"categories":[24],"tags":[],"aioseo_notices":[],"gutentor_comment":0,"rttpg_featured_image_url":{"full":["https:\/\/arantv.az\/wp-content\/uploads\/2020\/04\/158702359815366737545195624342_1000x669..jpg",549,290,false],"landscape":["https:\/\/arantv.az\/wp-content\/uploads\/2020\/04\/158702359815366737545195624342_1000x669..jpg",549,290,false],"portraits":["https:\/\/arantv.az\/wp-content\/uploads\/2020\/04\/158702359815366737545195624342_1000x669..jpg",549,290,false],"thumbnail":["https:\/\/arantv.az\/wp-content\/uploads\/2020\/04\/158702359815366737545195624342_1000x669.-150x150.jpg",150,150,true],"medium":["https:\/\/arantv.az\/wp-content\/uploads\/2020\/04\/158702359815366737545195624342_1000x669.-300x158.jpg",300,158,true],"large":["https:\/\/arantv.az\/wp-content\/uploads\/2020\/04\/158702359815366737545195624342_1000x669..jpg",549,290,false],"1536x1536":["https:\/\/arantv.az\/wp-content\/uploads\/2020\/04\/158702359815366737545195624342_1000x669..jpg",549,290,false],"2048x2048":["https:\/\/arantv.az\/wp-content\/uploads\/2020\/04\/158702359815366737545195624342_1000x669..jpg",549,290,false],"post-thumbnail":["https:\/\/arantv.az\/wp-content\/uploads\/2020\/04\/158702359815366737545195624342_1000x669.-240x172.jpg",240,172,true],"advps-thumb-one":["https:\/\/arantv.az\/wp-content\/uploads\/2020\/04\/158702359815366737545195624342_1000x669..jpg",549,290,false]},"rttpg_author":{"display_name":"V\u00fcsal Rafiqo\u011flu","author_link":"https:\/\/arantv.az\/?author=2"},"rttpg_comment":0,"rttpg_category":"<a href=\"https:\/\/arantv.az\/?cat=24\" rel=\"category\">Maraql\u0131<\/a>","rttpg_excerpt":"Operativ Q\u0259r\u0259rgah\u0131n bu ke\u00e7iril\u0259n iclas\u0131nda T\u018fB\u0130B-in s\u0259dri Ramil Bayraml\u0131 d\u00fcn\u0259n ke\u00e7iril\u0259n brifinqd\u0259 karantin rejminin uzad\u0131lmas\u0131 il\u0259 ba\u011fl\u0131 t\u0259dbirl\u0259r plan\u0131n\u0131n haz\u0131rland\u0131\u011f\u0131n\u0131 bildirib. T\u018fB\u0130B-in s\u0259drinin bu s\u00f6zl\u0259ri sosial \u015f\u0259b\u0259k\u0259d\u0259 m\u00fczakir\u0259 m\u00f6vzusuna \u00e7evrilib. Az\u0259rbaycanda karantin rejmi bir il m\u00fcdd\u0259tin\u0259 uzad\u0131la bil\u0259rmi? Bununla ba\u011fl\u0131\u00a0Sonxeber.az-a dan\u0131\u015fan deputat Fazil Mustafa bildirib ki, karantin rejiminin n\u0259 q\u0259d\u0259r uzad\u0131laca\u011f\u0131 statistikadan as\u0131l\u0131d\u0131r: &#8220;\u018fg\u0259r g\u00f6r\u00fcls\u0259&hellip;","_links":{"self":[{"href":"https:\/\/arantv.az\/index.php?rest_route=\/wp\/v2\/posts\/151382"}],"collection":[{"href":"https:\/\/arantv.az\/index.php?rest_route=\/wp\/v2\/posts"}],"about":[{"href":"https:\/\/arantv.az\/index.php?rest_route=\/wp\/v2\/types\/post"}],"author":[{"embeddable":true,"href":"https:\/\/arantv.az\/index.php?rest_route=\/wp\/v2\/users\/2"}],"replies":[{"embeddable":true,"href":"https:\/\/arantv.az\/index.php?rest_route=%2Fwp%2Fv2%2Fcomments&post=151382"}],"version-history":[{"count":0,"href":"https:\/\/arantv.az\/index.php?rest_route=\/wp\/v2\/posts\/151382\/revisions"}],"wp:featuredmedia":[{"embeddable":true,"href":"https:\/\/arantv.az\/index.php?rest_route=\/wp\/v2\/media\/151383"}],"wp:attachment":[{"href":"https:\/\/arantv.az\/index.php?rest_route=%2Fwp%2Fv2%2Fmedia&parent=151382"}],"wp:term":[{"taxonomy":"category","embeddable":true,"href":"https:\/\/arantv.az\/index.php?rest_route=%2Fwp%2Fv2%2Fcategories&post=151382"},{"taxonomy":"post_tag","embeddable":true,"href":"https:\/\/arantv.az\/index.php?rest_route=%2Fwp%2Fv2%2Ftags&post=151382"}],"curies":[{"name":"wp","href":"https:\/\/api.w.org\/{rel}","templated":true}]}}