{"id":151394,"date":"2020-04-16T12:50:40","date_gmt":"2020-04-16T09:50:40","guid":{"rendered":"http:\/\/arantv.az\/?p=151394"},"modified":"2020-04-16T12:50:40","modified_gmt":"2020-04-16T09:50:40","slug":"olduyu-deyil%c9%99n-qadin-morqda-ayildi-foto","status":"publish","type":"post","link":"https:\/\/arantv.az\/?p=151394","title":{"rendered":"\u00d6ld\u00fcy\u00fc deyil\u0259n qad\u0131n morqda ay\u0131ld\u0131 &#8211; FOTO"},"content":{"rendered":"<article class=\"news\">\n<div class=\"news-inner\">\n<p>Paraqvay\u0131n c\u0259nubundak\u0131 Koronel-Ovyedo \u015f\u0259h\u0259rind\u0259 h\u0259kiml\u0259r t\u0259r\u0259find\u0259n \u00f6ld\u00fcy\u00fc bildiril\u0259n qad\u0131n d\u0259fn \u00fc\u00e7\u00fcn haz\u0131rl\u0131qlar ba\u015flayan vaxt ay\u0131l\u0131b.<\/p>\n<p>Bu bar\u0259d\u0259 \u201cABC Color\u201d q\u0259zeti m\u0259lumat yay\u0131b.<\/p>\n<p>Aprelin 11-d\u0259 x\u0259r\u00e7\u0259ng x\u0259st\u0259liyind\u0259n \u0259ziyy\u0259t \u00e7\u0259k\u0259n 46 ya\u015fl\u0131 Qledis Rodriqes de Duarte y\u00fcks\u0259k qan t\u0259zyiqi il\u0259 x\u0259st\u0259xanaya \u00e7atd\u0131r\u0131l\u0131b. Saat 09:30-da x\u0259st\u0259y\u0259 h\u0259kim Eriberto Vera bax\u0131b. Bundan iki saat sonra h\u0259kim x\u0259st\u0259nin v\u0259fat etdiyini bildirib, x\u0259b\u0259ri x\u0259st\u0259nin h\u0259yat yolda\u015f\u0131 v\u0259 q\u0131z\u0131na \u00e7atd\u0131r\u0131b.<\/p>\n<div id=\"AdviadNativeVideo0\" class=\"AdviadNativeVideo\"><\/div>\n<p>E.Vera x\u0259st\u0259 Q.Duartenin \u00f6l\u00fcm s\u0259n\u0259dini haz\u0131rlay\u0131b v\u0259 \u00f6l\u00fcm s\u0259b\u0259bi kimi x\u0259r\u00e7\u0259ng x\u0259st\u0259liyini qeyd edib. X\u0259st\u0259 \u00f6l\u00fcl\u0259r \u00fc\u00e7\u00fcn kis\u0259y\u0259 yerl\u0259\u015fdirilib v\u0259 d\u0259fn \u015f\u00f6b\u0259sin\u0259 g\u00f6nd\u0259rilib.<\/p>\n<p>\u015e\u00f6b\u0259d\u0259 bax\u0131\u015f zaman\u0131 \u201cv\u0259fat ed\u0259n\u201d qad\u0131n\u0131n h\u0259r\u0259k\u0259t etdiyi m\u00fc\u015fahid\u0259 olunub. X\u0259st\u0259 d\u0259rhal x\u0259st\u0259xanaya g\u00f6nd\u0259rilib.<\/p>\n<p>Hadis\u0259 il\u0259 ba\u011fl\u0131 x\u0259st\u0259nin yax\u0131nlar\u0131 h\u0259kimi s\u0259hl\u0259nkarl\u0131qda ittiham edibl\u0259r.<\/p>\n<div class=\"gallery\">\n<div class=\"gallery-i\"><img src=\"https:\/\/cdn.oxu.az\/uploads\/W1siZiIsIjIwMjAvMDQvMTYvMTMvMzcvMDkvNjhiNDMyYjItYmFhZS00ZjIyLTk4YTQtMzVlNjUwYTA4ZmI3L2RmLmpwZyJdLFsicCIsImVuY29kZSIsImpwZyIsIi1xdWFsaXR5IDgwIl0sWyJwIiwidGh1bWIiLCI1OTB4NTkwXHUwMDNlIl1d?sha=5496741b934fb3cc\" alt=\"\" \/><\/p>\n<div class=\"gallery-i-caption\"><\/div>\n<\/div>\n<\/div>\n<\/div>\n<\/article>\n","protected":false},"excerpt":{"rendered":"<p>Paraqvay\u0131n c\u0259nubundak\u0131 Koronel-Ovyedo \u015f\u0259h\u0259rind\u0259 h\u0259kiml\u0259r t\u0259r\u0259find\u0259n \u00f6ld\u00fcy\u00fc bildiril\u0259n qad\u0131n d\u0259fn \u00fc\u00e7\u00fcn haz\u0131rl\u0131qlar ba\u015flayan vaxt ay\u0131l\u0131b. Bu bar\u0259d\u0259 \u201cABC Color\u201d q\u0259zeti m\u0259lumat yay\u0131b. Aprelin 11-d\u0259 x\u0259r\u00e7\u0259ng x\u0259st\u0259liyind\u0259n \u0259ziyy\u0259t \u00e7\u0259k\u0259n 46 ya\u015fl\u0131 Qledis Rodriqes de Duarte y\u00fcks\u0259k qan t\u0259zyiqi il\u0259 x\u0259st\u0259xanaya \u00e7atd\u0131r\u0131l\u0131b. Saat 09:30-da x\u0259st\u0259y\u0259 h\u0259kim Eriberto Vera bax\u0131b. Bundan iki saat sonra h\u0259kim x\u0259st\u0259nin v\u0259fat etdiyini bildirib, x\u0259b\u0259ri x\u0259st\u0259nin h\u0259yat yolda\u015f\u0131 v\u0259 q\u0131z\u0131na \u00e7atd\u0131r\u0131b. E.Vera x\u0259st\u0259 Q.Duartenin \u00f6l\u00fcm s\u0259n\u0259dini haz\u0131rlay\u0131b v\u0259 \u00f6l\u00fcm s\u0259b\u0259bi kimi x\u0259r\u00e7\u0259ng x\u0259st\u0259liyini qeyd edib. X\u0259st\u0259 \u00f6l\u00fcl\u0259r \u00fc\u00e7\u00fcn kis\u0259y\u0259 yerl\u0259\u015fdirilib v\u0259 d\u0259fn \u015f\u00f6b\u0259sin\u0259 g\u00f6nd\u0259rilib. \u015e\u00f6b\u0259d\u0259 bax\u0131\u015f zaman\u0131 \u201cv\u0259fat&hellip;<\/p>\n","protected":false},"author":2,"featured_media":151395,"comment_status":"closed","ping_status":"closed","sticky":false,"template":"","format":"standard","meta":{"om_disable_all_campaigns":false,"_monsterinsights_skip_tracking":false,"_monsterinsights_sitenote_active":false,"_monsterinsights_sitenote_note":"","_monsterinsights_sitenote_category":0},"categories":[24],"tags":[],"aioseo_notices":[],"gutentor_comment":0,"rttpg_featured_image_url":{"full":["https:\/\/arantv.az\/wp-content\/uploads\/2020\/04\/morq-1.jpg",620,375,false],"landscape":["https:\/\/arantv.az\/wp-content\/uploads\/2020\/04\/morq-1.jpg",620,375,false],"portraits":["https:\/\/arantv.az\/wp-content\/uploads\/2020\/04\/morq-1.jpg",620,375,false],"thumbnail":["https:\/\/arantv.az\/wp-content\/uploads\/2020\/04\/morq-1-150x150.jpg",150,150,true],"medium":["https:\/\/arantv.az\/wp-content\/uploads\/2020\/04\/morq-1-300x181.jpg",300,181,true],"large":["https:\/\/arantv.az\/wp-content\/uploads\/2020\/04\/morq-1.jpg",620,375,false],"1536x1536":["https:\/\/arantv.az\/wp-content\/uploads\/2020\/04\/morq-1.jpg",620,375,false],"2048x2048":["https:\/\/arantv.az\/wp-content\/uploads\/2020\/04\/morq-1.jpg",620,375,false],"post-thumbnail":["https:\/\/arantv.az\/wp-content\/uploads\/2020\/04\/morq-1-240x172.jpg",240,172,true],"advps-thumb-one":["https:\/\/arantv.az\/wp-content\/uploads\/2020\/04\/morq-1.jpg",620,375,false]},"rttpg_author":{"display_name":"V\u00fcsal Rafiqo\u011flu","author_link":"https:\/\/arantv.az\/?author=2"},"rttpg_comment":0,"rttpg_category":"<a href=\"https:\/\/arantv.az\/?cat=24\" rel=\"category\">Maraql\u0131<\/a>","rttpg_excerpt":"Paraqvay\u0131n c\u0259nubundak\u0131 Koronel-Ovyedo \u015f\u0259h\u0259rind\u0259 h\u0259kiml\u0259r t\u0259r\u0259find\u0259n \u00f6ld\u00fcy\u00fc bildiril\u0259n qad\u0131n d\u0259fn \u00fc\u00e7\u00fcn haz\u0131rl\u0131qlar ba\u015flayan vaxt ay\u0131l\u0131b. Bu bar\u0259d\u0259 \u201cABC Color\u201d q\u0259zeti m\u0259lumat yay\u0131b. Aprelin 11-d\u0259 x\u0259r\u00e7\u0259ng x\u0259st\u0259liyind\u0259n \u0259ziyy\u0259t \u00e7\u0259k\u0259n 46 ya\u015fl\u0131 Qledis Rodriqes de Duarte y\u00fcks\u0259k qan t\u0259zyiqi il\u0259 x\u0259st\u0259xanaya \u00e7atd\u0131r\u0131l\u0131b. Saat 09:30-da x\u0259st\u0259y\u0259 h\u0259kim Eriberto Vera bax\u0131b. Bundan iki saat sonra h\u0259kim x\u0259st\u0259nin v\u0259fat etdiyini&hellip;","_links":{"self":[{"href":"https:\/\/arantv.az\/index.php?rest_route=\/wp\/v2\/posts\/151394"}],"collection":[{"href":"https:\/\/arantv.az\/index.php?rest_route=\/wp\/v2\/posts"}],"about":[{"href":"https:\/\/arantv.az\/index.php?rest_route=\/wp\/v2\/types\/post"}],"author":[{"embeddable":true,"href":"https:\/\/arantv.az\/index.php?rest_route=\/wp\/v2\/users\/2"}],"replies":[{"embeddable":true,"href":"https:\/\/arantv.az\/index.php?rest_route=%2Fwp%2Fv2%2Fcomments&post=151394"}],"version-history":[{"count":0,"href":"https:\/\/arantv.az\/index.php?rest_route=\/wp\/v2\/posts\/151394\/revisions"}],"wp:featuredmedia":[{"embeddable":true,"href":"https:\/\/arantv.az\/index.php?rest_route=\/wp\/v2\/media\/151395"}],"wp:attachment":[{"href":"https:\/\/arantv.az\/index.php?rest_route=%2Fwp%2Fv2%2Fmedia&parent=151394"}],"wp:term":[{"taxonomy":"category","embeddable":true,"href":"https:\/\/arantv.az\/index.php?rest_route=%2Fwp%2Fv2%2Fcategories&post=151394"},{"taxonomy":"post_tag","embeddable":true,"href":"https:\/\/arantv.az\/index.php?rest_route=%2Fwp%2Fv2%2Ftags&post=151394"}],"curies":[{"name":"wp","href":"https:\/\/api.w.org\/{rel}","templated":true}]}}