{"id":151516,"date":"2020-04-16T19:44:13","date_gmt":"2020-04-16T16:44:13","guid":{"rendered":"http:\/\/arantv.az\/?p=151516"},"modified":"2020-04-16T19:44:13","modified_gmt":"2020-04-16T16:44:13","slug":"leyla-%c9%99liyevanin-t%c9%99s%c9%99bbusu-il%c9%99-azt%c9%99minatli-ail%c9%99l%c9%99r%c9%99-yardim-edildi-foto","status":"publish","type":"post","link":"https:\/\/arantv.az\/?p=151516","title":{"rendered":"Leyla \u018fliyevan\u0131n t\u0259\u015f\u0259bb\u00fcs\u00fc il\u0259 azt\u0259minatl\u0131 ail\u0259l\u0259r\u0259 yard\u0131m edildi (FOTO)"},"content":{"rendered":"<div class=\"article-text\">\n<p>Heyd\u0259r \u018fliyev Fondunun vitse-prezidenti Leyla \u018fliyevan\u0131n t\u0259\u015f\u0259bb\u00fcs\u00fc il\u0259 Bak\u0131da azt\u0259minatl\u0131 ail\u0259l\u0259r\u0259 m\u00fcxt\u0259lif \u0259rzaq m\u0259hsullar\u0131ndan ibar\u0259t yard\u0131m ba\u011flamalar\u0131 t\u0259qdim olunub.<\/p>\n<p>Trend-in m\u0259lumat\u0131na g\u00f6r\u0259, koronavirus (COVID-19) x\u0259st\u0259liyi il\u0259 \u0259laq\u0259dar \u00f6lk\u0259d\u0259 t\u0259tbiq olunan x\u00fcsusi karantin g\u00fcnl\u0259rind\u0259 Heyd\u0259r \u018fliyev Fondu t\u0259r\u0259find\u0259n \u00f6lk\u0259 \u00fczr\u0259 azt\u0259minatl\u0131 ail\u0259l\u0259r\u0259 m\u00fcxt\u0259lif yard\u0131m paylar\u0131 \u00e7atd\u0131r\u0131l\u0131r.<\/p>\n<div id=\"AdviadNativeVideo0\" class=\"AdviadNativeVideo\"><\/div>\n<p>Xat\u0131rladaq ki, Heyd\u0259r \u018fliyev Fondu f\u0259aliyy\u0259ti \u00e7\u0259r\u00e7iv\u0259sind\u0259 m\u00fct\u0259madi olaraq azt\u0259minatl\u0131 ail\u0259l\u0259r\u0259, x\u00fcsusi qay\u011f\u0131ya ehtiyac\u0131 olan \u015f\u0259xsl\u0259r\u0259 y\u00f6n\u0259lik m\u00fcxt\u0259lif layih\u0259l\u0259r h\u0259yata ke\u00e7irir.<\/p>\n<\/div>\n<div class=\"article-gallery\">\n<div class=\"swiper-container gallery-swiper swiper-container-initialized swiper-container-horizontal swiper-container-autoheight\">\n<div class=\"swiper-wrapper\">\n<div class=\"swiper-slide gallery-slide swiper-slide-active\" data-fancybox=\"1\" data-src=\"https:\/\/cdn.trend.az\/2020\/04\/16\/leyala_aliyeva_yardim_160420_1.jpg\"><img class=\"gallery-image\" src=\"https:\/\/cdn.trend.az\/2020\/04\/16\/leyala_aliyeva_yardim_160420_1.jpg\" alt=\"Leyla \u018fliyevan\u0131n t\u0259\u015f\u0259bb\u00fcs\u00fc il\u0259 azt\u0259minatl\u0131 ail\u0259l\u0259r\u0259 yard\u0131m edildi (FOTO) - Gallery Image\" \/><\/div>\n<div class=\"swiper-slide gallery-slide swiper-slide-next\" data-fancybox=\"1\" data-src=\"https:\/\/cdn.trend.az\/2020\/04\/16\/leyala_aliyeva_yardim_160420_2.jpg\"><img class=\"gallery-image\" src=\"https:\/\/cdn.trend.az\/2020\/04\/16\/leyala_aliyeva_yardim_160420_2.jpg\" alt=\"Leyla \u018fliyevan\u0131n t\u0259\u015f\u0259bb\u00fcs\u00fc il\u0259 azt\u0259minatl\u0131 ail\u0259l\u0259r\u0259 yard\u0131m edildi (FOTO) - Gallery Image\" \/><\/div>\n<div class=\"swiper-slide gallery-slide\" data-fancybox=\"1\" data-src=\"https:\/\/cdn.trend.az\/2020\/04\/16\/leyala_aliyeva_yardim_160420_3.jpg\"><img class=\"gallery-image\" src=\"https:\/\/cdn.trend.az\/2020\/04\/16\/leyala_aliyeva_yardim_160420_3.jpg\" alt=\"Leyla \u018fliyevan\u0131n t\u0259\u015f\u0259bb\u00fcs\u00fc il\u0259 azt\u0259minatl\u0131 ail\u0259l\u0259r\u0259 yard\u0131m edildi (FOTO) - Gallery Image\" \/><\/div>\n<div class=\"swiper-slide gallery-slide\" data-fancybox=\"1\" data-src=\"https:\/\/cdn.trend.az\/2020\/04\/16\/leyala_aliyeva_yardim_160420_4.jpg\"><img class=\"gallery-image\" src=\"https:\/\/cdn.trend.az\/2020\/04\/16\/leyala_aliyeva_yardim_160420_4.jpg\" alt=\"Leyla \u018fliyevan\u0131n t\u0259\u015f\u0259bb\u00fcs\u00fc il\u0259 azt\u0259minatl\u0131 ail\u0259l\u0259r\u0259 yard\u0131m edildi (FOTO) - Gallery Image\" \/><\/div>\n<div class=\"swiper-slide gallery-slide\" data-fancybox=\"1\" data-src=\"https:\/\/cdn.trend.az\/2020\/04\/16\/leyala_aliyeva_yardim_160420_5.jpg\"><img class=\"gallery-image\" src=\"https:\/\/cdn.trend.az\/2020\/04\/16\/leyala_aliyeva_yardim_160420_5.jpg\" alt=\"Leyla \u018fliyevan\u0131n t\u0259\u015f\u0259bb\u00fcs\u00fc il\u0259 azt\u0259minatl\u0131 ail\u0259l\u0259r\u0259 yard\u0131m edildi (FOTO) - Gallery Image\" \/><\/div>\n<div class=\"swiper-slide gallery-slide\" data-fancybox=\"1\" data-src=\"https:\/\/cdn.trend.az\/2020\/04\/16\/leyala_aliyeva_yardim_160420_6.jpg\"><img class=\"gallery-image\" src=\"https:\/\/cdn.trend.az\/2020\/04\/16\/leyala_aliyeva_yardim_160420_6.jpg\" alt=\"Leyla \u018fliyevan\u0131n t\u0259\u015f\u0259bb\u00fcs\u00fc il\u0259 azt\u0259minatl\u0131 ail\u0259l\u0259r\u0259 yard\u0131m edildi (FOTO) - Gallery Image\" \/><\/div>\n<\/div>\n<div class=\"swiper-prev swiper-button-disabled\" tabindex=\"0\" role=\"button\" aria-label=\"Previous slide\" aria-disabled=\"true\"><\/div>\n<div class=\"swiper-next\" tabindex=\"0\" role=\"button\" aria-label=\"Next slide\" aria-disabled=\"false\"><\/div>\n<\/div>\n<\/div>\n<div class=\"thumbs-gallery\">\n<div class=\"swiper-container thumbs-swiper swiper-container-initialized swiper-container-horizontal swiper-container-free-mode swiper-container-thumbs\">\n<div class=\"swiper-wrapper\">\n<div class=\"swiper-slide thumbs-slide swiper-slide-thumb-active swiper-slide-visible swiper-slide-active\"><img class=\"gallery-thumb\" src=\"https:\/\/cdn.trend.az\/2020\/04\/16\/gallery_thumbs\/leyala_aliyeva_yardim_160420_1.jpg\" alt=\"Leyla \u018fliyevan\u0131n t\u0259\u015f\u0259bb\u00fcs\u00fc il\u0259 azt\u0259minatl\u0131 ail\u0259l\u0259r\u0259 yard\u0131m edildi (FOTO) - Gallery Thumbnail\" \/><\/div>\n<div class=\"swiper-slide thumbs-slide swiper-slide-visible swiper-slide-next\"><img class=\"gallery-thumb\" src=\"https:\/\/cdn.trend.az\/2020\/04\/16\/gallery_thumbs\/leyala_aliyeva_yardim_160420_2.jpg\" alt=\"Leyla \u018fliyevan\u0131n t\u0259\u015f\u0259bb\u00fcs\u00fc il\u0259 azt\u0259minatl\u0131 ail\u0259l\u0259r\u0259 yard\u0131m edildi (FOTO) - Gallery Thumbnail\" \/><\/div>\n<div class=\"swiper-slide thumbs-slide swiper-slide-visible\"><img class=\"gallery-thumb\" src=\"https:\/\/cdn.trend.az\/2020\/04\/16\/gallery_thumbs\/leyala_aliyeva_yardim_160420_3.jpg\" alt=\"Leyla \u018fliyevan\u0131n t\u0259\u015f\u0259bb\u00fcs\u00fc il\u0259 azt\u0259minatl\u0131 ail\u0259l\u0259r\u0259 yard\u0131m edildi (FOTO) - Gallery Thumbnail\" \/><\/div>\n<div class=\"swiper-slide thumbs-slide swiper-slide-visible\"><img class=\"gallery-thumb\" src=\"https:\/\/cdn.trend.az\/2020\/04\/16\/gallery_thumbs\/leyala_aliyeva_yardim_160420_4.jpg\" alt=\"Leyla \u018fliyevan\u0131n t\u0259\u015f\u0259bb\u00fcs\u00fc il\u0259 azt\u0259minatl\u0131 ail\u0259l\u0259r\u0259 yard\u0131m edildi (FOTO) - Gallery Thumbnail\" \/><\/div>\n<div class=\"swiper-slide thumbs-slide swiper-slide-visible\"><img class=\"gallery-thumb\" src=\"https:\/\/cdn.trend.az\/2020\/04\/16\/gallery_thumbs\/leyala_aliyeva_yardim_160420_5.jpg\" alt=\"Leyla \u018fliyevan\u0131n t\u0259\u015f\u0259bb\u00fcs\u00fc il\u0259 azt\u0259minatl\u0131 ail\u0259l\u0259r\u0259 yard\u0131m edildi (FOTO) - Gallery Thumbnail\" \/><\/div>\n<div class=\"swiper-slide thumbs-slide swiper-slide-visible\"><img class=\"gallery-thumb\" src=\"https:\/\/cdn.trend.az\/2020\/04\/16\/gallery_thumbs\/leyala_aliyeva_yardim_160420_6.jpg\" alt=\"Leyla \u018fliyevan\u0131n t\u0259\u015f\u0259bb\u00fcs\u00fc il\u0259 azt\u0259minatl\u0131 ail\u0259l\u0259r\u0259 yard\u0131m edildi (FOTO) - Gallery Thumbnail\" \/><\/div>\n<\/div>\n<\/div>\n<\/div>\n","protected":false},"excerpt":{"rendered":"<p>Heyd\u0259r \u018fliyev Fondunun vitse-prezidenti Leyla \u018fliyevan\u0131n t\u0259\u015f\u0259bb\u00fcs\u00fc il\u0259 Bak\u0131da azt\u0259minatl\u0131 ail\u0259l\u0259r\u0259 m\u00fcxt\u0259lif \u0259rzaq m\u0259hsullar\u0131ndan ibar\u0259t yard\u0131m ba\u011flamalar\u0131 t\u0259qdim olunub. Trend-in m\u0259lumat\u0131na g\u00f6r\u0259, koronavirus (COVID-19) x\u0259st\u0259liyi il\u0259 \u0259laq\u0259dar \u00f6lk\u0259d\u0259 t\u0259tbiq olunan x\u00fcsusi karantin g\u00fcnl\u0259rind\u0259 Heyd\u0259r \u018fliyev Fondu t\u0259r\u0259find\u0259n \u00f6lk\u0259 \u00fczr\u0259 azt\u0259minatl\u0131 ail\u0259l\u0259r\u0259 m\u00fcxt\u0259lif yard\u0131m paylar\u0131 \u00e7atd\u0131r\u0131l\u0131r. Xat\u0131rladaq ki, Heyd\u0259r \u018fliyev Fondu f\u0259aliyy\u0259ti \u00e7\u0259r\u00e7iv\u0259sind\u0259 m\u00fct\u0259madi olaraq azt\u0259minatl\u0131 ail\u0259l\u0259r\u0259, x\u00fcsusi qay\u011f\u0131ya ehtiyac\u0131 olan \u015f\u0259xsl\u0259r\u0259 y\u00f6n\u0259lik m\u00fcxt\u0259lif layih\u0259l\u0259r h\u0259yata ke\u00e7irir.<\/p>\n","protected":false},"author":2,"featured_media":151517,"comment_status":"closed","ping_status":"closed","sticky":false,"template":"","format":"standard","meta":{"om_disable_all_campaigns":false,"_monsterinsights_skip_tracking":false,"_monsterinsights_sitenote_active":false,"_monsterinsights_sitenote_note":"","_monsterinsights_sitenote_category":0},"categories":[1],"tags":[],"aioseo_notices":[],"gutentor_comment":0,"rttpg_featured_image_url":{"full":["https:\/\/arantv.az\/wp-content\/uploads\/2020\/04\/leyla_aliyeva_mainphoto_101012.jpg",660,494,false],"landscape":["https:\/\/arantv.az\/wp-content\/uploads\/2020\/04\/leyla_aliyeva_mainphoto_101012.jpg",660,494,false],"portraits":["https:\/\/arantv.az\/wp-content\/uploads\/2020\/04\/leyla_aliyeva_mainphoto_101012.jpg",660,494,false],"thumbnail":["https:\/\/arantv.az\/wp-content\/uploads\/2020\/04\/leyla_aliyeva_mainphoto_101012-150x150.jpg",150,150,true],"medium":["https:\/\/arantv.az\/wp-content\/uploads\/2020\/04\/leyla_aliyeva_mainphoto_101012-300x225.jpg",300,225,true],"large":["https:\/\/arantv.az\/wp-content\/uploads\/2020\/04\/leyla_aliyeva_mainphoto_101012.jpg",640,479,false],"1536x1536":["https:\/\/arantv.az\/wp-content\/uploads\/2020\/04\/leyla_aliyeva_mainphoto_101012.jpg",660,494,false],"2048x2048":["https:\/\/arantv.az\/wp-content\/uploads\/2020\/04\/leyla_aliyeva_mainphoto_101012.jpg",660,494,false],"post-thumbnail":["https:\/\/arantv.az\/wp-content\/uploads\/2020\/04\/leyla_aliyeva_mainphoto_101012-240x172.jpg",240,172,true],"advps-thumb-one":["https:\/\/arantv.az\/wp-content\/uploads\/2020\/04\/leyla_aliyeva_mainphoto_101012.jpg",660,494,false]},"rttpg_author":{"display_name":"V\u00fcsal Rafiqo\u011flu","author_link":"https:\/\/arantv.az\/?author=2"},"rttpg_comment":0,"rttpg_category":"<a href=\"https:\/\/arantv.az\/?cat=1\" rel=\"category\">C\u0259miyy\u0259t<\/a>","rttpg_excerpt":"Heyd\u0259r \u018fliyev Fondunun vitse-prezidenti Leyla \u018fliyevan\u0131n t\u0259\u015f\u0259bb\u00fcs\u00fc il\u0259 Bak\u0131da azt\u0259minatl\u0131 ail\u0259l\u0259r\u0259 m\u00fcxt\u0259lif \u0259rzaq m\u0259hsullar\u0131ndan ibar\u0259t yard\u0131m ba\u011flamalar\u0131 t\u0259qdim olunub. Trend-in m\u0259lumat\u0131na g\u00f6r\u0259, koronavirus (COVID-19) x\u0259st\u0259liyi il\u0259 \u0259laq\u0259dar \u00f6lk\u0259d\u0259 t\u0259tbiq olunan x\u00fcsusi karantin g\u00fcnl\u0259rind\u0259 Heyd\u0259r \u018fliyev Fondu t\u0259r\u0259find\u0259n \u00f6lk\u0259 \u00fczr\u0259 azt\u0259minatl\u0131 ail\u0259l\u0259r\u0259 m\u00fcxt\u0259lif yard\u0131m paylar\u0131 \u00e7atd\u0131r\u0131l\u0131r. Xat\u0131rladaq ki, Heyd\u0259r \u018fliyev Fondu f\u0259aliyy\u0259ti \u00e7\u0259r\u00e7iv\u0259sind\u0259 m\u00fct\u0259madi olaraq azt\u0259minatl\u0131&hellip;","_links":{"self":[{"href":"https:\/\/arantv.az\/index.php?rest_route=\/wp\/v2\/posts\/151516"}],"collection":[{"href":"https:\/\/arantv.az\/index.php?rest_route=\/wp\/v2\/posts"}],"about":[{"href":"https:\/\/arantv.az\/index.php?rest_route=\/wp\/v2\/types\/post"}],"author":[{"embeddable":true,"href":"https:\/\/arantv.az\/index.php?rest_route=\/wp\/v2\/users\/2"}],"replies":[{"embeddable":true,"href":"https:\/\/arantv.az\/index.php?rest_route=%2Fwp%2Fv2%2Fcomments&post=151516"}],"version-history":[{"count":0,"href":"https:\/\/arantv.az\/index.php?rest_route=\/wp\/v2\/posts\/151516\/revisions"}],"wp:featuredmedia":[{"embeddable":true,"href":"https:\/\/arantv.az\/index.php?rest_route=\/wp\/v2\/media\/151517"}],"wp:attachment":[{"href":"https:\/\/arantv.az\/index.php?rest_route=%2Fwp%2Fv2%2Fmedia&parent=151516"}],"wp:term":[{"taxonomy":"category","embeddable":true,"href":"https:\/\/arantv.az\/index.php?rest_route=%2Fwp%2Fv2%2Fcategories&post=151516"},{"taxonomy":"post_tag","embeddable":true,"href":"https:\/\/arantv.az\/index.php?rest_route=%2Fwp%2Fv2%2Ftags&post=151516"}],"curies":[{"name":"wp","href":"https:\/\/api.w.org\/{rel}","templated":true}]}}