{"id":151528,"date":"2020-04-16T20:06:05","date_gmt":"2020-04-16T17:06:05","guid":{"rendered":"http:\/\/arantv.az\/?p=151528"},"modified":"2020-04-16T20:06:05","modified_gmt":"2020-04-16T17:06:05","slug":"bu-gun-turkiy%c9%99d%c9%99-koronavirusdan-daha-125-n%c9%99f%c9%99r-olub","status":"publish","type":"post","link":"https:\/\/arantv.az\/?p=151528","title":{"rendered":"Bu g\u00fcn T\u00fcrkiy\u0259d\u0259 koronavirusdan daha 125 n\u0259f\u0259r \u00f6l\u00fcb"},"content":{"rendered":"<p>Son sutka \u0259rzind\u0259 T\u00fcrkiy\u0259d\u0259 daha<strong>\u00a0<\/strong>125\u00a0n\u0259f\u0259r pandemiyan\u0131n qurban\u0131 olub.<\/p>\n<p>Bunu \u00f6lk\u0259nin s\u0259hiyy\u0259 naziri\u00a0F\u0259xr\u0259ddin\u00a0Qoca sosial media hesab\u0131nda deyib.<\/p>\n<div id=\"AdviadNativeVideo0\" class=\"AdviadNativeVideo\"><\/div>\n<p>Bununla da \u00f6lk\u0259d\u0259 koronavirusdan \u00f6l\u0259nl\u0259rin \u00fcmumi say\u0131\u00a01 643\u00a0n\u0259f\u0259r\u0259 \u00e7at\u0131b.<\/p>\n<div><iframe loading=\"lazy\" id=\"instagram-embed-0\" class=\"instagram-media instagram-media-rendered\" src=\"https:\/\/www.instagram.com\/p\/B_DGtnPlZZc\/embed\/captioned\/?cr=1&amp;v=12&amp;wp=540&amp;rd=https%3A%2F%2Foxu.az&amp;rp=%2Fworld%2F381037#%7B%22ci%22%3A0%2C%22os%22%3A3370.3949999999168%2C%22ls%22%3A3235.9200000000783%2C%22le%22%3A3365.2000000001863%7D\" width=\"300\" height=\"688\" frameborder=\"0\" scrolling=\"no\" allowfullscreen=\"allowfullscreen\" data-instgrm-payload-id=\"instagram-media-payload-0\" data-mce-fragment=\"1\"><\/iframe><\/div>\n","protected":false},"excerpt":{"rendered":"<p>Son sutka \u0259rzind\u0259 T\u00fcrkiy\u0259d\u0259 daha\u00a0125\u00a0n\u0259f\u0259r pandemiyan\u0131n qurban\u0131 olub. Bunu \u00f6lk\u0259nin s\u0259hiyy\u0259 naziri\u00a0F\u0259xr\u0259ddin\u00a0Qoca sosial media hesab\u0131nda deyib. Bununla da \u00f6lk\u0259d\u0259 koronavirusdan \u00f6l\u0259nl\u0259rin \u00fcmumi say\u0131\u00a01 643\u00a0n\u0259f\u0259r\u0259 \u00e7at\u0131b.<\/p>\n","protected":false},"author":2,"featured_media":151529,"comment_status":"closed","ping_status":"closed","sticky":false,"template":"","format":"standard","meta":{"om_disable_all_campaigns":false,"_monsterinsights_skip_tracking":false,"_monsterinsights_sitenote_active":false,"_monsterinsights_sitenote_note":"","_monsterinsights_sitenote_category":0},"categories":[7],"tags":[],"aioseo_notices":[],"gutentor_comment":0,"rttpg_featured_image_url":{"full":["https:\/\/arantv.az\/wp-content\/uploads\/2020\/04\/resized_877c5-6a42b07f37673004.jpg",620,348,false],"landscape":["https:\/\/arantv.az\/wp-content\/uploads\/2020\/04\/resized_877c5-6a42b07f37673004.jpg",620,348,false],"portraits":["https:\/\/arantv.az\/wp-content\/uploads\/2020\/04\/resized_877c5-6a42b07f37673004.jpg",620,348,false],"thumbnail":["https:\/\/arantv.az\/wp-content\/uploads\/2020\/04\/resized_877c5-6a42b07f37673004-150x150.jpg",150,150,true],"medium":["https:\/\/arantv.az\/wp-content\/uploads\/2020\/04\/resized_877c5-6a42b07f37673004-300x168.jpg",300,168,true],"large":["https:\/\/arantv.az\/wp-content\/uploads\/2020\/04\/resized_877c5-6a42b07f37673004.jpg",620,348,false],"1536x1536":["https:\/\/arantv.az\/wp-content\/uploads\/2020\/04\/resized_877c5-6a42b07f37673004.jpg",620,348,false],"2048x2048":["https:\/\/arantv.az\/wp-content\/uploads\/2020\/04\/resized_877c5-6a42b07f37673004.jpg",620,348,false],"post-thumbnail":["https:\/\/arantv.az\/wp-content\/uploads\/2020\/04\/resized_877c5-6a42b07f37673004-240x172.jpg",240,172,true],"advps-thumb-one":["https:\/\/arantv.az\/wp-content\/uploads\/2020\/04\/resized_877c5-6a42b07f37673004.jpg",620,348,false]},"rttpg_author":{"display_name":"V\u00fcsal Rafiqo\u011flu","author_link":"https:\/\/arantv.az\/?author=2"},"rttpg_comment":0,"rttpg_category":"<a href=\"https:\/\/arantv.az\/?cat=7\" rel=\"category\">D\u00fcnya<\/a>","rttpg_excerpt":"Son sutka \u0259rzind\u0259 T\u00fcrkiy\u0259d\u0259 daha\u00a0125\u00a0n\u0259f\u0259r pandemiyan\u0131n qurban\u0131 olub. Bunu \u00f6lk\u0259nin s\u0259hiyy\u0259 naziri\u00a0F\u0259xr\u0259ddin\u00a0Qoca sosial media hesab\u0131nda deyib. Bununla da \u00f6lk\u0259d\u0259 koronavirusdan \u00f6l\u0259nl\u0259rin \u00fcmumi say\u0131\u00a01 643\u00a0n\u0259f\u0259r\u0259 \u00e7at\u0131b.","_links":{"self":[{"href":"https:\/\/arantv.az\/index.php?rest_route=\/wp\/v2\/posts\/151528"}],"collection":[{"href":"https:\/\/arantv.az\/index.php?rest_route=\/wp\/v2\/posts"}],"about":[{"href":"https:\/\/arantv.az\/index.php?rest_route=\/wp\/v2\/types\/post"}],"author":[{"embeddable":true,"href":"https:\/\/arantv.az\/index.php?rest_route=\/wp\/v2\/users\/2"}],"replies":[{"embeddable":true,"href":"https:\/\/arantv.az\/index.php?rest_route=%2Fwp%2Fv2%2Fcomments&post=151528"}],"version-history":[{"count":0,"href":"https:\/\/arantv.az\/index.php?rest_route=\/wp\/v2\/posts\/151528\/revisions"}],"wp:featuredmedia":[{"embeddable":true,"href":"https:\/\/arantv.az\/index.php?rest_route=\/wp\/v2\/media\/151529"}],"wp:attachment":[{"href":"https:\/\/arantv.az\/index.php?rest_route=%2Fwp%2Fv2%2Fmedia&parent=151528"}],"wp:term":[{"taxonomy":"category","embeddable":true,"href":"https:\/\/arantv.az\/index.php?rest_route=%2Fwp%2Fv2%2Fcategories&post=151528"},{"taxonomy":"post_tag","embeddable":true,"href":"https:\/\/arantv.az\/index.php?rest_route=%2Fwp%2Fv2%2Ftags&post=151528"}],"curies":[{"name":"wp","href":"https:\/\/api.w.org\/{rel}","templated":true}]}}