{"id":151540,"date":"2020-04-16T23:33:02","date_gmt":"2020-04-16T20:33:02","guid":{"rendered":"http:\/\/arantv.az\/?p=151540"},"modified":"2020-04-16T23:33:02","modified_gmt":"2020-04-16T20:33:02","slug":"mehriban-%c9%99liyeva-gurcustana-minn%c9%99tdarligini-bildirib-foto","status":"publish","type":"post","link":"https:\/\/arantv.az\/?p=151540","title":{"rendered":"Mehriban \u018fliyeva G\u00fcrc\u00fcstana minn\u0259tdarl\u0131\u011f\u0131n\u0131 bildirib &#8211; FOTO"},"content":{"rendered":"<p>Az\u0259rbaycan Respublikas\u0131n\u0131n Birinci vitse-prezidenti Mehriban \u018fliyeva sosial media hesab\u0131nda Tbilisi televiziya q\u00fcll\u0259sinin\u00a0Az\u0259rbaycan bayra\u011f\u0131n\u0131n r\u0259ngl\u0259ri il\u0259 i\u015f\u0131qland\u0131r\u0131lmas\u0131 il\u0259 \u00f6lk\u0259miz\u0259 g\u00f6st\u0259rdiyi d\u0259st\u0259y\u0259 g\u00f6r\u0259 G\u00fcrc\u00fcstan Respublikas\u0131na minn\u0259tdarl\u0131\u011f\u0131n\u0131 bildirib.<\/p>\n<p>Payla\u015f\u0131mda deyilir:<\/p>\n<div id=\"AdviadNativeVideo0\" class=\"AdviadNativeVideo\"><\/div>\n<p>\u201cTarix\u0259n t\u0259\u015f\u0259kk\u00fcl tapm\u0131\u015f mehriban dostluq m\u00fcnasib\u0259tl\u0259rimiz olan G\u00fcrc\u00fcstana d\u0259rin minn\u0259tdarl\u0131\u011f\u0131m\u0131 bildirir\u0259m! \u00c7\u0259tin s\u0131naq anlar\u0131nda xalqlar\u0131n bir-birin\u0259 d\u0259st\u0259k g\u00f6st\u0259rm\u0259si \u2013 dostluq v\u0259 qarda\u015fl\u0131\u011f\u0131n \u0259n g\u00f6z\u0259l t\u0259zah\u00fcr\u00fcd\u00fcr. \u018fmin\u0259m ki, xalqlar\u0131m\u0131z\u0131n m\u00f6hk\u0259m irad\u0259si v\u0259 h\u0259mr\u0259yliyi say\u0259sind\u0259 biz d\u00fcnyam\u0131z\u0131n bu g\u00fcn \u00fczl\u0259\u015fdiyi b\u00fct\u00fcn \u00e7\u0259tinlikl\u0259ri tezlikl\u0259 gerid\u0259 qoyaca\u011f\u0131q! Ham\u0131ya m\u00f6hk\u0259m cansa\u011fl\u0131\u011f\u0131 arzulay\u0131ram!\u201d<\/p>\n<div><iframe loading=\"lazy\" id=\"instagram-embed-0\" class=\"instagram-media instagram-media-rendered\" src=\"https:\/\/www.instagram.com\/p\/B_DeFmHgo3T\/embed\/captioned\/?cr=1&amp;v=12&amp;wp=540&amp;rd=https%3A%2F%2Foxu.az&amp;rp=%2Fpolitics%2F381054#%7B%22ci%22%3A0%2C%22os%22%3A8624.164999997447%2C%22ls%22%3A4546.800000000076%2C%22le%22%3A8499.055000000226%7D\" width=\"300\" height=\"1167\" frameborder=\"0\" scrolling=\"no\" allowfullscreen=\"allowfullscreen\" data-instgrm-payload-id=\"instagram-media-payload-0\" data-mce-fragment=\"1\"><\/iframe><\/div>\n<p>&nbsp;<\/p>\n","protected":false},"excerpt":{"rendered":"<p>Az\u0259rbaycan Respublikas\u0131n\u0131n Birinci vitse-prezidenti Mehriban \u018fliyeva sosial media hesab\u0131nda Tbilisi televiziya q\u00fcll\u0259sinin\u00a0Az\u0259rbaycan bayra\u011f\u0131n\u0131n r\u0259ngl\u0259ri il\u0259 i\u015f\u0131qland\u0131r\u0131lmas\u0131 il\u0259 \u00f6lk\u0259miz\u0259 g\u00f6st\u0259rdiyi d\u0259st\u0259y\u0259 g\u00f6r\u0259 G\u00fcrc\u00fcstan Respublikas\u0131na minn\u0259tdarl\u0131\u011f\u0131n\u0131 bildirib. Payla\u015f\u0131mda deyilir: \u201cTarix\u0259n t\u0259\u015f\u0259kk\u00fcl tapm\u0131\u015f mehriban dostluq m\u00fcnasib\u0259tl\u0259rimiz olan G\u00fcrc\u00fcstana d\u0259rin minn\u0259tdarl\u0131\u011f\u0131m\u0131 bildirir\u0259m! \u00c7\u0259tin s\u0131naq anlar\u0131nda xalqlar\u0131n bir-birin\u0259 d\u0259st\u0259k g\u00f6st\u0259rm\u0259si \u2013 dostluq v\u0259 qarda\u015fl\u0131\u011f\u0131n \u0259n g\u00f6z\u0259l t\u0259zah\u00fcr\u00fcd\u00fcr. \u018fmin\u0259m ki, xalqlar\u0131m\u0131z\u0131n m\u00f6hk\u0259m irad\u0259si v\u0259 h\u0259mr\u0259yliyi say\u0259sind\u0259 biz d\u00fcnyam\u0131z\u0131n bu g\u00fcn \u00fczl\u0259\u015fdiyi b\u00fct\u00fcn \u00e7\u0259tinlikl\u0259ri tezlikl\u0259 gerid\u0259 qoyaca\u011f\u0131q! Ham\u0131ya m\u00f6hk\u0259m cansa\u011fl\u0131\u011f\u0131 arzulay\u0131ram!\u201d &nbsp;<\/p>\n","protected":false},"author":2,"featured_media":151541,"comment_status":"closed","ping_status":"closed","sticky":false,"template":"","format":"standard","meta":{"om_disable_all_campaigns":false,"_monsterinsights_skip_tracking":false,"_monsterinsights_sitenote_active":false,"_monsterinsights_sitenote_note":"","_monsterinsights_sitenote_category":0},"categories":[1],"tags":[],"aioseo_notices":[],"gutentor_comment":0,"rttpg_featured_image_url":{"full":["https:\/\/arantv.az\/wp-content\/uploads\/2020\/04\/1LADY.jpg",620,412,false],"landscape":["https:\/\/arantv.az\/wp-content\/uploads\/2020\/04\/1LADY.jpg",620,412,false],"portraits":["https:\/\/arantv.az\/wp-content\/uploads\/2020\/04\/1LADY.jpg",620,412,false],"thumbnail":["https:\/\/arantv.az\/wp-content\/uploads\/2020\/04\/1LADY-150x150.jpg",150,150,true],"medium":["https:\/\/arantv.az\/wp-content\/uploads\/2020\/04\/1LADY-300x199.jpg",300,199,true],"large":["https:\/\/arantv.az\/wp-content\/uploads\/2020\/04\/1LADY.jpg",620,412,false],"1536x1536":["https:\/\/arantv.az\/wp-content\/uploads\/2020\/04\/1LADY.jpg",620,412,false],"2048x2048":["https:\/\/arantv.az\/wp-content\/uploads\/2020\/04\/1LADY.jpg",620,412,false],"post-thumbnail":["https:\/\/arantv.az\/wp-content\/uploads\/2020\/04\/1LADY-240x172.jpg",240,172,true],"advps-thumb-one":["https:\/\/arantv.az\/wp-content\/uploads\/2020\/04\/1LADY.jpg",620,412,false]},"rttpg_author":{"display_name":"V\u00fcsal Rafiqo\u011flu","author_link":"https:\/\/arantv.az\/?author=2"},"rttpg_comment":0,"rttpg_category":"<a href=\"https:\/\/arantv.az\/?cat=1\" rel=\"category\">C\u0259miyy\u0259t<\/a>","rttpg_excerpt":"Az\u0259rbaycan Respublikas\u0131n\u0131n Birinci vitse-prezidenti Mehriban \u018fliyeva sosial media hesab\u0131nda Tbilisi televiziya q\u00fcll\u0259sinin\u00a0Az\u0259rbaycan bayra\u011f\u0131n\u0131n r\u0259ngl\u0259ri il\u0259 i\u015f\u0131qland\u0131r\u0131lmas\u0131 il\u0259 \u00f6lk\u0259miz\u0259 g\u00f6st\u0259rdiyi d\u0259st\u0259y\u0259 g\u00f6r\u0259 G\u00fcrc\u00fcstan Respublikas\u0131na minn\u0259tdarl\u0131\u011f\u0131n\u0131 bildirib. Payla\u015f\u0131mda deyilir: \u201cTarix\u0259n t\u0259\u015f\u0259kk\u00fcl tapm\u0131\u015f mehriban dostluq m\u00fcnasib\u0259tl\u0259rimiz olan G\u00fcrc\u00fcstana d\u0259rin minn\u0259tdarl\u0131\u011f\u0131m\u0131 bildirir\u0259m! \u00c7\u0259tin s\u0131naq anlar\u0131nda xalqlar\u0131n bir-birin\u0259 d\u0259st\u0259k g\u00f6st\u0259rm\u0259si \u2013 dostluq v\u0259 qarda\u015fl\u0131\u011f\u0131n \u0259n g\u00f6z\u0259l t\u0259zah\u00fcr\u00fcd\u00fcr. \u018fmin\u0259m ki, xalqlar\u0131m\u0131z\u0131n&hellip;","_links":{"self":[{"href":"https:\/\/arantv.az\/index.php?rest_route=\/wp\/v2\/posts\/151540"}],"collection":[{"href":"https:\/\/arantv.az\/index.php?rest_route=\/wp\/v2\/posts"}],"about":[{"href":"https:\/\/arantv.az\/index.php?rest_route=\/wp\/v2\/types\/post"}],"author":[{"embeddable":true,"href":"https:\/\/arantv.az\/index.php?rest_route=\/wp\/v2\/users\/2"}],"replies":[{"embeddable":true,"href":"https:\/\/arantv.az\/index.php?rest_route=%2Fwp%2Fv2%2Fcomments&post=151540"}],"version-history":[{"count":0,"href":"https:\/\/arantv.az\/index.php?rest_route=\/wp\/v2\/posts\/151540\/revisions"}],"wp:featuredmedia":[{"embeddable":true,"href":"https:\/\/arantv.az\/index.php?rest_route=\/wp\/v2\/media\/151541"}],"wp:attachment":[{"href":"https:\/\/arantv.az\/index.php?rest_route=%2Fwp%2Fv2%2Fmedia&parent=151540"}],"wp:term":[{"taxonomy":"category","embeddable":true,"href":"https:\/\/arantv.az\/index.php?rest_route=%2Fwp%2Fv2%2Fcategories&post=151540"},{"taxonomy":"post_tag","embeddable":true,"href":"https:\/\/arantv.az\/index.php?rest_route=%2Fwp%2Fv2%2Ftags&post=151540"}],"curies":[{"name":"wp","href":"https:\/\/api.w.org\/{rel}","templated":true}]}}