{"id":151703,"date":"2020-04-17T20:36:35","date_gmt":"2020-04-17T17:36:35","guid":{"rendered":"http:\/\/arantv.az\/?p=151703"},"modified":"2020-04-17T20:36:35","modified_gmt":"2020-04-17T17:36:35","slug":"h%c9%99kim-koronavirusla-bagli-inanilmaz-16-fakti-acdi","status":"publish","type":"post","link":"https:\/\/arantv.az\/?p=151703","title":{"rendered":"H\u0259kim koronavirusla ba\u011fl\u0131 inan\u0131lmaz 16 FAKTI A\u00c7DI"},"content":{"rendered":"<p>Dokuz Eyl\u00fcl Universitetinin pandemiya \u015f\u00f6b\u0259sinin m\u00fcdiri Yusif Sarvan COVID-19-un aylarla davam ed\u0259c\u0259yini a\u00e7\u0131qlay\u0131b.<\/p>\n<p>Publika.az x\u0259b\u0259r verir ki, tan\u0131nm\u0131\u015f h\u0259kim virusun yay aylar\u0131nda da s\u00fcr\u0259tl\u0259 yay\u0131laca\u011f\u0131 proqnozunu verib. H\u0259kimin koronavirusla ba\u011fl\u0131 etdiyi x\u0259d\u0259rdarl\u0131\u011f\u0131 t\u0259qdim edirik:<\/p>\n<p>Ne diyorsun doktor? Do\u00e7.Dr.Yusuf Sarvan: T\u00fcrkiye&#8217;de \u00f6l\u00fcm say\u0131s\u0131 &#8230;<\/p>\n<p>1. COVID-19 il\u0259 aylarla ya\u015fayaca\u011f\u0131q. Bunu inkar etm\u0259y\u0259k, \u00e7axna\u015fma da yaratmayaq. G\u0259lin h\u0259yat\u0131 laz\u0131ms\u0131z yer\u0259 \u00e7\u0259tinl\u0259\u015fdirm\u0259y\u0259k. Xo\u015fb\u0259xt olma\u011f\u0131 v\u0259 bu h\u0259qiq\u0259tl\u0259 ya\u015fama\u011f\u0131 \u00f6yr\u0259n\u0259k.<\/p>\n<p>2. Virusun t\u0259sirini yay azaltmayacaq. Art\u0131q Braziliya v\u0259 Argentinada yayd\u0131r, ancaq virus s\u00fcr\u0259tl\u0259 yay\u0131l\u0131r.<\/p>\n<p>3. \u00c7ox su i\u00e7m\u0259kl\u0259 h\u00fcceyr\u0259l\u0259r\u0259 n\u00fcfuz ed\u0259n koronavirusu m\u0259hv ed\u0259 bilm\u0259zsiniz, sad\u0259c\u0259 tualet\u0259 tez-tez ged\u0259c\u0259ksiniz.<\/p>\n<p>4. \u018fl yumaq v\u0259 1,8 metr m\u0259saf\u0259d\u0259 dayanmaq virusdan qorunmaq \u00fc\u00e7\u00fcn \u0259n yax\u015f\u0131 \u00fcsuldur. Evd\u0259 COVID-19 x\u0259st\u0259si yoxdursa, s\u0259thl\u0259ri dezinfeksiya etm\u0259k laz\u0131m deyil.<\/p>\n<p>5. Y\u00fck paketl\u0259ri, qaz nasoslar\u0131, al\u0131\u015f-veri\u015f arabalar\u0131 v\u0259 ya bankomatlar infeksiyaya s\u0259b\u0259b olmur. \u018fll\u0259rinizi yuyun, normal h\u0259yat s\u00fcr\u00fcn.<\/p>\n<p>6. Koronavirus qidadan qaynaqlanan infeksiya deyil. Qrip kimi hava-damc\u0131 yolu il\u0259 yay\u0131l\u0131r.<\/p>\n<div id=\"AdviadNativeVideo0\" class=\"AdviadNativeVideo\"><\/div>\n<p>7. Saunaya girm\u0259k h\u00fcceyr\u0259y\u0259 n\u00fcfuz ed\u0259n koronavirusu \u00f6ld\u00fcrm\u00fcr.<\/p>\n<p>8. Bir \u00e7ox allergiya v\u0259 viral infeksiya il\u0259 qoxu hissinizi itir\u0259 bil\u0259rsiniz. Bu, COVID-19 \u00fc\u00e7\u00fcn qeyri-spesifik simptomdur.<\/p>\n<p>9. Ev\u0259 g\u0259ldikd\u0259n sonra paltar\u0131n\u0131z\u0131 d\u0259yi\u015fdirm\u0259yiniz v\u0259 t\u0259cili olaraq du\u015f q\u0259bul etm\u0259yiniz laz\u0131m deyil.<\/p>\n<p>10. Koronavirus havada as\u0131lm\u0131r. Yax\u0131n t\u0259mas t\u0259l\u0259b ed\u0259n hava-damc\u0131 infeksiyas\u0131d\u0131r. Hava t\u0259mizdir; ba\u011flarda, parklarda (m\u0259saf\u0259 saxlayaraq) g\u0259z\u0259 bil\u0259rsiniz.<\/p>\n<p>11. COVID-19 irqi v\u0259 ya dini ay\u0131rm\u0131r, b\u00fct\u00fcn insanlara \u00f6t\u00fcr\u00fcl\u00fcr.<\/p>\n<p>12. Koronaya qar\u015f\u0131 adi sabun istifad\u0259 etm\u0259k kifay\u0259tdir, antibakterial sabun almaq m\u00fctl\u0259q deyil. Virus onsuz da bakteriya deyil.<\/p>\n<p>13. Yem\u0259k sifari\u015fl\u0259rinizd\u0259n narahat olmaq laz\u0131m deyil. Ancaq \u00e7ox narahat olsan\u0131z, bir az isid\u0259 bil\u0259rsiniz.<\/p>\n<p>14. COVID-19-u eviniz\u0259 ayaqqab\u0131 il\u0259 g\u0259tirm\u0259k v\u0259 x\u0259st\u0259l\u0259nm\u0259k \u015fans\u0131n\u0131z, g\u00fcnd\u0259 iki d\u0259f\u0259 sizi ild\u0131r\u0131m vurmas\u0131 il\u0259 eynidir. 20 ildir viruslara qar\u015f\u0131 i\u015fl\u0259yir\u0259m, hava-damc\u0131 infeksiyas\u0131 bu c\u00fcr yay\u0131lm\u0131r.<\/p>\n<p>15. Sirk\u0259, sumax, soda v\u0259 z\u0259nc\u0259fil virusdan qorumur.<\/p>\n<p>16. \u018flc\u0259k taxmaq pis fikirdir, virus \u0259lc\u0259kd\u0259 toplana bil\u0259r, \u00fcz\u00fcn\u00fcz\u0259 toxunsan\u0131z asanl\u0131qla \u00f6t\u00fcr\u00fcl\u0259 bil\u0259r. \u018fll\u0259rinizi yumaq \u0259n yax\u015f\u0131s\u0131d\u0131r.<\/p>\n","protected":false},"excerpt":{"rendered":"<p>Dokuz Eyl\u00fcl Universitetinin pandemiya \u015f\u00f6b\u0259sinin m\u00fcdiri Yusif Sarvan COVID-19-un aylarla davam ed\u0259c\u0259yini a\u00e7\u0131qlay\u0131b. Publika.az x\u0259b\u0259r verir ki, tan\u0131nm\u0131\u015f h\u0259kim virusun yay aylar\u0131nda da s\u00fcr\u0259tl\u0259 yay\u0131laca\u011f\u0131 proqnozunu verib. H\u0259kimin koronavirusla ba\u011fl\u0131 etdiyi x\u0259d\u0259rdarl\u0131\u011f\u0131 t\u0259qdim edirik: Ne diyorsun doktor? Do\u00e7.Dr.Yusuf Sarvan: T\u00fcrkiye&#8217;de \u00f6l\u00fcm say\u0131s\u0131 &#8230; 1. COVID-19 il\u0259 aylarla ya\u015fayaca\u011f\u0131q. Bunu inkar etm\u0259y\u0259k, \u00e7axna\u015fma da yaratmayaq. G\u0259lin h\u0259yat\u0131 laz\u0131ms\u0131z yer\u0259 \u00e7\u0259tinl\u0259\u015fdirm\u0259y\u0259k. Xo\u015fb\u0259xt olma\u011f\u0131 v\u0259 bu h\u0259qiq\u0259tl\u0259 ya\u015fama\u011f\u0131 \u00f6yr\u0259n\u0259k. 2. Virusun t\u0259sirini yay azaltmayacaq. Art\u0131q Braziliya v\u0259 Argentinada yayd\u0131r, ancaq virus s\u00fcr\u0259tl\u0259 yay\u0131l\u0131r. 3. \u00c7ox su i\u00e7m\u0259kl\u0259 h\u00fcceyr\u0259l\u0259r\u0259 n\u00fcfuz ed\u0259n koronavirusu m\u0259hv ed\u0259&hellip;<\/p>\n","protected":false},"author":2,"featured_media":151704,"comment_status":"closed","ping_status":"closed","sticky":false,"template":"","format":"standard","meta":{"om_disable_all_campaigns":false,"_monsterinsights_skip_tracking":false,"_monsterinsights_sitenote_active":false,"_monsterinsights_sitenote_note":"","_monsterinsights_sitenote_category":0},"categories":[13],"tags":[],"aioseo_notices":[],"gutentor_comment":0,"rttpg_featured_image_url":{"full":["https:\/\/arantv.az\/wp-content\/uploads\/2020\/04\/1587107929koronavirus-.jpg",549,309,false],"landscape":["https:\/\/arantv.az\/wp-content\/uploads\/2020\/04\/1587107929koronavirus-.jpg",549,309,false],"portraits":["https:\/\/arantv.az\/wp-content\/uploads\/2020\/04\/1587107929koronavirus-.jpg",549,309,false],"thumbnail":["https:\/\/arantv.az\/wp-content\/uploads\/2020\/04\/1587107929koronavirus--150x150.jpg",150,150,true],"medium":["https:\/\/arantv.az\/wp-content\/uploads\/2020\/04\/1587107929koronavirus--300x169.jpg",300,169,true],"large":["https:\/\/arantv.az\/wp-content\/uploads\/2020\/04\/1587107929koronavirus-.jpg",549,309,false],"1536x1536":["https:\/\/arantv.az\/wp-content\/uploads\/2020\/04\/1587107929koronavirus-.jpg",549,309,false],"2048x2048":["https:\/\/arantv.az\/wp-content\/uploads\/2020\/04\/1587107929koronavirus-.jpg",549,309,false],"post-thumbnail":["https:\/\/arantv.az\/wp-content\/uploads\/2020\/04\/1587107929koronavirus--240x172.jpg",240,172,true],"advps-thumb-one":["https:\/\/arantv.az\/wp-content\/uploads\/2020\/04\/1587107929koronavirus-.jpg",549,309,false]},"rttpg_author":{"display_name":"V\u00fcsal Rafiqo\u011flu","author_link":"https:\/\/arantv.az\/?author=2"},"rttpg_comment":0,"rttpg_category":"<a href=\"https:\/\/arantv.az\/?cat=13\" rel=\"category\">Bizim h\u0259kim<\/a>","rttpg_excerpt":"Dokuz Eyl\u00fcl Universitetinin pandemiya \u015f\u00f6b\u0259sinin m\u00fcdiri Yusif Sarvan COVID-19-un aylarla davam ed\u0259c\u0259yini a\u00e7\u0131qlay\u0131b. Publika.az x\u0259b\u0259r verir ki, tan\u0131nm\u0131\u015f h\u0259kim virusun yay aylar\u0131nda da s\u00fcr\u0259tl\u0259 yay\u0131laca\u011f\u0131 proqnozunu verib. H\u0259kimin koronavirusla ba\u011fl\u0131 etdiyi x\u0259d\u0259rdarl\u0131\u011f\u0131 t\u0259qdim edirik: Ne diyorsun doktor? Do\u00e7.Dr.Yusuf Sarvan: T\u00fcrkiye&#8217;de \u00f6l\u00fcm say\u0131s\u0131 &#8230; 1. COVID-19 il\u0259 aylarla ya\u015fayaca\u011f\u0131q. Bunu inkar etm\u0259y\u0259k, \u00e7axna\u015fma da yaratmayaq. G\u0259lin&hellip;","_links":{"self":[{"href":"https:\/\/arantv.az\/index.php?rest_route=\/wp\/v2\/posts\/151703"}],"collection":[{"href":"https:\/\/arantv.az\/index.php?rest_route=\/wp\/v2\/posts"}],"about":[{"href":"https:\/\/arantv.az\/index.php?rest_route=\/wp\/v2\/types\/post"}],"author":[{"embeddable":true,"href":"https:\/\/arantv.az\/index.php?rest_route=\/wp\/v2\/users\/2"}],"replies":[{"embeddable":true,"href":"https:\/\/arantv.az\/index.php?rest_route=%2Fwp%2Fv2%2Fcomments&post=151703"}],"version-history":[{"count":0,"href":"https:\/\/arantv.az\/index.php?rest_route=\/wp\/v2\/posts\/151703\/revisions"}],"wp:featuredmedia":[{"embeddable":true,"href":"https:\/\/arantv.az\/index.php?rest_route=\/wp\/v2\/media\/151704"}],"wp:attachment":[{"href":"https:\/\/arantv.az\/index.php?rest_route=%2Fwp%2Fv2%2Fmedia&parent=151703"}],"wp:term":[{"taxonomy":"category","embeddable":true,"href":"https:\/\/arantv.az\/index.php?rest_route=%2Fwp%2Fv2%2Fcategories&post=151703"},{"taxonomy":"post_tag","embeddable":true,"href":"https:\/\/arantv.az\/index.php?rest_route=%2Fwp%2Fv2%2Ftags&post=151703"}],"curies":[{"name":"wp","href":"https:\/\/api.w.org\/{rel}","templated":true}]}}