{"id":151726,"date":"2020-04-17T21:47:24","date_gmt":"2020-04-17T18:47:24","guid":{"rendered":"http:\/\/arantv.az\/?p=151726"},"modified":"2020-04-17T21:47:24","modified_gmt":"2020-04-17T18:47:24","slug":"bu-proses-olk%c9%99d%c9%99-siyasi-prularizmin-v%c9%99-f%c9%99rqli-dusunc%c9%99nin-inkisafina-t%c9%99kan-ver%c9%99c%c9%99kdir-cingiz-bayramov","status":"publish","type":"post","link":"https:\/\/arantv.az\/?p=151726","title":{"rendered":"Bu proses \u00f6lk\u0259d\u0259 siyasi pr\u00fclarizmin v\u0259 f\u0259rqli d\u00fc\u015f\u00fcnc\u0259nin inki\u015faf\u0131na t\u0259kan ver\u0259c\u0259kdir &#8211; \u00c7ingiz Bayramov"},"content":{"rendered":"<p>He\u00e7 \u015f\u00fcbh\u0259siz ki, demokratik c\u0259miyy\u0259tl\u0259rin \u0259sas g\u00f6st\u0259ricil\u0259rind\u0259n biri d\u0259 siyasi partiyalard\u0131r. \u018fminlikl\u0259 dey\u0259 bil\u0259rik ki, Az\u0259rbaycanda olan \u00e7oxpartiyal\u0131 siyasi sistem say\u0259sind\u0259 c\u0259miyy\u0259td\u0259 m\u00fcxt\u0259lif siyasi fikirl\u0259rin \u00e7atd\u0131rilmas\u0131 \u00fc\u00e7\u00fcn \u0259lveri\u015fli \u015f\u0259rait yarad\u0131l\u0131b.<\/p>\n<p>ARANTV.AZ\u00a0<a href=\"http:\/\/az.trend.az\/\" target=\"_blank\" rel=\"noopener\">Trend<\/a>-\u0259 istinad\u0259n bildirir ki, bu s\u00f6zl\u0259ri &#8220;T\u00fcrkiy\u0259 Universitetl\u0259ri&#8221; M\u0259zunlar\u0131 \u0130ctimai Birliyinin (TUM\u0130B) s\u0259dri, politoloq \u00c7ingiz Bayramov deyib.<\/p>\n<p>Bildirib ki, h\u00fcquqi d\u00f6vl\u0259tin varl\u0131\u011f\u0131n\u0131n g\u00f6st\u0259ricil\u0259rind\u0259n olan v\u0259t\u0259nda\u015f c\u0259miyy\u0259tinin inki\u015faf\u0131na v\u0259 siyasi partiyalar\u0131n f\u0259aliyy\u0259tin\u0259 tam \u015f\u0259rait yarad\u0131l\u0131b: &#8220;Son parlament se\u00e7kil\u0259rind\u0259n sonra Milli M\u0259clisin formala\u015fmas\u0131nda \u00f6lk\u0259d\u0259 f\u0259aliyy\u0259t g\u00f6st\u0259n bir \u00e7ox siyasi partiya t\u0259msil\u00e7isinin i\u015ftirak\u0131, h\u0259tta r\u0259hb\u0259r v\u0259zif\u0259l\u0259rd\u0259 yer tutmas\u0131 Az\u0259rbaycanda demokratik c\u0259miyy\u0259tin m\u00f6vcudlu\u011funu t\u0259sdiq ed\u0259n \u0259sas amill\u0259rd\u0259ndir. Bu, Prezident \u0130lham \u018fliyevin \u00f6lk\u0259d\u0259 f\u0259aliyy\u0259t g\u00f6st\u0259r\u0259n b\u00fct\u00fcn siyasi partiyalar\u0131n d\u00f6vl\u0259timizin siyasi h\u0259yat\u0131nda daha aktiv rol almas\u0131 \u00fc\u00e7\u00fcn yaratrd\u0131\u011f\u0131 \u015f\u0259raitin n\u0259tic\u0259sidir. Az\u0259rbaycanda demokratiya, insan h\u00fcquq v\u0259 azadl\u0131qlar\u0131na veril\u0259n \u0259h\u0259miyy\u0259tin beyn\u0259lxalq t\u0259\u015fkilatlar t\u0259r\u0259find\u0259n y\u00fcks\u0259k qiym\u0259tl\u0259ndirilm\u0259sinin \u0259sas s\u0259b\u0259bl\u0259rind\u0259n biri d\u0259 h\u00fcququn \u00fcst\u00fcnl\u00fcy\u00fcd\u00fcr&#8221;.<\/p>\n<p>Politoloq qeyd edib ki, Azad Demokratlar Partiyas\u0131n\u0131n v\u0259 Yeni Zaman Partiyas\u0131n\u0131n \u018fdiliyy\u0259 Nazirliyi t\u0259r\u0259find\u0259n d\u00f6vl\u0259t qeydiyyat\u0131na al\u0131nmas\u0131 bar\u0259d\u0259 q\u0259rar q\u0259bul edilm\u0259si \u00f6lk\u0259d\u0259 siyasi pr\u00fclarizm v\u0259 f\u0259rqli siyasi d\u00fc\u015f\u00fcnc\u0259l\u0259rin daha da inki\u015faf\u0131na t\u0259kan ver\u0259c\u0259kdir: &#8220;He\u00e7 \u015f\u00fcbh\u0259siz ki, bu proses d\u00f6vl\u0259t ba\u015f\u00e7\u0131s\u0131 t\u0259r\u0259find\u0259n ba\u015flad\u0131lan siyasi islahatlar\u0131n c\u0259miyy\u0259tin b\u00fct\u00fcn t\u0259b\u0259q\u0259sin\u0259 geni\u015f yay\u0131lmas\u0131n\u0131n t\u0259zah\u00fc\u00fcrd\u00fcr. Az\u0259rbaycan d\u00f6vl\u0259tinin maraqlar\u0131n\u0131n qorunmas\u0131nda b\u00fct\u00fcn siyasi partiyalarla dialoqun qurulmas\u0131 v\u0259 faydal\u0131 m\u00fcxalif d\u00fc\u015f\u00fcnc\u0259nin \u00f6lk\u0259mizin inki\u015faf\u0131na y\u00f6n\u0259ldilm\u0259si d\u00f6vl\u0259timizin daha g\u00fccl\u00fc olmas\u0131na t\u0259kan ver\u0259c\u0259kdir. Bu m\u00fcst\u0259vid\u0259 iqtidar &#8211; m\u00fcxalif\u0259t dialoqunun daha da intensivl\u0259\u015fm\u0259si, milli m\u0259s\u0259l\u0259l\u0259rd\u0259 h\u0259mr\u0259ylik v\u0259 milli maraqlar\u0131m\u0131z namin\u0259 ortaq platformalarda bir araya g\u0259lm\u0259k \u00f6lk\u0259mizd\u0259 azad c\u0259miyy\u0259tin daha da inki\u015faf\u0131na xidm\u0259t ed\u0259c\u0259kdir&#8221;.<\/p>\n","protected":false},"excerpt":{"rendered":"<p>He\u00e7 \u015f\u00fcbh\u0259siz ki, demokratik c\u0259miyy\u0259tl\u0259rin \u0259sas g\u00f6st\u0259ricil\u0259rind\u0259n biri d\u0259 siyasi partiyalard\u0131r. \u018fminlikl\u0259 dey\u0259 bil\u0259rik ki, Az\u0259rbaycanda olan \u00e7oxpartiyal\u0131 siyasi sistem say\u0259sind\u0259 c\u0259miyy\u0259td\u0259 m\u00fcxt\u0259lif siyasi fikirl\u0259rin \u00e7atd\u0131rilmas\u0131 \u00fc\u00e7\u00fcn \u0259lveri\u015fli \u015f\u0259rait yarad\u0131l\u0131b. ARANTV.AZ\u00a0Trend-\u0259 istinad\u0259n bildirir ki, bu s\u00f6zl\u0259ri &#8220;T\u00fcrkiy\u0259 Universitetl\u0259ri&#8221; M\u0259zunlar\u0131 \u0130ctimai Birliyinin (TUM\u0130B) s\u0259dri, politoloq \u00c7ingiz Bayramov deyib. Bildirib ki, h\u00fcquqi d\u00f6vl\u0259tin varl\u0131\u011f\u0131n\u0131n g\u00f6st\u0259ricil\u0259rind\u0259n olan v\u0259t\u0259nda\u015f c\u0259miyy\u0259tinin inki\u015faf\u0131na v\u0259 siyasi partiyalar\u0131n f\u0259aliyy\u0259tin\u0259 tam \u015f\u0259rait yarad\u0131l\u0131b: &#8220;Son parlament se\u00e7kil\u0259rind\u0259n sonra Milli M\u0259clisin formala\u015fmas\u0131nda \u00f6lk\u0259d\u0259 f\u0259aliyy\u0259t g\u00f6st\u0259n bir \u00e7ox siyasi partiya t\u0259msil\u00e7isinin i\u015ftirak\u0131, h\u0259tta r\u0259hb\u0259r v\u0259zif\u0259l\u0259rd\u0259 yer tutmas\u0131 Az\u0259rbaycanda demokratik c\u0259miyy\u0259tin m\u00f6vcudlu\u011funu t\u0259sdiq&hellip;<\/p>\n","protected":false},"author":2,"featured_media":151727,"comment_status":"closed","ping_status":"closed","sticky":false,"template":"","format":"standard","meta":{"om_disable_all_campaigns":false,"_monsterinsights_skip_tracking":false,"_monsterinsights_sitenote_active":false,"_monsterinsights_sitenote_note":"","_monsterinsights_sitenote_category":0},"categories":[19],"tags":[],"aioseo_notices":[],"gutentor_comment":0,"rttpg_featured_image_url":{"full":["https:\/\/arantv.az\/wp-content\/uploads\/2020\/04\/843010.jpg",640,640,false],"landscape":["https:\/\/arantv.az\/wp-content\/uploads\/2020\/04\/843010.jpg",640,640,false],"portraits":["https:\/\/arantv.az\/wp-content\/uploads\/2020\/04\/843010.jpg",640,640,false],"thumbnail":["https:\/\/arantv.az\/wp-content\/uploads\/2020\/04\/843010-150x150.jpg",150,150,true],"medium":["https:\/\/arantv.az\/wp-content\/uploads\/2020\/04\/843010-300x300.jpg",300,300,true],"large":["https:\/\/arantv.az\/wp-content\/uploads\/2020\/04\/843010.jpg",640,640,false],"1536x1536":["https:\/\/arantv.az\/wp-content\/uploads\/2020\/04\/843010.jpg",640,640,false],"2048x2048":["https:\/\/arantv.az\/wp-content\/uploads\/2020\/04\/843010.jpg",640,640,false],"post-thumbnail":["https:\/\/arantv.az\/wp-content\/uploads\/2020\/04\/843010-240x172.jpg",240,172,true],"advps-thumb-one":["https:\/\/arantv.az\/wp-content\/uploads\/2020\/04\/843010-640x620.jpg",640,620,true]},"rttpg_author":{"display_name":"V\u00fcsal Rafiqo\u011flu","author_link":"https:\/\/arantv.az\/?author=2"},"rttpg_comment":0,"rttpg_category":"<a href=\"https:\/\/arantv.az\/?cat=19\" rel=\"category\">G\u00fcnd\u0259m<\/a>","rttpg_excerpt":"He\u00e7 \u015f\u00fcbh\u0259siz ki, demokratik c\u0259miyy\u0259tl\u0259rin \u0259sas g\u00f6st\u0259ricil\u0259rind\u0259n biri d\u0259 siyasi partiyalard\u0131r. \u018fminlikl\u0259 dey\u0259 bil\u0259rik ki, Az\u0259rbaycanda olan \u00e7oxpartiyal\u0131 siyasi sistem say\u0259sind\u0259 c\u0259miyy\u0259td\u0259 m\u00fcxt\u0259lif siyasi fikirl\u0259rin \u00e7atd\u0131rilmas\u0131 \u00fc\u00e7\u00fcn \u0259lveri\u015fli \u015f\u0259rait yarad\u0131l\u0131b. ARANTV.AZ\u00a0Trend-\u0259 istinad\u0259n bildirir ki, bu s\u00f6zl\u0259ri &#8220;T\u00fcrkiy\u0259 Universitetl\u0259ri&#8221; M\u0259zunlar\u0131 \u0130ctimai Birliyinin (TUM\u0130B) s\u0259dri, politoloq \u00c7ingiz Bayramov deyib. Bildirib ki, h\u00fcquqi d\u00f6vl\u0259tin varl\u0131\u011f\u0131n\u0131n g\u00f6st\u0259ricil\u0259rind\u0259n olan v\u0259t\u0259nda\u015f&hellip;","_links":{"self":[{"href":"https:\/\/arantv.az\/index.php?rest_route=\/wp\/v2\/posts\/151726"}],"collection":[{"href":"https:\/\/arantv.az\/index.php?rest_route=\/wp\/v2\/posts"}],"about":[{"href":"https:\/\/arantv.az\/index.php?rest_route=\/wp\/v2\/types\/post"}],"author":[{"embeddable":true,"href":"https:\/\/arantv.az\/index.php?rest_route=\/wp\/v2\/users\/2"}],"replies":[{"embeddable":true,"href":"https:\/\/arantv.az\/index.php?rest_route=%2Fwp%2Fv2%2Fcomments&post=151726"}],"version-history":[{"count":0,"href":"https:\/\/arantv.az\/index.php?rest_route=\/wp\/v2\/posts\/151726\/revisions"}],"wp:featuredmedia":[{"embeddable":true,"href":"https:\/\/arantv.az\/index.php?rest_route=\/wp\/v2\/media\/151727"}],"wp:attachment":[{"href":"https:\/\/arantv.az\/index.php?rest_route=%2Fwp%2Fv2%2Fmedia&parent=151726"}],"wp:term":[{"taxonomy":"category","embeddable":true,"href":"https:\/\/arantv.az\/index.php?rest_route=%2Fwp%2Fv2%2Fcategories&post=151726"},{"taxonomy":"post_tag","embeddable":true,"href":"https:\/\/arantv.az\/index.php?rest_route=%2Fwp%2Fv2%2Ftags&post=151726"}],"curies":[{"name":"wp","href":"https:\/\/api.w.org\/{rel}","templated":true}]}}