{"id":151728,"date":"2020-04-17T21:48:32","date_gmt":"2020-04-17T18:48:32","guid":{"rendered":"http:\/\/arantv.az\/?p=151728"},"modified":"2020-04-17T21:48:32","modified_gmt":"2020-04-17T18:48:32","slug":"avropanin-nufuzlu-beyin-m%c9%99rk%c9%99zi-italiya-ozunun-q%c9%99rbd%c9%99-az%c9%99rbaycanin-%c9%99sas-t%c9%99r%c9%99f-muqabili-oldugunu-gost%c9%99rdi","status":"publish","type":"post","link":"https:\/\/arantv.az\/?p=151728","title":{"rendered":"Avropan\u0131n n\u00fcfuzlu beyin m\u0259rk\u0259zi: \u0130taliya \u00f6z\u00fcn\u00fcn Q\u0259rbd\u0259 Az\u0259rbaycan\u0131n \u0259sas t\u0259r\u0259f m\u00fcqabili oldu\u011funu g\u00f6st\u0259rdi"},"content":{"rendered":"<p>Avropan\u0131n n\u00fcfuzlu beyin m\u0259rk\u0259zl\u0259rind\u0259n olan Avropa Xarici \u018flaq\u0259l\u0259r \u015euras\u0131n\u0131n (ECFR) internet s\u0259hif\u0259sind\u0259 italyan v\u0259 ingilis dill\u0259rind\u0259 \u0130taliya Beyn\u0259lxalq Siyasi Ara\u015fd\u0131rmalar \u0130nstitutunda (ISPI) v\u0259 Venesiya Ka Foskari Universitetind\u0259 post-sovet m\u0259kan\u0131 \u00fczr\u0259 t\u0259dqiqat\u00e7\u0131 Karlo Frappinin &#8220;M\u00fctt\u0259fiqliy\u0259 yax\u0131n \u0259laq\u0259l\u0259r: \u0130taliyan\u0131n Az\u0259rbaycana v\u0259 Da\u011fl\u0131q Qaraba\u011f m\u00fcnaqi\u015f\u0259sin\u0259 yeni yana\u015fmas\u0131&#8221; adl\u0131 m\u0259qal\u0259si d\u0259rc olunub.<\/p>\n<p>ARANTV.AZ\u00a0<a href=\"http:\/\/az.trend.az\/\" target=\"_blank\" rel=\"noopener\">Trend<\/a>-\u0259 istinad\u0259n bildirir ki, m\u0259qal\u0259d\u0259 Az\u0259rbaycan Respublikas\u0131 Prezidenti \u0130lham \u018fliyevin cari ilin 19-22 fevral tarixl\u0259rind\u0259 \u0130taliya Respublikas\u0131na h\u0259yata ke\u00e7irilmi\u015f d\u00f6vl\u0259t s\u0259f\u0259rinin iki \u00f6lk\u0259 aras\u0131ndak\u0131 m\u00fcnasib\u0259tl\u0259rd\u0259 keyfiyy\u0259t s\u0131\u00e7ray\u0131\u015f\u0131na g\u0259tirib \u00e7\u0131xarmas\u0131, \u0130taliyan\u0131n Az\u0259rbaycanla m\u00fcnasib\u0259tl\u0259r\u0259 v\u0259 Erm\u0259nistan-Az\u0259rbaycan Da\u011fl\u0131q Qaraba\u011f m\u00fcnaqi\u015f\u0259sinin nizamlanmas\u0131na dair yeni bax\u0131\u015flar\u0131 v\u0259 Q\u0259rbd\u0259 Az\u0259rbaycan\u0131n \u0259sas t\u0259r\u0259fda\u015f\u0131na \u00e7evrilm\u0259si kimi m\u0259qamlar t\u0259hlil olunur.<\/p>\n<p>M\u0259qal\u0259nin Az\u0259rbaycan dilin\u0259 t\u0259rc\u00fcm\u0259si t\u0259qdim olunur:<\/p>\n<p><strong>&#8220;M\u00fctt\u0259fiqliy\u0259 yax\u0131n \u0259laq\u0259l\u0259r: \u0130taliyan\u0131n Az\u0259rbaycana v\u0259 Da\u011fl\u0131q Qaraba\u011f m\u00fcnaqi\u015f\u0259sin\u0259 yeni yana\u015fmas\u0131.<\/strong><\/p>\n<p><em>\u0130taliya v\u0259 Az\u0259rbaycan aras\u0131ndak\u0131 cari raz\u0131la\u015fmalar iqtisadi c\u0259h\u0259td\u0259n m\u00fch\u00fcm olsa da, onlar\u0131n siyasi \u00f6l\u00e7\u00fcs\u00fc, x\u00fcsusil\u0259 Da\u011fl\u0131q Qaraba\u011f m\u00fcnaqi\u015f\u0259sin\u0259 m\u00fcnasib\u0259td\u0259 daha da \u0259h\u0259miyy\u0259tlidir.<\/em><\/p>\n<p>Roma v\u0259 Bak\u0131 aras\u0131ndak\u0131 ikit\u0259r\u0259fli m\u00fcnasib\u0259tl\u0259rd\u0259 &#8220;keyfiyy\u0259t s\u0131\u00e7ray\u0131\u015f\u0131&#8221;: Prezident \u0130lham \u018fliyevin \u0130taliyaya 2020-ci ilin fevral ay\u0131ndak\u0131 d\u00f6vl\u0259t s\u0259f\u0259rini t\u0259svir etm\u0259k \u00fc\u00e7\u00fcn \u0259n \u00e7ox bu ifad\u0259d\u0259n istifad\u0259 olunur. S\u0259f\u0259r Az\u0259rbaycan\u0131n m\u00fcasir tarixind\u0259, beyn\u0259lxalq m\u00fcnasib\u0259tl\u0259rind\u0259 misilsiz olmaqla \u00f6z\u00fcn\u0259m\u0259xsus xarakter da\u015f\u0131y\u0131r. S\u0259f\u0259r zaman\u0131 imzalanm\u0131\u015f \u00e7oxsayl\u0131 sazi\u015fl\u0259rin \u0130taliya-Az\u0259rbaycan m\u00fcnasib\u0259tl\u0259rin\u0259 t\u0259sirini qiym\u0259tl\u0259ndirm\u0259m\u0259k olduqca \u00e7\u0259tindir. \u0130ki \u00f6lk\u0259 aras\u0131nda s\u0259f\u0259r zaman\u0131 imzalanm\u0131\u015f sazi\u015fl\u0259r, el\u0259c\u0259 d\u0259 \u0130taliya Xarici \u0130\u015fl\u0259r Nazirliyinin ev sahibliyi etdiyi Biznes Forumda \u00e7\u0131x\u0131\u015f etmi\u015f Prezident \u0130lham \u018fliyevi m\u00fc\u015fayi\u0259t ed\u0259n Az\u0259rbaycan n\u00fcmay\u0259nd\u0259 hey\u0259tinin say v\u0259 institusional profilind\u0259n d\u0259 g\u00f6r\u00fcnd\u00fcy\u00fc kimi s\u0259f\u0259r iki \u00f6lk\u0259 aras\u0131ndak\u0131 m\u00fcnasib\u0259tl\u0259rd\u0259 keyfiyy\u0259t s\u0131\u00e7ray\u0131\u015f\u0131 rolunu oynad\u0131. M\u00fcnasib\u0259tl\u0259r\u0259 Bak\u0131 t\u0259r\u0259find\u0259n edilmi\u015f \u0259h\u0259miyy\u0259tli siyasi investisiyan\u0131n \u0130taliyan\u0131n biznes d\u00fcnyas\u0131nda a\u00e7\u0131q-a\u015fkar h\u0259v\u0259sl\u0259 qar\u015f\u0131land\u0131\u011f\u0131 v\u0259 daha da \u00f6n\u0259mlisi, \u0130taliya h\u00f6kum\u0259ti t\u0259r\u0259find\u0259n d\u0259 qar\u015f\u0131l\u0131ql\u0131 s\u0259yl\u0259rin g\u00f6st\u0259rildiyi b\u0259lli olur. R\u0259smi Roma m\u00fcnasib\u0259tl\u0259rin d\u0259rinl\u0259\u015fdirilm\u0259si \u00fc\u00e7\u00fcn etdikl\u0259rini &#8220;\u00e7ox y\u00fcks\u0259k g\u00f6zl\u0259ntil\u0259rin&#8221; oldu\u011fu yax\u0131nla\u015fma prosesinin n\u0259tic\u0259si olaraq &#8220;d\u0259qiq bir siyasi se\u00e7im&#8221; kimi xarakteriz\u0259 etmi\u015fdir.<\/p>\n<p>S\u0259f\u0259ri i\u015f\u0131qland\u0131ran \u0259ks\u0259r italyan v\u0259 \u0259cn\u0259bi K\u0130V n\u00fcmay\u0259nd\u0259l\u0259ri sazi\u015fl\u0259rin iqtisadi \u00f6l\u00e7\u00fcs\u00fcn\u0259 diqq\u0259t yetirs\u0259l\u0259r d\u0259, s\u0259f\u0259r zaman\u0131 Prezident \u0130lham \u018fliyev v\u0259 \u0130taliyan\u0131n Ba\u015f Naziri C\u00fczeppe Konte t\u0259r\u0259find\u0259n imzalanm\u0131\u015f \u00c7ox\u00f6l\u00e7\u00fcl\u00fc strateji t\u0259r\u0259fda\u015fl\u0131\u011f\u0131n g\u00fccl\u0259ndirilm\u0259si haqq\u0131nda Birg\u0259 B\u0259yannam\u0259 iki \u00f6lk\u0259 aras\u0131ndak\u0131 m\u00fcnasib\u0259tl\u0259ri ilk d\u0259f\u0259 \u0259n\u0259n\u0259vi apar\u0131c\u0131 q\u00fcvv\u0259 olan enerji sektorundan kifay\u0259t q\u0259d\u0259r ir\u0259li apararaq m\u00fcdafi\u0259, infrastruktur v\u0259 investisiyalar kimi sah\u0259l\u0259ri d\u0259 ehtiva etmi\u015f oldu. \u0130taliya v\u0259 Az\u0259rbaycan aras\u0131ndak\u0131 iqtisadi qar\u015f\u0131l\u0131ql\u0131 as\u0131l\u0131l\u0131\u011f\u0131 d\u0259rinl\u0259\u015fdir\u0259c\u0259k Trans Adriatik Qaz K\u0259m\u0259rinin a\u00e7\u0131l\u0131\u015f\u0131 \u0259r\u0259f\u0259sind\u0259 ilk d\u0259f\u0259 olaraq iki \u00f6lk\u0259 \u00f6zl\u0259rinin adland\u0131rd\u0131\u011f\u0131 kimi &#8220;qar\u015f\u0131l\u0131ql\u0131 faydal\u0131&#8221; t\u0259r\u0259fda\u015fl\u0131\u011fa konkret forma vermi\u015f oldu. Bu t\u0259r\u0259fda\u015fl\u0131q \u00e7\u0259r\u00e7iv\u0259sind\u0259 Bak\u0131 Az\u0259rbaycan iqtisadiyyat\u0131n\u0131n \u015fax\u0259l\u0259ndirilm\u0259sin\u0259, Roma ikit\u0259r\u0259fli t\u0259diyy\u0259 balans\u0131ndak\u0131 b\u00f6y\u00fck m\u0259nfi saldonun b\u0259rab\u0259rl\u0259\u015fdirilm\u0259sin\u0259 \u00fcmid edir.<\/p>\n<p>Buna g\u00f6r\u0259 d\u0259 \u0130taliya v\u0259 Az\u0259rbaycan aras\u0131nda imzalanm\u0131\u015f sazi\u015fl\u0259rin iqtisadi c\u0259h\u0259td\u0259n \u0259h\u0259miyy\u0259ti dan\u0131lmazd\u0131r. Bununla bel\u0259, m\u0259hz h\u0259min sazi\u015fl\u0259rin siyasi \u00f6l\u00e7\u00fcs\u00fc m\u00fcnasib\u0259tl\u0259rd\u0259 daha b\u00f6y\u00fck s\u0131\u00e7ray\u0131\u015fa g\u0259tirib \u00e7\u0131xara bil\u0259r.<\/p>\n<p><em>B\u0259yannam\u0259d\u0259 \u0130taliyan\u0131n Minsk Qrupundak\u0131 v\u0259 A\u0130-d\u0259ki t\u0259r\u0259fda\u015flar\u0131 il\u0259 m\u00f6vqel\u0259rind\u0259 uy\u011funsuzluq diqq\u0259ti c\u0259lb edir.<\/em><\/p>\n<p>Birg\u0259 B\u0259yannam\u0259 Da\u011fl\u0131q Qaraba\u011f m\u00fcnaqi\u015f\u0259sinin Az\u0259rbaycan \u0259razil\u0259rini i\u015f\u011fal ed\u0259n Erm\u0259nistana qar\u015f\u0131 Az\u0259rbaycan\u0131n iddialar\u0131n\u0131 \u0259n\u0259n\u0259vi olaraq \u0259sasland\u0131rd\u0131\u011f\u0131 beyn\u0259lxalq h\u00fcququn dayaqlar\u0131 olan suverenlik, \u0259razi b\u00fct\u00f6vl\u00fcy\u00fc v\u0259 milli s\u0259rh\u0259dl\u0259rin toxunulmazl\u0131\u011f\u0131 prinsipl\u0259ri \u0259sas\u0131nda s\u00fclh you il\u0259 h\u0259llin\u0259 t\u0259r\u0259fl\u0259rin d\u0259st\u0259yini t\u0259sdiq edir.<\/p>\n<div>\n<div id=\"AdviadNativeVideo0\" class=\"AdviadNativeVideo\"><\/div>\n<\/div>\n<p>Bu, Helsinki Yekun Akt\u0131n\u0131n t\u0259m\u0259l prinsipl\u0259rin\u0259 istinad edilm\u0259kl\u0259 B\u0259yannam\u0259nin siyasi \u0259hat\u0259sin\u0259 t\u0259sir etm\u0259d\u0259n, \u0130taliyan\u0131n Az\u0259rbaycan v\u0259 Erm\u0259nistan aras\u0131ndak\u0131 m\u00fcnasib\u0259tl\u0259r\u0259 y\u00fcr\u00fctd\u00fcy\u00fc ekvidstansiya (b\u0259rab\u0259r m\u0259saf\u0259lilik) siyas\u0259tind\u0259n, \u0259h\u0259miyy\u0259tli d\u0259r\u0259c\u0259d\u0259 uzaqla\u015fmas\u0131n\u0131 g\u00f6st\u0259rir. Bundan \u0259lav\u0259, siyasi c\u0259h\u0259td\u0259n h\u0259m d\u0259 \u00f6n\u0259mlidir ki, Birg\u0259 B\u0259yannam\u0259 \u0130taliyan\u0131n m\u00fcharib\u0259 ed\u0259n t\u0259r\u0259fl\u0259r\u0259 otuz il\u0259 yax\u0131nd\u0131r dan\u0131\u015f\u0131qlar \u00fczr\u0259 vasit\u0259\u00e7ilik ed\u0259n \u00f6z\u00fcn\u00fcn d\u0259 \u00fczv oldu\u011fu AT\u018fT-in Minsk Qrupuna a\u00e7\u0131q \u015f\u0259kild\u0259 istinad etm\u0259diyi Da\u011fl\u0131q Qaraba\u011fla ba\u011fl\u0131 ilk b\u0259yanat\u0131d\u0131r. Az\u0259rbaycan hakimiyy\u0259ti haz\u0131rk\u0131 dan\u0131\u015f\u0131qlar mexanizminin ayd\u0131n \u015f\u0259kild\u0259 s\u0259m\u0259r\u0259siz v\u0259 q\u0259r\u0259zli olmas\u0131ndan d\u0259f\u0259l\u0259rl\u0259 naraz\u0131l\u0131\u011f\u0131n\u0131 bildirmi\u015fdir v\u0259 bu da m\u00fcmk\u00fcn yeni v\u0259 paralel dan\u0131\u015f\u0131qlar yollar\u0131n\u0131n axtar\u0131lmas\u0131n\u0131 t\u0259\u015fviq ed\u0259 bil\u0259r.<\/p>\n<p>Bu x\u00fcsusda, Roma Bak\u0131ya b\u00f6y\u00fck jest ed\u0259r\u0259k m\u0259s\u0259l\u0259 il\u0259 ba\u011fl\u0131 ayd\u0131n m\u00f6vqe tutdu v\u0259 m\u00fcvafiq olaraq, Q\u0259rbin \u015e\u0259rqi Avropadak\u0131 uzad\u0131lm\u0131\u015f m\u00fcnaqi\u015f\u0259l\u0259r\u0259 m\u00fcnasib\u0259tind\u0259 ikili standartlardan \u00e7\u0131x\u0131\u015f etm\u0259si il\u0259 ba\u011fl\u0131 Az\u0259rbaycan\u0131n iddialar\u0131na cavab vermi\u015f oldu. B\u0259yannam\u0259 \u0130taliyan\u0131n Minsk Qrupundak\u0131 v\u0259 A\u0130-d\u0259ki t\u0259r\u0259fda\u015flar\u0131 il\u0259 m\u00f6vqel\u0259rind\u0259ki uy\u011funsuzlu\u011fu g\u00f6st\u0259rir. H\u0259qiq\u0259t\u0259n d\u0259 2014-c\u00fc ild\u0259 Avropa \u0130ttifaq\u0131n\u0131n Da\u011fl\u0131q Qaraba\u011fla ba\u011fl\u0131 Az\u0259rbaycan\u0131n prinsipl\u0259rini q\u0259bul etm\u0259k ist\u0259m\u0259m\u0259si bu \u00f6lk\u0259 il\u0259 Assosiasiya Sazi\u015fi il\u0259 ba\u011fl\u0131 dan\u0131\u015f\u0131qlar\u0131n n\u0259tic\u0259siz qalmas\u0131na s\u0259b\u0259b oldu. Bundan \u0259lav\u0259, bu prinsipl\u0259r h\u0259l\u0259 2017-ci ilin fevral\u0131nda ba\u015flayan yeni A\u0130-Az\u0259rbaycan t\u0259r\u0259fda\u015fl\u0131q sazi\u015fi \u00fczr\u0259 kompleks dan\u0131\u015f\u0131qlar\u0131n da m\u0259rk\u0259zind\u0259 dayan\u0131r.<\/p>\n<p>Buna g\u00f6r\u0259 d\u0259 \u0130taliya \u00f6z\u00fcn\u00fcn Q\u0259rbd\u0259 Az\u0259rbaycan\u0131n \u0259sas siyasi (sad\u0259c\u0259 iqtisadi deyil) t\u0259r\u0259f m\u00fcqabili &#8211; Prezident \u018fliyevin s\u00f6zl\u0259ri il\u0259 des\u0259k &#8220;dem\u0259k olar ki m\u00fctt\u0259fiqi&#8221; oldu\u011funu g\u00f6st\u0259rdi. Haz\u0131rda, \u0130taliya-Az\u0259rbaycan m\u00fcnasib\u0259tl\u0259rind\u0259ki keyfiyy\u0259t s\u0131\u00e7ray\u0131\u015f\u0131n\u0131n Da\u011fl\u0131q Qaraba\u011fla ba\u011fl\u0131 dan\u0131\u015f\u0131qlar \u00fc\u00e7\u00fcn h\u0259r hans\u0131 konkret c\u0259hdl\u0259 n\u0259tic\u0259l\u0259nib-n\u0259tic\u0259l\u0259nm\u0259y\u0259c\u0259yini dem\u0259k \u00e7\u0259tindir. Bu niyy\u0259t \u0130taliya hakimiyy\u0259ti, milli institutlar\u0131 t\u0259r\u0259find\u0259n d\u0259 davaml\u0131 olaraq d\u0259st\u0259kl\u0259nmi\u015fdir. Eyni zamanda, Roman\u0131n C\u0259nubi Qafqaz istiqam\u0259tind\u0259 ed\u0259 bil\u0259c\u0259yi v\u0259 ya f\u0259aliyy\u0259t prioritetl\u0259ri xaricind\u0259 daha inaml\u0131 siyas\u0259tini t\u0259s\u0259vv\u00fcr etm\u0259k \u00e7\u0259tindir.<\/p>\n<p>Buna baxmayaraq, fakt olaraq qalmaqdad\u0131r ki, \u0130taliyan\u0131n Az\u0259rbaycanla \u0259laq\u0259l\u0259rini g\u00fccl\u0259ndirm\u0259k s\u0259yl\u0259ri, \u00e7ox\u00f6l\u00e7\u00fcl\u00fc t\u0259r\u0259fda\u015fl\u0131\u011f\u0131n g\u00fccl\u0259ndirilm\u0259si perspektivind\u0259 &#8220;enerjid\u0259n daha ir\u0259li getm\u0259k&#8221; yaln\u0131z iqtisadi z\u0259rur\u0259td\u0259n ir\u0259li g\u0259lmir. Bu, \u0130taliyan\u0131n art\u0131q A\u0130 regional siyas\u0259tin\u0259 x\u0259l\u0259l g\u0259tir\u0259n &#8220;etimad t\u0259l\u0259&#8221;sinin m\u0259hbusu olmamas\u0131 bar\u0259d\u0259 siyasi imperativi, m\u0259cburi add\u0131md\u0131r. Roma Az\u0259rbaycan\u0131n xarici siyas\u0259tind\u0259ki \u0259sas m\u0259s\u0259l\u0259 il\u0259 ba\u011fl\u0131 Bak\u0131n\u0131n m\u00f6vqeyini q\u0259bul etm\u0259kl\u0259 ke\u00e7mi\u015fd\u0259ki siyasi x\u0259tti davam etdirm\u0259m\u0259k niyy\u0259tin\u0259 a\u00e7\u0131q \u015f\u0259kild\u0259 i\u015far\u0259 etmi\u015f oldu. Bu m\u0259nada Birg\u0259 B\u0259yannam\u0259 t\u0259r\u0259fl\u0259ri do\u011fru istiqam\u0259t\u0259 aparacaq kimi g\u00f6r\u00fcn\u00fcr.&#8221;<\/p>\n<p>M\u0259qal\u0259nin italyan v\u0259 ingilis dill\u0259rind\u0259 olan m\u0259tnl\u0259ri a\u015fa\u011f\u0131dak\u0131 linkl\u0259rd\u0259n \u0259ld\u0259 oluna bil\u0259r:<\/p>\n<p>https:\/\/www.ecfr.eu\/rome\/post\/quasi_un_alleato_il_nuovo_approccio_dellitalia_allazerbaigian_e_al_conflitt?fbclid=IwAR1FaYowx6tvTJDzXeoG2C3PrKXsnPQT1I0amWpwvXRby-Y5hZecaSKRCtc<\/p>\n<p>https:\/\/www.ecfr.eu\/article\/commentary_almost_an_ally_italys_new_approach_to_azerbaijan<\/p>\n","protected":false},"excerpt":{"rendered":"<p>Avropan\u0131n n\u00fcfuzlu beyin m\u0259rk\u0259zl\u0259rind\u0259n olan Avropa Xarici \u018flaq\u0259l\u0259r \u015euras\u0131n\u0131n (ECFR) internet s\u0259hif\u0259sind\u0259 italyan v\u0259 ingilis dill\u0259rind\u0259 \u0130taliya Beyn\u0259lxalq Siyasi Ara\u015fd\u0131rmalar \u0130nstitutunda (ISPI) v\u0259 Venesiya Ka Foskari Universitetind\u0259 post-sovet m\u0259kan\u0131 \u00fczr\u0259 t\u0259dqiqat\u00e7\u0131 Karlo Frappinin &#8220;M\u00fctt\u0259fiqliy\u0259 yax\u0131n \u0259laq\u0259l\u0259r: \u0130taliyan\u0131n Az\u0259rbaycana v\u0259 Da\u011fl\u0131q Qaraba\u011f m\u00fcnaqi\u015f\u0259sin\u0259 yeni yana\u015fmas\u0131&#8221; adl\u0131 m\u0259qal\u0259si d\u0259rc olunub. ARANTV.AZ\u00a0Trend-\u0259 istinad\u0259n bildirir ki, m\u0259qal\u0259d\u0259 Az\u0259rbaycan Respublikas\u0131 Prezidenti \u0130lham \u018fliyevin cari ilin 19-22 fevral tarixl\u0259rind\u0259 \u0130taliya Respublikas\u0131na h\u0259yata ke\u00e7irilmi\u015f d\u00f6vl\u0259t s\u0259f\u0259rinin iki \u00f6lk\u0259 aras\u0131ndak\u0131 m\u00fcnasib\u0259tl\u0259rd\u0259 keyfiyy\u0259t s\u0131\u00e7ray\u0131\u015f\u0131na g\u0259tirib \u00e7\u0131xarmas\u0131, \u0130taliyan\u0131n Az\u0259rbaycanla m\u00fcnasib\u0259tl\u0259r\u0259 v\u0259 Erm\u0259nistan-Az\u0259rbaycan Da\u011fl\u0131q Qaraba\u011f m\u00fcnaqi\u015f\u0259sinin nizamlanmas\u0131na dair yeni bax\u0131\u015flar\u0131 v\u0259&hellip;<\/p>\n","protected":false},"author":2,"featured_media":151731,"comment_status":"closed","ping_status":"closed","sticky":false,"template":"","format":"standard","meta":{"om_disable_all_campaigns":false,"_monsterinsights_skip_tracking":false,"_monsterinsights_sitenote_active":false,"_monsterinsights_sitenote_note":"","_monsterinsights_sitenote_category":0},"categories":[4],"tags":[],"aioseo_notices":[],"gutentor_comment":0,"rttpg_featured_image_url":{"full":["https:\/\/arantv.az\/wp-content\/uploads\/2020\/04\/843008.jpg",509,381,false],"landscape":["https:\/\/arantv.az\/wp-content\/uploads\/2020\/04\/843008.jpg",509,381,false],"portraits":["https:\/\/arantv.az\/wp-content\/uploads\/2020\/04\/843008.jpg",509,381,false],"thumbnail":["https:\/\/arantv.az\/wp-content\/uploads\/2020\/04\/843008-150x150.jpg",150,150,true],"medium":["https:\/\/arantv.az\/wp-content\/uploads\/2020\/04\/843008-300x225.jpg",300,225,true],"large":["https:\/\/arantv.az\/wp-content\/uploads\/2020\/04\/843008.jpg",509,381,false],"1536x1536":["https:\/\/arantv.az\/wp-content\/uploads\/2020\/04\/843008.jpg",509,381,false],"2048x2048":["https:\/\/arantv.az\/wp-content\/uploads\/2020\/04\/843008.jpg",509,381,false],"post-thumbnail":["https:\/\/arantv.az\/wp-content\/uploads\/2020\/04\/843008-240x172.jpg",240,172,true],"advps-thumb-one":["https:\/\/arantv.az\/wp-content\/uploads\/2020\/04\/843008.jpg",509,381,false]},"rttpg_author":{"display_name":"V\u00fcsal Rafiqo\u011flu","author_link":"https:\/\/arantv.az\/?author=2"},"rttpg_comment":0,"rttpg_category":"<a href=\"https:\/\/arantv.az\/?cat=4\" rel=\"category\">Siyas\u0259t<\/a>","rttpg_excerpt":"Avropan\u0131n n\u00fcfuzlu beyin m\u0259rk\u0259zl\u0259rind\u0259n olan Avropa Xarici \u018flaq\u0259l\u0259r \u015euras\u0131n\u0131n (ECFR) internet s\u0259hif\u0259sind\u0259 italyan v\u0259 ingilis dill\u0259rind\u0259 \u0130taliya Beyn\u0259lxalq Siyasi Ara\u015fd\u0131rmalar \u0130nstitutunda (ISPI) v\u0259 Venesiya Ka Foskari Universitetind\u0259 post-sovet m\u0259kan\u0131 \u00fczr\u0259 t\u0259dqiqat\u00e7\u0131 Karlo Frappinin &#8220;M\u00fctt\u0259fiqliy\u0259 yax\u0131n \u0259laq\u0259l\u0259r: \u0130taliyan\u0131n Az\u0259rbaycana v\u0259 Da\u011fl\u0131q Qaraba\u011f m\u00fcnaqi\u015f\u0259sin\u0259 yeni yana\u015fmas\u0131&#8221; adl\u0131 m\u0259qal\u0259si d\u0259rc olunub. ARANTV.AZ\u00a0Trend-\u0259 istinad\u0259n bildirir ki, m\u0259qal\u0259d\u0259 Az\u0259rbaycan Respublikas\u0131&hellip;","_links":{"self":[{"href":"https:\/\/arantv.az\/index.php?rest_route=\/wp\/v2\/posts\/151728"}],"collection":[{"href":"https:\/\/arantv.az\/index.php?rest_route=\/wp\/v2\/posts"}],"about":[{"href":"https:\/\/arantv.az\/index.php?rest_route=\/wp\/v2\/types\/post"}],"author":[{"embeddable":true,"href":"https:\/\/arantv.az\/index.php?rest_route=\/wp\/v2\/users\/2"}],"replies":[{"embeddable":true,"href":"https:\/\/arantv.az\/index.php?rest_route=%2Fwp%2Fv2%2Fcomments&post=151728"}],"version-history":[{"count":0,"href":"https:\/\/arantv.az\/index.php?rest_route=\/wp\/v2\/posts\/151728\/revisions"}],"wp:featuredmedia":[{"embeddable":true,"href":"https:\/\/arantv.az\/index.php?rest_route=\/wp\/v2\/media\/151731"}],"wp:attachment":[{"href":"https:\/\/arantv.az\/index.php?rest_route=%2Fwp%2Fv2%2Fmedia&parent=151728"}],"wp:term":[{"taxonomy":"category","embeddable":true,"href":"https:\/\/arantv.az\/index.php?rest_route=%2Fwp%2Fv2%2Fcategories&post=151728"},{"taxonomy":"post_tag","embeddable":true,"href":"https:\/\/arantv.az\/index.php?rest_route=%2Fwp%2Fv2%2Ftags&post=151728"}],"curies":[{"name":"wp","href":"https:\/\/api.w.org\/{rel}","templated":true}]}}