{"id":151800,"date":"2020-04-18T12:17:03","date_gmt":"2020-04-18T09:17:03","guid":{"rendered":"http:\/\/arantv.az\/?p=151800"},"modified":"2020-04-18T12:17:03","modified_gmt":"2020-04-18T09:17:03","slug":"vuqar-bayramov-d%c9%99st%c9%99k-proqrami-c%c9%99rciv%c9%99sind%c9%99-bir-sira-sahibkarlar-h%c9%99m-birbasa-yardim-h%c9%99m-d%c9%99-t%c9%99sviq-paketind%c9%99n-faydalanmaq-imkani-%c9%99ld%c9%99-etdil","status":"publish","type":"post","link":"https:\/\/arantv.az\/?p=151800","title":{"rendered":"V\u00fcqar Bayramov: D\u0259st\u0259k proqram\u0131 \u00e7\u0259r\u00e7iv\u0259sind\u0259 bir s\u0131ra sahibkarlar h\u0259m birba\u015fa yard\u0131m, h\u0259m d\u0259 t\u0259\u015fviq paketind\u0259n faydalanmaq imkan\u0131 \u0259ld\u0259 etdil\u0259r"},"content":{"rendered":"<p>&#8220;D\u0259st\u0259k proqram\u0131 \u00e7\u0259r\u00e7iv\u0259sind\u0259 bir s\u0131ra sahibkarlar h\u0259m birba\u015fa yard\u0131m, h\u0259m d\u0259 t\u0259\u015fviq paketind\u0259n faydalanmaq imkan\u0131 \u0259ld\u0259 etdil\u0259r&#8221;.<\/p>\n<p>ARANTV.AZ x\u0259b\u0259r verir ki, bunu\u00a0<a href=\"https:\/\/az.trend.az\/\" target=\"_blank\" rel=\"noopener\">Trend<\/a>-\u0259 Milli M\u0259clisin deputat\u0131 V\u00fcqar Bayramov deyib.<\/p>\n<p>Onun s\u00f6zl\u0259rin\u0259 g\u00f6r\u0259, Az\u0259rbaycanda pandemiyan\u0131n iqtisadiyyata, sahibkarlara, el\u0259c\u0259 d\u0259 v\u0259t\u0259nda\u015flara t\u0259sirl\u0259rinin minimumla\u015fd\u0131r\u0131lmas\u0131 il\u0259 ba\u011fl\u0131 realla\u015fan paketin d\u0259y\u0259ri 1 milyard manatdan 3 milyard manatad\u0259k art\u0131r\u0131l\u0131b. Praktik olaraq, paket 2,5 milyon n\u0259f\u0259rd\u0259n art\u0131q v\u0259t\u0259nda\u015f\u0131 \u0259hat\u0259 edib.<\/p>\n<p>Deputat \u0259lav\u0259 edib ki, d\u0259st\u0259k proqram\u0131 \u00e7\u0259r\u00e7iv\u0259sind\u0259 b\u0259zi v\u0259t\u0259nda\u015flar d\u00f6vl\u0259td\u0259n birba\u015fa yard\u0131m almaq imkan\u0131na malik oldular.<\/p>\n<p>V.Bayramov bu bax\u0131mdan icra olunan t\u0259dbirl\u0259r plan\u0131n\u0131n kompleks xarakter da\u015f\u0131d\u0131\u011f\u0131n\u0131 da x\u00fcsusi vur\u011fulay\u0131b. O hesab edir ki, bu t\u0259dbirl\u0259r pandemiya d\u00f6vr\u00fcnd\u0259 koronavirusun iqtisadiyyata, o c\u00fcml\u0259d\u0259n sahibkar v\u0259 v\u0259t\u0259nda\u015flara t\u0259sirl\u0259rinin minimumla\u015fd\u0131r\u0131lmas\u0131 m\u0259qs\u0259di da\u015f\u0131y\u0131r. Dig\u0259r t\u0259r\u0259fd\u0259n, post-pandemiya d\u00f6vr\u00fcnd\u0259 iqtisadi aktivliyin daha q\u0131sa zamanda b\u0259rpa edilm\u0259si, sahibkarlar\u0131n daha yax\u015f\u0131 d\u0259st\u0259kl\u0259nm\u0259si il\u0259 ba\u011fl\u0131 da t\u0259\u015fviqedici paket t\u0259tbiq olunur. Bu, \u0259sas\u0259n, \u00f6z\u00fcn\u00fc vergi g\u00fcz\u0259\u015ftl\u0259rinin miqyas\u0131n\u0131n geni\u015fl\u0259ndirilm\u0259si, sahibkarlar\u0131n g\u00fcz\u0259\u015ftli kreditl\u0259r\u0259 \u00e7\u0131x\u0131\u015f imkanlar\u0131n\u0131n art\u0131r\u0131lmas\u0131 istiqam\u0259tind\u0259 d\u00f6vl\u0259t d\u0259st\u0259yi kimi g\u00f6st\u0259rir:<\/p>\n<p>&#8220;N\u0259z\u0259r\u0259 alaq ki, \u00f6lk\u0259 Prezidentinin tap\u015f\u0131r\u0131\u011f\u0131 il\u0259 4 i\u015f\u00e7i qrup yarad\u0131l\u0131b. Bu i\u015f\u00e7i qruplar iqtisadiyyat, sosial, makroiqtisadi stabillik, el\u0259c\u0259 d\u0259 fiksal istiqam\u0259tl\u0259rd\u0259 qiym\u0259tl\u0259ndirm\u0259l\u0259r apararaq t\u0259klifl\u0259r haz\u0131rlad\u0131lar. \u0130\u015f\u00e7i qruplar\u0131n f\u0259aliyy\u0259ti, onlar t\u0259r\u0259find\u0259n haz\u0131rlanan paket v\u0259 h\u0259min t\u0259klifl\u0259rin strateji \u0259h\u0259miyy\u0259t da\u015f\u0131mas\u0131 ondan x\u0259b\u0259r verir ki, pandemiyan\u0131n t\u0259sirl\u0259rinin minimumla\u015fd\u0131r\u0131lmas\u0131 Az\u0259rbaycan \u00fc\u00e7\u00fcn prioritetdir. \u00d6lk\u0259 Prezidentinin r\u0259hb\u0259rliyi il\u0259 realla\u015fan siyas\u0259t imkan verdi ki, Az\u0259rbaycan pandemiyaya daha \u00e7evik reaksiya ver\u0259n \u00f6lk\u0259l\u0259r s\u0131ras\u0131nda olsun. \u00dcmumd\u00fcnya S\u0259hiyy\u0259 T\u0259\u015fkilat\u0131n\u0131n da qiym\u0259tl\u0259ndirm\u0259sin\u0259 g\u00f6r\u0259, Az\u0259rbaycan pandemiyaya qar\u015f\u0131 effektli m\u00fcbarizl\u0259 aparan \u00f6lk\u0259l\u0259rd\u0259ndir. H\u0259m beyn\u0259lxalq qiym\u0259tl\u0259ndirm\u0259, h\u0259m d\u0259 \u00f6lk\u0259 daxilind\u0259 icra olunan paketl\u0259rin \u0259hat\u0259 dair\u0259sinin geni\u015fl\u0259nm\u0259si bir daha ondan x\u0259b\u0259r verir ki, Az\u0259rbaycan Prezidentinin r\u0259hb\u0259rliyi il\u0259 realla\u015fan siyas\u0259tin ana x\u0259ttini m\u0259hz v\u0259t\u0259nda\u015flar\u0131m\u0131zn sa\u011flaml\u0131\u011f\u0131, t\u0259hl\u00fck\u0259sizliyi, el\u0259c\u0259 d\u0259 onlar\u0131n sosial t\u0259minat\u0131n\u0131n g\u00fccl\u0259ndirilm\u0259si tutur. Bu bax\u0131mdan, Az\u0259rbaycan pandemiyan\u0131n iqtisadiyyata, sahibkarlar\u0131n f\u0259aliyy\u0259tin\u0259 vurdu\u011fu z\u0259r\u0259rin azald\u0131lmas\u0131, el\u0259c\u0259 d\u0259 v\u0259t\u0259nda\u015flar\u0131m\u0131z\u0131n sa\u011flaml\u0131\u011f\u0131n\u0131n qorunmas\u0131 istiqam\u0259tind\u0259 effektli m\u00fcbariz\u0259 aparan \u00f6lk\u0259dir&#8221;.<\/p>\n","protected":false},"excerpt":{"rendered":"<p>&#8220;D\u0259st\u0259k proqram\u0131 \u00e7\u0259r\u00e7iv\u0259sind\u0259 bir s\u0131ra sahibkarlar h\u0259m birba\u015fa yard\u0131m, h\u0259m d\u0259 t\u0259\u015fviq paketind\u0259n faydalanmaq imkan\u0131 \u0259ld\u0259 etdil\u0259r&#8221;. ARANTV.AZ x\u0259b\u0259r verir ki, bunu\u00a0Trend-\u0259 Milli M\u0259clisin deputat\u0131 V\u00fcqar Bayramov deyib. Onun s\u00f6zl\u0259rin\u0259 g\u00f6r\u0259, Az\u0259rbaycanda pandemiyan\u0131n iqtisadiyyata, sahibkarlara, el\u0259c\u0259 d\u0259 v\u0259t\u0259nda\u015flara t\u0259sirl\u0259rinin minimumla\u015fd\u0131r\u0131lmas\u0131 il\u0259 ba\u011fl\u0131 realla\u015fan paketin d\u0259y\u0259ri 1 milyard manatdan 3 milyard manatad\u0259k art\u0131r\u0131l\u0131b. Praktik olaraq, paket 2,5 milyon n\u0259f\u0259rd\u0259n art\u0131q v\u0259t\u0259nda\u015f\u0131 \u0259hat\u0259 edib. Deputat \u0259lav\u0259 edib ki, d\u0259st\u0259k proqram\u0131 \u00e7\u0259r\u00e7iv\u0259sind\u0259 b\u0259zi v\u0259t\u0259nda\u015flar d\u00f6vl\u0259td\u0259n birba\u015fa yard\u0131m almaq imkan\u0131na malik oldular. V.Bayramov bu bax\u0131mdan icra olunan t\u0259dbirl\u0259r plan\u0131n\u0131n kompleks xarakter da\u015f\u0131d\u0131\u011f\u0131n\u0131 da x\u00fcsusi&hellip;<\/p>\n","protected":false},"author":2,"featured_media":151801,"comment_status":"closed","ping_status":"closed","sticky":false,"template":"","format":"standard","meta":{"om_disable_all_campaigns":false,"_monsterinsights_skip_tracking":false,"_monsterinsights_sitenote_active":false,"_monsterinsights_sitenote_note":"","_monsterinsights_sitenote_category":0},"categories":[19],"tags":[],"aioseo_notices":[],"gutentor_comment":0,"rttpg_featured_image_url":{"full":["https:\/\/arantv.az\/wp-content\/uploads\/2020\/04\/843169.jpg",800,600,false],"landscape":["https:\/\/arantv.az\/wp-content\/uploads\/2020\/04\/843169.jpg",800,600,false],"portraits":["https:\/\/arantv.az\/wp-content\/uploads\/2020\/04\/843169.jpg",800,600,false],"thumbnail":["https:\/\/arantv.az\/wp-content\/uploads\/2020\/04\/843169-150x150.jpg",150,150,true],"medium":["https:\/\/arantv.az\/wp-content\/uploads\/2020\/04\/843169-300x225.jpg",300,225,true],"large":["https:\/\/arantv.az\/wp-content\/uploads\/2020\/04\/843169.jpg",640,480,false],"1536x1536":["https:\/\/arantv.az\/wp-content\/uploads\/2020\/04\/843169.jpg",800,600,false],"2048x2048":["https:\/\/arantv.az\/wp-content\/uploads\/2020\/04\/843169.jpg",800,600,false],"post-thumbnail":["https:\/\/arantv.az\/wp-content\/uploads\/2020\/04\/843169-240x172.jpg",240,172,true],"advps-thumb-one":["https:\/\/arantv.az\/wp-content\/uploads\/2020\/04\/843169.jpg",800,600,false]},"rttpg_author":{"display_name":"V\u00fcsal Rafiqo\u011flu","author_link":"https:\/\/arantv.az\/?author=2"},"rttpg_comment":0,"rttpg_category":"<a href=\"https:\/\/arantv.az\/?cat=19\" rel=\"category\">G\u00fcnd\u0259m<\/a>","rttpg_excerpt":"&#8220;D\u0259st\u0259k proqram\u0131 \u00e7\u0259r\u00e7iv\u0259sind\u0259 bir s\u0131ra sahibkarlar h\u0259m birba\u015fa yard\u0131m, h\u0259m d\u0259 t\u0259\u015fviq paketind\u0259n faydalanmaq imkan\u0131 \u0259ld\u0259 etdil\u0259r&#8221;. ARANTV.AZ x\u0259b\u0259r verir ki, bunu\u00a0Trend-\u0259 Milli M\u0259clisin deputat\u0131 V\u00fcqar Bayramov deyib. Onun s\u00f6zl\u0259rin\u0259 g\u00f6r\u0259, Az\u0259rbaycanda pandemiyan\u0131n iqtisadiyyata, sahibkarlara, el\u0259c\u0259 d\u0259 v\u0259t\u0259nda\u015flara t\u0259sirl\u0259rinin minimumla\u015fd\u0131r\u0131lmas\u0131 il\u0259 ba\u011fl\u0131 realla\u015fan paketin d\u0259y\u0259ri 1 milyard manatdan 3 milyard manatad\u0259k art\u0131r\u0131l\u0131b. Praktik olaraq, paket&hellip;","_links":{"self":[{"href":"https:\/\/arantv.az\/index.php?rest_route=\/wp\/v2\/posts\/151800"}],"collection":[{"href":"https:\/\/arantv.az\/index.php?rest_route=\/wp\/v2\/posts"}],"about":[{"href":"https:\/\/arantv.az\/index.php?rest_route=\/wp\/v2\/types\/post"}],"author":[{"embeddable":true,"href":"https:\/\/arantv.az\/index.php?rest_route=\/wp\/v2\/users\/2"}],"replies":[{"embeddable":true,"href":"https:\/\/arantv.az\/index.php?rest_route=%2Fwp%2Fv2%2Fcomments&post=151800"}],"version-history":[{"count":0,"href":"https:\/\/arantv.az\/index.php?rest_route=\/wp\/v2\/posts\/151800\/revisions"}],"wp:featuredmedia":[{"embeddable":true,"href":"https:\/\/arantv.az\/index.php?rest_route=\/wp\/v2\/media\/151801"}],"wp:attachment":[{"href":"https:\/\/arantv.az\/index.php?rest_route=%2Fwp%2Fv2%2Fmedia&parent=151800"}],"wp:term":[{"taxonomy":"category","embeddable":true,"href":"https:\/\/arantv.az\/index.php?rest_route=%2Fwp%2Fv2%2Fcategories&post=151800"},{"taxonomy":"post_tag","embeddable":true,"href":"https:\/\/arantv.az\/index.php?rest_route=%2Fwp%2Fv2%2Ftags&post=151800"}],"curies":[{"name":"wp","href":"https:\/\/api.w.org\/{rel}","templated":true}]}}