{"id":151807,"date":"2020-04-18T12:24:39","date_gmt":"2020-04-18T09:24:39","guid":{"rendered":"http:\/\/arantv.az\/?p=151807"},"modified":"2020-04-18T12:24:39","modified_gmt":"2020-04-18T09:24:39","slug":"hikm%c9%99t-babaoglu-az%c9%99rbaycanda-postpandemiya-m%c9%99rh%c9%99l%c9%99si-ucun-iqtisadi-canlanma-yaradacaq-q%c9%99rarlar-indid%c9%99n-q%c9%99bul-edilir","status":"publish","type":"post","link":"https:\/\/arantv.az\/?p=151807","title":{"rendered":"Hikm\u0259t Babao\u011flu: Az\u0259rbaycanda postpandemiya m\u0259rh\u0259l\u0259si \u00fc\u00e7\u00fcn iqtisadi canlanma yaradacaq q\u0259rarlar indid\u0259n q\u0259bul edilir"},"content":{"rendered":"<p>&#8220;Az\u0259rbaycanda postpandemiya m\u0259rh\u0259l\u0259si \u00fc\u00e7\u00fcn iqtisadi canlanma yaradacaq q\u0259rarlar indid\u0259n q\u0259bul edilir&#8221;.<\/p>\n<p>Bunu Milli.Az-a\u00a0Milli M\u0259clisin deputat\u0131 Hikm\u0259t Babao\u011flu deyib.<\/p>\n<p>H.Babao\u011flu vur\u011fulay\u0131b ki, paralel olaraq, koronavirus t\u0259hdidini minimum endirm\u0259k \u00fc\u00e7\u00fcn s\u0131rf tibbi m\u00fcst\u0259vid\u0259 b\u00fct\u00fcn z\u0259ruri add\u0131mlar at\u0131l\u0131r, s\u0259hiyy\u0259 xidm\u0259tl\u0259ri t\u0259min edilir:<\/p>\n<p>&#8220;Bu sah\u0259d\u0259 \u00e7al\u0131\u015fan v\u0259t\u0259nda\u015flar\u0131m\u0131z\u0131n \u0259m\u0259k haqlar\u0131 3-5 misli art\u0131r\u0131l\u0131r. D\u00f6vl\u0259t ba\u015f\u00e7\u0131s\u0131n\u0131n 19 mart 2020-ci il tarixli S\u0259r\u0259ncam\u0131n\u0131n icras\u0131 il\u0259 ba\u011fl\u0131 t\u0259sdiql\u0259nmi\u015f T\u0259dbirl\u0259r Plan\u0131nda m\u0259\u015f\u011fullu\u011fa v\u0259 sosial rifaha d\u0259st\u0259k m\u0259qs\u0259dil\u0259 4 istiqam\u0259t \u00fczr\u0259 10 t\u0259dbir \u00f6z \u0259ksini tap\u0131b. 17 apreld\u0259 Prezident \u0130lham \u018fliyev t\u0259r\u0259find\u0259n elan edil\u0259n yeni d\u0259st\u0259k t\u0259dbirl\u0259ri il\u0259 2,5 milyon v\u0259t\u0259nda\u015f\u0131 \u0259hat\u0259 ed\u0259n m\u0259\u015f\u011fulluq v\u0259 sosial rifah istiqam\u0259tind\u0259 600 milyon manat v\u0259sait ayr\u0131l\u0131b&#8221;.<\/p>\n<p>H.Babao\u011flu bildirib ki, g\u00f6r\u00fcl\u0259n t\u0259dbirl\u0259r d\u00f6vl\u0259tin sosial \u00f6hd\u0259liyi \u00e7\u0259r\u00e7iv\u0259sini \u00e7oxdan a\u015f\u0131b:<\/p>\n<p>&#8220;Bu, yaln\u0131z Prezident \u0130lham \u018fliyevin \u00f6z v\u0259t\u0259nda\u015f\u0131n\u0131n yan\u0131nda olma irad\u0259sinin n\u0259tic\u0259si kimi izah edil\u0259 bil\u0259r. Sosial \u00f6z\u00fcn\u00fct\u0259cridin iqtisadi f\u0259all\u0131\u011f\u0131 m\u0259hdudla\u015fd\u0131rd\u0131\u011f\u0131, regional v\u0259 qlobal m\u00fcst\u0259vid\u0259 idxal-ixrac m\u00fcnasib\u0259tl\u0259rinin minimum h\u0259dd\u0259 endiyi, \u0259m\u0259k q\u00fcvv\u0259l\u0259rinin istehsal m\u00fcnasib\u0259tl\u0259rin\u0259 c\u0259lbetm\u0259nin m\u00fcmk\u00fcn olmad\u0131\u011f\u0131 bir vaxtda h\u0259r bir v\u0259t\u0259nda\u015f\u0131n problemini h\u0259ll etm\u0259k \u0259zmi sad\u0259c\u0259 olaraq f\u0259dakarl\u0131qd\u0131r. Bu, h\u0259r bir v\u0259t\u0259nda\u015f\u0131n Prezidenti olmaq siyas\u0259tinin n\u0259tic\u0259sidir. Ancaq bunlar m\u0259s\u0259l\u0259nin yaln\u0131z bir t\u0259r\u0259fidir. \u018fg\u0259r d\u00f6vl\u0259tin iqtisadi-maliyy\u0259 imkanlar\u0131 arzu edil\u0259n sosial siyas\u0259ti icra etm\u0259y\u0259 qadir olmasayd\u0131, o zaman yen\u0259 effektiv sosial siyas\u0259t h\u0259yata ke\u00e7irm\u0259k m\u00fcmk\u00fcn olmazd\u0131. Az\u0259rbaycan Prezidenti t\u0259r\u0259find\u0259n h\u0259yata ke\u00e7iril\u0259n uzunm\u00fcdd\u0259tli, m\u0259qs\u0259dy\u00f6nl\u00fc siyas\u0259t bu g\u00fcn d\u00f6vl\u0259timizi iqtisadi-siyasi bax\u0131mdan g\u00fccl\u00fc edib. Odur ki, d\u00f6vl\u0259t ist\u0259nil\u0259n b\u00f6y\u00fck h\u0259cmli sosial yard\u0131m paketini h\u0259yata ke\u00e7ir\u0259 bilir&#8221;.<\/p>\n<p>Mill\u0259t v\u0259kilinin s\u00f6zl\u0259rin\u0259 g\u00f6r\u0259, bunlar yaln\u0131z \u00fcmumi sosial t\u0259dbirl\u0259rin bir hiss\u0259sidir:<\/p>\n<p>&#8220;\u018flav\u0259 olaraq, Az\u0259rbaycan Prezidentinin q\u0259rar\u0131 il\u0259 bird\u0259f\u0259lik \u00f6d\u0259m\u0259 600 min \u015f\u0259xs\u0259 \u00f6d\u0259nil\u0259c\u0259k. Bird\u0259f\u0259lik \u00f6d\u0259m\u0259 aprel-may aylar\u0131n\u0131 \u0259hat\u0259 ed\u0259c\u0259k, eyni zamanda d\u0259 n\u00f6vb\u0259ti m\u0259rh\u0259l\u0259d\u0259 bu \u015f\u0259xsl\u0259rin r\u0259smi m\u0259\u015f\u011fullu\u011funu t\u0259min etm\u0259k \u00fc\u00e7\u00fcn z\u0259ruri m\u0259lumatlar toplanacaq v\u0259 u\u00e7ot yarad\u0131lacaq. Al\u0131nan t\u0259dbirl\u0259rl\u0259 yana\u015f\u0131, q\u0259rarlar\u0131n icra olunmas\u0131 mexanizmi d\u0259 vacibdir. Haz\u0131rda m\u00fcvafiq icra orqan\u0131 t\u0259r\u0259find\u0259n bu proses u\u011furla h\u0259yata ke\u00e7irilir. Ona g\u00f6r\u0259 d\u0259 \u0259minlikl\u0259 dey\u0259 bil\u0259rik ki, haz\u0131rk\u0131 tarixi m\u0259rh\u0259l\u0259d\u0259 d\u00f6vl\u0259t himay\u0259si sosial h\u0259mr\u0259yliyi v\u0259 xalq-iqtidar birliyini keyfiyy\u0259tc\u0259 yeni s\u0259viyy\u0259y\u0259 qald\u0131r\u0131r&#8221;.<\/p>\n<p>Deputat vur\u011fulay\u0131b ki, \u00f6lk\u0259d\u0259 h\u0259yata ke\u00e7iril\u0259n sosial siyas\u0259t paketi sosial d\u00f6vl\u0259t davran\u0131\u015f\u0131ndan daha \u00e7ox Az\u0259rbaycan Prezidentinin \u00f6z v\u0259t\u0259nda\u015flar\u0131na m\u00fcnasib\u0259ti kimi qiym\u0259tl\u0259ndirilir.<\/p>\n","protected":false},"excerpt":{"rendered":"<p>&#8220;Az\u0259rbaycanda postpandemiya m\u0259rh\u0259l\u0259si \u00fc\u00e7\u00fcn iqtisadi canlanma yaradacaq q\u0259rarlar indid\u0259n q\u0259bul edilir&#8221;. Bunu Milli.Az-a\u00a0Milli M\u0259clisin deputat\u0131 Hikm\u0259t Babao\u011flu deyib. H.Babao\u011flu vur\u011fulay\u0131b ki, paralel olaraq, koronavirus t\u0259hdidini minimum endirm\u0259k \u00fc\u00e7\u00fcn s\u0131rf tibbi m\u00fcst\u0259vid\u0259 b\u00fct\u00fcn z\u0259ruri add\u0131mlar at\u0131l\u0131r, s\u0259hiyy\u0259 xidm\u0259tl\u0259ri t\u0259min edilir: &#8220;Bu sah\u0259d\u0259 \u00e7al\u0131\u015fan v\u0259t\u0259nda\u015flar\u0131m\u0131z\u0131n \u0259m\u0259k haqlar\u0131 3-5 misli art\u0131r\u0131l\u0131r. D\u00f6vl\u0259t ba\u015f\u00e7\u0131s\u0131n\u0131n 19 mart 2020-ci il tarixli S\u0259r\u0259ncam\u0131n\u0131n icras\u0131 il\u0259 ba\u011fl\u0131 t\u0259sdiql\u0259nmi\u015f T\u0259dbirl\u0259r Plan\u0131nda m\u0259\u015f\u011fullu\u011fa v\u0259 sosial rifaha d\u0259st\u0259k m\u0259qs\u0259dil\u0259 4 istiqam\u0259t \u00fczr\u0259 10 t\u0259dbir \u00f6z \u0259ksini tap\u0131b. 17 apreld\u0259 Prezident \u0130lham \u018fliyev t\u0259r\u0259find\u0259n elan edil\u0259n yeni d\u0259st\u0259k t\u0259dbirl\u0259ri il\u0259 2,5 milyon&hellip;<\/p>\n","protected":false},"author":2,"featured_media":151808,"comment_status":"closed","ping_status":"closed","sticky":false,"template":"","format":"standard","meta":{"om_disable_all_campaigns":false,"_monsterinsights_skip_tracking":false,"_monsterinsights_sitenote_active":false,"_monsterinsights_sitenote_note":"","_monsterinsights_sitenote_category":0},"categories":[19],"tags":[],"aioseo_notices":[],"gutentor_comment":0,"rttpg_featured_image_url":{"full":["https:\/\/arantv.az\/wp-content\/uploads\/2020\/04\/hikmet_babaoglu.jpg",561,386,false],"landscape":["https:\/\/arantv.az\/wp-content\/uploads\/2020\/04\/hikmet_babaoglu.jpg",561,386,false],"portraits":["https:\/\/arantv.az\/wp-content\/uploads\/2020\/04\/hikmet_babaoglu.jpg",561,386,false],"thumbnail":["https:\/\/arantv.az\/wp-content\/uploads\/2020\/04\/hikmet_babaoglu-150x150.jpg",150,150,true],"medium":["https:\/\/arantv.az\/wp-content\/uploads\/2020\/04\/hikmet_babaoglu-300x206.jpg",300,206,true],"large":["https:\/\/arantv.az\/wp-content\/uploads\/2020\/04\/hikmet_babaoglu.jpg",561,386,false],"1536x1536":["https:\/\/arantv.az\/wp-content\/uploads\/2020\/04\/hikmet_babaoglu.jpg",561,386,false],"2048x2048":["https:\/\/arantv.az\/wp-content\/uploads\/2020\/04\/hikmet_babaoglu.jpg",561,386,false],"post-thumbnail":["https:\/\/arantv.az\/wp-content\/uploads\/2020\/04\/hikmet_babaoglu-240x172.jpg",240,172,true],"advps-thumb-one":["https:\/\/arantv.az\/wp-content\/uploads\/2020\/04\/hikmet_babaoglu.jpg",561,386,false]},"rttpg_author":{"display_name":"V\u00fcsal Rafiqo\u011flu","author_link":"https:\/\/arantv.az\/?author=2"},"rttpg_comment":0,"rttpg_category":"<a href=\"https:\/\/arantv.az\/?cat=19\" rel=\"category\">G\u00fcnd\u0259m<\/a>","rttpg_excerpt":"&#8220;Az\u0259rbaycanda postpandemiya m\u0259rh\u0259l\u0259si \u00fc\u00e7\u00fcn iqtisadi canlanma yaradacaq q\u0259rarlar indid\u0259n q\u0259bul edilir&#8221;. Bunu Milli.Az-a\u00a0Milli M\u0259clisin deputat\u0131 Hikm\u0259t Babao\u011flu deyib. H.Babao\u011flu vur\u011fulay\u0131b ki, paralel olaraq, koronavirus t\u0259hdidini minimum endirm\u0259k \u00fc\u00e7\u00fcn s\u0131rf tibbi m\u00fcst\u0259vid\u0259 b\u00fct\u00fcn z\u0259ruri add\u0131mlar at\u0131l\u0131r, s\u0259hiyy\u0259 xidm\u0259tl\u0259ri t\u0259min edilir: &#8220;Bu sah\u0259d\u0259 \u00e7al\u0131\u015fan v\u0259t\u0259nda\u015flar\u0131m\u0131z\u0131n \u0259m\u0259k haqlar\u0131 3-5 misli art\u0131r\u0131l\u0131r. D\u00f6vl\u0259t ba\u015f\u00e7\u0131s\u0131n\u0131n 19 mart 2020-ci il tarixli&hellip;","_links":{"self":[{"href":"https:\/\/arantv.az\/index.php?rest_route=\/wp\/v2\/posts\/151807"}],"collection":[{"href":"https:\/\/arantv.az\/index.php?rest_route=\/wp\/v2\/posts"}],"about":[{"href":"https:\/\/arantv.az\/index.php?rest_route=\/wp\/v2\/types\/post"}],"author":[{"embeddable":true,"href":"https:\/\/arantv.az\/index.php?rest_route=\/wp\/v2\/users\/2"}],"replies":[{"embeddable":true,"href":"https:\/\/arantv.az\/index.php?rest_route=%2Fwp%2Fv2%2Fcomments&post=151807"}],"version-history":[{"count":0,"href":"https:\/\/arantv.az\/index.php?rest_route=\/wp\/v2\/posts\/151807\/revisions"}],"wp:featuredmedia":[{"embeddable":true,"href":"https:\/\/arantv.az\/index.php?rest_route=\/wp\/v2\/media\/151808"}],"wp:attachment":[{"href":"https:\/\/arantv.az\/index.php?rest_route=%2Fwp%2Fv2%2Fmedia&parent=151807"}],"wp:term":[{"taxonomy":"category","embeddable":true,"href":"https:\/\/arantv.az\/index.php?rest_route=%2Fwp%2Fv2%2Fcategories&post=151807"},{"taxonomy":"post_tag","embeddable":true,"href":"https:\/\/arantv.az\/index.php?rest_route=%2Fwp%2Fv2%2Ftags&post=151807"}],"curies":[{"name":"wp","href":"https:\/\/api.w.org\/{rel}","templated":true}]}}