{"id":151819,"date":"2020-04-18T12:45:23","date_gmt":"2020-04-18T09:45:23","guid":{"rendered":"http:\/\/arantv.az\/?p=151819"},"modified":"2020-04-18T12:45:23","modified_gmt":"2020-04-18T09:45:23","slug":"qubada-karantin-qaydalarini-pozan-146-n%c9%99f%c9%99r-m%c9%99suliyy%c9%99t%c9%99-c%c9%99lb-olunub-foto","status":"publish","type":"post","link":"https:\/\/arantv.az\/?p=151819","title":{"rendered":"Qubada karantin qaydalar\u0131n\u0131 pozan 146 n\u0259f\u0259r m\u0259suliyy\u0259t\u0259 c\u0259lb olunub &#8211; FOTO"},"content":{"rendered":"<article class=\"news\">\n<div class=\"news-inner\">\n<p>Qubada karantin rejiminin t\u0259l\u0259bl\u0259rini pozan 146 v\u0259t\u0259nda\u015f\u00a0m\u0259suliyy\u0259t\u0259 c\u0259lb olunub.<\/p>\n<p>Bu bar\u0259d\u0259 Daxili \u0130\u015fl\u0259r Nazirliyinin M\u0259tbuat Xidm\u0259tinin Quba regional qrupundan\u00a0m\u0259lumat verilib.<\/p>\n<p>Nazirl\u0259r Kabineti yan\u0131nda operativ q\u0259rargah\u0131n t\u0259l\u0259b v\u0259 t\u00f6vsiy\u0259l\u0259rin\u0259 riay\u0259t edilm\u0259si istiqam\u0259tind\u0259 Quba Rayon Polis \u015e\u00f6b\u0259sinin \u0259m\u0259kda\u015flar\u0131 t\u0259r\u0259find\u0259n b\u00fct\u00fcn z\u0259ruri t\u0259dbirl\u0259r h\u0259yata ke\u00e7irilir.<\/p>\n<div id=\"AdviadNativeVideo0\" class=\"AdviadNativeVideo\"><\/div>\n<p>\u015e\u00f6b\u0259 \u0259m\u0259kda\u015flar\u0131 g\u00fcn \u0259rzind\u0259 rayon \u0259razisind\u0259, el\u0259c\u0259 d\u0259 rayonlararas\u0131 m\u00fcv\u0259qq\u0259ti qura\u015fd\u0131r\u0131lm\u0131\u015f stasionar postlarda g\u00fccl\u0259ndirilmi\u015f i\u015f rejimind\u0259 \u00e7al\u0131\u015f\u0131r, t\u0259yin olunmu\u015f qaydalara \u0259m\u0259l olunmas\u0131na n\u0259zar\u0259t edirl\u0259r.<\/p>\n<p>Bu t\u0259dbirl\u0259rl\u0259 yana\u015f\u0131, x\u00fcsusi karantin rejimi \u00e7\u0259r\u00e7iv\u0259sind\u0259 polis \u0259m\u0259kda\u015flar\u0131 t\u0259r\u0259find\u0259n m\u00fcvafiq icaz\u0259 olmadan ya\u015fay\u0131\u015f yerl\u0259rini t\u0259rk ed\u0259n, h\u0259m\u00e7inin n\u0259qliyyat vasit\u0259l\u0259rini s\u0259b\u0259bsiz yer\u0259 idar\u0259 ed\u0259n v\u0259t\u0259nda\u015flar a\u015fkarlan\u0131b.<\/p>\n<p>Aprelin 18-d\u0259k x\u00fcsusi karantin rejiminin t\u0259l\u0259bl\u0259rini pozan 146 v\u0259t\u0259nda\u015f bar\u0259sind\u0259 RP\u015e-nin \u0259m\u0259kda\u015flar\u0131 t\u0259r\u0259find\u0259n \u0130nzibati X\u0259talar M\u0259c\u0259ll\u0259sinin m\u00fcvafiq madd\u0259si il\u0259 c\u0259rim\u0259 protokolu t\u0259rtib olunaraq, h\u0259min \u015f\u0259xsl\u0259r m\u0259suliyy\u0259t\u0259 c\u0259lb olunub.<\/p>\n<div class=\"gallery\">\n<div class=\"gallery-i\"><img src=\"https:\/\/cdn.oxu.az\/uploads\/W1siZiIsIjIwMjAvMDQvMTgvMTIvNTIvMzYvYTIyMjFlZGEtYTdlOS00MTIxLThiMDgtNzQxNDMxMWViMDViLzEgKDEpLmpwZWciXSxbInAiLCJlbmNvZGUiLCJqcGciLCItcXVhbGl0eSA4MCJdLFsicCIsInRodW1iIiwiNTkweDU5MFx1MDAzZSJdXQ?sha=edfad2e5eaf3c40d\" alt=\"\" \/><\/p>\n<div class=\"gallery-i-caption\"><\/div>\n<\/div>\n<div class=\"gallery-i\"><img src=\"https:\/\/cdn.oxu.az\/uploads\/W1siZiIsIjIwMjAvMDQvMTgvMTIvNTIvMzcvMDYyMWNiNDUtNjA2Zi00YWE0LTgyNjQtZjk1ZTFkOTU3MTIxLzIgKDIpLmpwZWciXSxbInAiLCJlbmNvZGUiLCJqcGciLCItcXVhbGl0eSA4MCJdLFsicCIsInRodW1iIiwiNTkweDU5MFx1MDAzZSJdXQ?sha=c630b6658949047d\" alt=\"\" \/><\/p>\n<div class=\"gallery-i-caption\"><\/div>\n<\/div>\n<div class=\"gallery-i\"><img src=\"https:\/\/cdn.oxu.az\/uploads\/W1siZiIsIjIwMjAvMDQvMTgvMTIvNTIvMzcvMDZiZmIxZjMtMjA2My00MDQ5LTgxMDItNjRjNWNlY2EzZDE2LzEgKDIpLmpwZWciXSxbInAiLCJlbmNvZGUiLCJqcGciLCItcXVhbGl0eSA4MCJdLFsicCIsInRodW1iIiwiNTkweDU5MFx1MDAzZSJdXQ?sha=a89d72f7ccb0f148\" alt=\"\" \/><\/p>\n<div class=\"gallery-i-caption\"><\/div>\n<\/div>\n<div class=\"gallery-i\"><img src=\"https:\/\/cdn.oxu.az\/uploads\/W1siZiIsIjIwMjAvMDQvMTgvMTIvNTIvMzcvZGNhMWZmMDMtZGNkYS00OTkzLTlkMWEtZTJkMzFjMGIzNWYwLzIgKDEpLmpwZWciXSxbInAiLCJlbmNvZGUiLCJqcGciLCItcXVhbGl0eSA4MCJdLFsicCIsInRodW1iIiwiNTkweDU5MFx1MDAzZSJdXQ?sha=4239f89e4d986d57\" alt=\"\" \/><\/p>\n<div class=\"gallery-i-caption\"><\/div>\n<\/div>\n<div class=\"gallery-i\"><img src=\"https:\/\/cdn.oxu.az\/uploads\/W1siZiIsIjIwMjAvMDQvMTgvMTIvNTIvMzcvYzY2MmUzOTYtZjMyMi00ZDlhLWEyN2QtMmRkNTk4NTczNWQ0LzIgKDMpLmpwZWciXSxbInAiLCJlbmNvZGUiLCJqcGciLCItcXVhbGl0eSA4MCJdLFsicCIsInRodW1iIiwiNTkweDU5MFx1MDAzZSJdXQ?sha=4edecb36734cd4d6\" alt=\"\" \/><\/p>\n<div class=\"gallery-i-caption\"><\/div>\n<\/div>\n<\/div>\n<\/div>\n<\/article>\n","protected":false},"excerpt":{"rendered":"<p>Qubada karantin rejiminin t\u0259l\u0259bl\u0259rini pozan 146 v\u0259t\u0259nda\u015f\u00a0m\u0259suliyy\u0259t\u0259 c\u0259lb olunub. Bu bar\u0259d\u0259 Daxili \u0130\u015fl\u0259r Nazirliyinin M\u0259tbuat Xidm\u0259tinin Quba regional qrupundan\u00a0m\u0259lumat verilib. Nazirl\u0259r Kabineti yan\u0131nda operativ q\u0259rargah\u0131n t\u0259l\u0259b v\u0259 t\u00f6vsiy\u0259l\u0259rin\u0259 riay\u0259t edilm\u0259si istiqam\u0259tind\u0259 Quba Rayon Polis \u015e\u00f6b\u0259sinin \u0259m\u0259kda\u015flar\u0131 t\u0259r\u0259find\u0259n b\u00fct\u00fcn z\u0259ruri t\u0259dbirl\u0259r h\u0259yata ke\u00e7irilir. \u015e\u00f6b\u0259 \u0259m\u0259kda\u015flar\u0131 g\u00fcn \u0259rzind\u0259 rayon \u0259razisind\u0259, el\u0259c\u0259 d\u0259 rayonlararas\u0131 m\u00fcv\u0259qq\u0259ti qura\u015fd\u0131r\u0131lm\u0131\u015f stasionar postlarda g\u00fccl\u0259ndirilmi\u015f i\u015f rejimind\u0259 \u00e7al\u0131\u015f\u0131r, t\u0259yin olunmu\u015f qaydalara \u0259m\u0259l olunmas\u0131na n\u0259zar\u0259t edirl\u0259r. Bu t\u0259dbirl\u0259rl\u0259 yana\u015f\u0131, x\u00fcsusi karantin rejimi \u00e7\u0259r\u00e7iv\u0259sind\u0259 polis \u0259m\u0259kda\u015flar\u0131 t\u0259r\u0259find\u0259n m\u00fcvafiq icaz\u0259 olmadan ya\u015fay\u0131\u015f yerl\u0259rini t\u0259rk ed\u0259n, h\u0259m\u00e7inin n\u0259qliyyat vasit\u0259l\u0259rini s\u0259b\u0259bsiz yer\u0259 idar\u0259 ed\u0259n&hellip;<\/p>\n","protected":false},"author":2,"featured_media":151820,"comment_status":"closed","ping_status":"closed","sticky":false,"template":"","format":"standard","meta":{"om_disable_all_campaigns":false,"_monsterinsights_skip_tracking":false,"_monsterinsights_sitenote_active":false,"_monsterinsights_sitenote_note":"","_monsterinsights_sitenote_category":0},"categories":[5],"tags":[],"aioseo_notices":[],"gutentor_comment":0,"rttpg_featured_image_url":{"full":["https:\/\/arantv.az\/wp-content\/uploads\/2020\/04\/POL\u00c4\u00b0S.jpg",620,465,false],"landscape":["https:\/\/arantv.az\/wp-content\/uploads\/2020\/04\/POL\u00c4\u00b0S.jpg",620,465,false],"portraits":["https:\/\/arantv.az\/wp-content\/uploads\/2020\/04\/POL\u00c4\u00b0S.jpg",620,465,false],"thumbnail":["https:\/\/arantv.az\/wp-content\/uploads\/2020\/04\/POL\u00c4\u00b0S-150x150.jpg",150,150,true],"medium":["https:\/\/arantv.az\/wp-content\/uploads\/2020\/04\/POL\u00c4\u00b0S-300x225.jpg",300,225,true],"large":["https:\/\/arantv.az\/wp-content\/uploads\/2020\/04\/POL\u00c4\u00b0S.jpg",620,465,false],"1536x1536":["https:\/\/arantv.az\/wp-content\/uploads\/2020\/04\/POL\u00c4\u00b0S.jpg",620,465,false],"2048x2048":["https:\/\/arantv.az\/wp-content\/uploads\/2020\/04\/POL\u00c4\u00b0S.jpg",620,465,false],"post-thumbnail":["https:\/\/arantv.az\/wp-content\/uploads\/2020\/04\/POL\u00c4\u00b0S-240x172.jpg",240,172,true],"advps-thumb-one":["https:\/\/arantv.az\/wp-content\/uploads\/2020\/04\/POL\u00c4\u00b0S.jpg",620,465,false]},"rttpg_author":{"display_name":"V\u00fcsal Rafiqo\u011flu","author_link":"https:\/\/arantv.az\/?author=2"},"rttpg_comment":0,"rttpg_category":"<a href=\"https:\/\/arantv.az\/?cat=5\" rel=\"category\">Hadis\u0259<\/a>","rttpg_excerpt":"Qubada karantin rejiminin t\u0259l\u0259bl\u0259rini pozan 146 v\u0259t\u0259nda\u015f\u00a0m\u0259suliyy\u0259t\u0259 c\u0259lb olunub. Bu bar\u0259d\u0259 Daxili \u0130\u015fl\u0259r Nazirliyinin M\u0259tbuat Xidm\u0259tinin Quba regional qrupundan\u00a0m\u0259lumat verilib. Nazirl\u0259r Kabineti yan\u0131nda operativ q\u0259rargah\u0131n t\u0259l\u0259b v\u0259 t\u00f6vsiy\u0259l\u0259rin\u0259 riay\u0259t edilm\u0259si istiqam\u0259tind\u0259 Quba Rayon Polis \u015e\u00f6b\u0259sinin \u0259m\u0259kda\u015flar\u0131 t\u0259r\u0259find\u0259n b\u00fct\u00fcn z\u0259ruri t\u0259dbirl\u0259r h\u0259yata ke\u00e7irilir. \u015e\u00f6b\u0259 \u0259m\u0259kda\u015flar\u0131 g\u00fcn \u0259rzind\u0259 rayon \u0259razisind\u0259, el\u0259c\u0259 d\u0259 rayonlararas\u0131 m\u00fcv\u0259qq\u0259ti qura\u015fd\u0131r\u0131lm\u0131\u015f stasionar postlarda&hellip;","_links":{"self":[{"href":"https:\/\/arantv.az\/index.php?rest_route=\/wp\/v2\/posts\/151819"}],"collection":[{"href":"https:\/\/arantv.az\/index.php?rest_route=\/wp\/v2\/posts"}],"about":[{"href":"https:\/\/arantv.az\/index.php?rest_route=\/wp\/v2\/types\/post"}],"author":[{"embeddable":true,"href":"https:\/\/arantv.az\/index.php?rest_route=\/wp\/v2\/users\/2"}],"replies":[{"embeddable":true,"href":"https:\/\/arantv.az\/index.php?rest_route=%2Fwp%2Fv2%2Fcomments&post=151819"}],"version-history":[{"count":0,"href":"https:\/\/arantv.az\/index.php?rest_route=\/wp\/v2\/posts\/151819\/revisions"}],"wp:featuredmedia":[{"embeddable":true,"href":"https:\/\/arantv.az\/index.php?rest_route=\/wp\/v2\/media\/151820"}],"wp:attachment":[{"href":"https:\/\/arantv.az\/index.php?rest_route=%2Fwp%2Fv2%2Fmedia&parent=151819"}],"wp:term":[{"taxonomy":"category","embeddable":true,"href":"https:\/\/arantv.az\/index.php?rest_route=%2Fwp%2Fv2%2Fcategories&post=151819"},{"taxonomy":"post_tag","embeddable":true,"href":"https:\/\/arantv.az\/index.php?rest_route=%2Fwp%2Fv2%2Ftags&post=151819"}],"curies":[{"name":"wp","href":"https:\/\/api.w.org\/{rel}","templated":true}]}}