{"id":151835,"date":"2020-04-18T12:51:39","date_gmt":"2020-04-18T09:51:39","guid":{"rendered":"http:\/\/arantv.az\/?p=151835"},"modified":"2020-04-18T12:51:39","modified_gmt":"2020-04-18T09:51:39","slug":"v%c9%99t%c9%99ndaslara-qaygi-prezident-ilham-%c9%99liyevin-siyas%c9%99tinin-vacib-istiqam%c9%99ti-kimi","status":"publish","type":"post","link":"https:\/\/arantv.az\/?p=151835","title":{"rendered":"V\u0259t\u0259nda\u015flara qay\u011f\u0131 Prezident \u0130lham \u018fliyevin siyas\u0259tinin vacib istiqam\u0259ti kimi"},"content":{"rendered":"<p>Son d\u00f6vrl\u0259rd\u0259 Az\u0259rbaycan b\u00fct\u00fcn d\u00fcnyada oldu\u011fu kimi koronavirusun yay\u0131lmas\u0131 t\u0259hl\u00fck\u0259si il\u0259 \u00fczl\u0259\u015fib. \u00d6lk\u0259mizd\u0259 Prezident \u0130lham \u018fliyevin r\u0259hb\u0259rliyi alt\u0131nda COVID-19 pandemiyas\u0131 il\u0259 m\u00fcbariz\u0259d\u0259 geni\u015fmiqyasl\u0131 t\u0259dbirl\u0259r g\u00f6r\u00fcl\u00fcr, f\u0259al \u015f\u0259kild\u0259 sosial d\u0259st\u0259k v\u0259 h\u0259ssas \u0259hali qrupunun, o c\u00fcml\u0259d\u0259n pandemiyadan z\u0259r\u0259r \u00e7\u0259kmi\u015f sah\u0259l\u0259rd\u0259 i\u015fl\u0259y\u0259n sakinl\u0259rin m\u0259\u015f\u011fullu\u011funun t\u0259min olunmas\u0131 siyas\u0259ti h\u0259yata ke\u00e7irilir.<\/p>\n<p>Prezident \u0130lham \u018fliyevin 19 mart 2020-ci il tarixli &#8220;Koronavirus (COV\u0130D-19) pandemiyas\u0131n\u0131n v\u0259 bundan ir\u0259li g\u0259l\u0259r\u0259k d\u00fcnya enerji v\u0259 s\u0259hm bazarlar\u0131nda ba\u015f ver\u0259n k\u0259skin dal\u011falanmalar\u0131n Az\u0259rbaycan Respublikas\u0131n\u0131n iqtisadiyyat\u0131na, makroiqtisadi sabitliy\u0259, \u00f6lk\u0259d\u0259 m\u0259\u015f\u011fulluq m\u0259s\u0259l\u0259l\u0259rin\u0259 v\u0259 sahibkarl\u0131q subyektl\u0259rin\u0259 m\u0259nfi t\u0259sirinin azald\u0131lmas\u0131 il\u0259 ba\u011fl\u0131 bir s\u0131ra t\u0259dbirl\u0259r haqq\u0131nda&#8221; S\u0259r\u0259ncam\u0131 il\u0259 t\u0259sdiq olunmu\u015f t\u0259dbirl\u0259r plan\u0131 \u0259halinin m\u0259\u015f\u011fullu\u011fu v\u0259 sosial t\u0259minat\u0131n\u0131n d\u0259st\u0259kl\u0259nm\u0259si sah\u0259sind\u0259 d\u00f6rd istiqam\u0259td\u0259 on t\u0259dbirin realla\u015fd\u0131r\u0131lmas\u0131n\u0131 \u0259hat\u0259 edir. Aprelin 17-d\u0259 Prezidentin elan etdiyi yeni d\u0259st\u0259k t\u0259dbirl\u0259rin\u0259 uy\u011fun olaraq 2,5 milyon v\u0259t\u0259nda\u015f\u0131n m\u0259\u015f\u011fullu\u011fu v\u0259 sosial t\u0259minat\u0131n\u0131n d\u0259st\u0259kl\u0259nm\u0259si \u00fc\u00e7\u00fcn 600 milyon manat ayr\u0131l\u0131b.<\/p>\n<p>H\u0259m d\u00f6vl\u0259t, h\u0259m d\u0259 \u00f6z\u0259l sektorda i\u015f yerl\u0259rinin v\u0259 \u0259m\u0259kda\u015flar\u0131n \u0259m\u0259khaqlar\u0131n\u0131n qorunmas\u0131 \u00fczr\u0259 kompleks i\u015fl\u0259r apar\u0131l\u0131b. Bu istiqam\u0259td\u0259 f\u0259aliyy\u0259t n\u0259zar\u0259ti elektron sistem vasit\u0259sil\u0259 h\u0259r g\u00fcn ke\u00e7irilir. Bu proqram \u00e7\u0259r\u00e7iv\u0259sind\u0259 1 milyon 629 min i\u015f\u00e7inin, o c\u00fcml\u0259d\u0259n 910 min d\u00f6vl\u0259t qulluq\u00e7usu v\u0259 719 min \u00f6z\u0259l sektor i\u015f\u00e7isinin \u0259hat\u0259 olunmas\u0131 n\u0259z\u0259rd\u0259 tutulub.<\/p>\n<p>Qeyd etm\u0259k laz\u0131mdr ki, \u00f6lk\u0259nin koronavirusun yay\u0131lmas\u0131 il\u0259 ba\u011fl\u0131 \u00fczl\u0259\u015fdiyi \u00e7\u0259tinlikl\u0259r\u0259 baxmayaraq, yanvar\u0131n 1-d\u0259 aprelin 17-d\u0259n imzalanan \u0259m\u0259k m\u00fcqavil\u0259l\u0259rinin say\u0131 77 min, aprelin 1-d\u0259n aprelin 17-d\u0259k is\u0259 55 min art\u0131b. Bundan ba\u015fqa, 300 min muzdlu i\u015f\u00e7inin \u0259m\u0259khaqq\u0131n\u0131n bir hiss\u0259sinin \u00f6d\u0259nilm\u0259si maliyy\u0259l\u0259\u015fdirilib v\u0259 300 min\u0259d\u0259k f\u0259rdi sahibkara maliyy\u0259 yard\u0131m\u0131 g\u00f6st\u0259rilib.<\/p>\n<p>\u018fhalinin m\u0259\u015f\u011fullu\u011fu xidm\u0259tinin f\u0259aliyy\u0259ti g\u00fccl\u0259ndirilib. DOST M\u0259rk\u0259zl\u0259ri vasit\u0259sil\u0259 aprel-may aylar\u0131 \u0259rzind\u0259 50 min \u00f6d\u0259ni\u015fli ictimai i\u015f yerinin yarad\u0131lmas\u0131 prosesi i\u015f\u0259 sal\u0131n\u0131b. Bu m\u0259qs\u0259dl\u0259r \u00fc\u00e7\u00fcn 30 milyon manat ayr\u0131l\u0131b. Bu g\u00fcn\u0259d\u0259k 5 min n\u0259f\u0259r i\u015fl\u0259 t\u0259min olunub. \u00dcmumilikd\u0259 proqram \u00e7\u0259r\u00e7iv\u0259sind\u0259 yarad\u0131lan ictimai i\u015f yerl\u0259rinin say\u0131 90 min\u0259 \u00e7at\u0131b. X\u00fcsusi karantin rejimi t\u0259tbiq olunanad\u0259k 38 min\u0259 yax\u0131n insan i\u015fl\u0259 t\u0259min olunub v\u0259 i\u015fl\u0259rini davam etdirir.<\/p>\n<p>\u0130\u015fsiz v\u0259 x\u00fcsusi karantin rejimi il\u0259 \u0259laq\u0259dar i\u015fini itirmi\u015f \u015f\u0259xsl\u0259rin \u00f6lk\u0259d\u0259 ya\u015fay\u0131\u015f minimumu h\u0259cmind\u0259, 190 manat m\u0259bl\u0259\u011find\u0259 bird\u0259f\u0259lik \u00f6d\u0259ni\u015fl\u0259 t\u0259min olunmas\u0131 mexanizmi i\u015f\u0259 sal\u0131n\u0131b. Az\u0259rbaycan Prezidentinin q\u0259rar\u0131na \u0259sas\u0259n, aprel v\u0259 may aylar\u0131nda bird\u0259f\u0259lik \u00f6d\u0259ni\u015fl\u0259rl\u0259 600 min n\u0259f\u0259r t\u0259min olunacaq. N\u00f6vb\u0259ti m\u0259rh\u0259l\u0259d\u0259 b\u00fct\u00fcn z\u0259ruri informasiya toplan\u0131b sisteml\u0259\u015fdiril\u0259c\u0259k, s\u00f6z\u00fcged\u0259n \u015f\u0259xsl\u0259r m\u0259\u015f\u011fullu\u011fun t\u0259min olunmas\u0131 m\u0259qs\u0259dil\u0259 qeydiyyata al\u0131nacaq.<\/p>\n<p>Aprelin 7-d\u0259 t\u0259sdiql\u0259n\u0259n qaydalara \u0259sas\u0259n, \u00f6d\u0259ni\u015fl\u0259r \u00e7ox q\u0131sa m\u00fcdd\u0259td\u0259, qeydiyyatdan sonrak\u0131 3 i\u015f g\u00fcn\u00fc \u0259rzind\u0259 h\u0259yata ke\u00e7irilir. \u00dcmumilikd\u0259, aprelin 9-dan 17-d\u0259k 140 min i\u015fsiz\u0259 bird\u0259f\u0259lik \u00f6d\u0259ni\u015fl\u0259r verilib. Eyni zamanda, i\u015fsizlik \u00fczr\u0259 s\u0131\u011forta \u00f6d\u0259ni\u015fl\u0259rinin geni\u015fl\u0259ndirilm\u0259si n\u0259z\u0259rd\u0259 tutulub ki, bu da \u0259m\u0259k m\u00fcqavil\u0259sinin m\u00fcdd\u0259ti bitmi\u015f \u0259m\u0259kda\u015flara \u015famil olunacaq. 2020-ci ild\u0259 bu \u00f6d\u0259ni\u015fl\u0259rin 20 min n\u0259f\u0259ri \u0259hat\u0259 ed\u0259c\u0259yi g\u00f6zl\u0259nilir. \u0130\u015fsizlik s\u0131\u011fortas\u0131 \u00fczr\u0259 \u00f6d\u0259ni\u015fl\u0259rin, el\u0259c\u0259 d\u0259 pe\u015f\u0259kar t\u0259drisl\u0259 ba\u011fl\u0131 fasil\u0259l\u0259rl\u0259 \u0259laq\u0259li m\u00fcavin\u0259tl\u0259rin verilm\u0259si m\u00fcdd\u0259ti uzad\u0131lacaq. 2 min n\u0259f\u0259ri \u0259hat\u0259 ed\u0259c\u0259k bu sosial t\u0259dbir\u0259 600 min manat ayr\u0131l\u0131b.<\/p>\n<p>Qeyd etm\u0259k laz\u0131md\u0131r ki, 2020-ci ild\u0259 12 min ail\u0259nin \u00f6z\u00fcn\u00fcm\u0259\u015f\u011fulluq proqram\u0131na c\u0259lb olunmas\u0131 f\u0259aliyy\u0259ti ba\u015flay\u0131b. Bu m\u0259qs\u0259dl\u0259 \u0130\u015fsizlikd\u0259n S\u0131\u011forta Fondundan 70 milyon manat ayr\u0131l\u0131b. Proqram\u0131n inki\u015faf\u0131na Heyd\u0259r \u018fliyev Fondunun &#8220;Regional \u0130nki\u015faf&#8221; \u0130ctimai Birliyi ild\u0259 250 ail\u0259 c\u0259lb etm\u0259kl\u0259 f\u0259al \u015f\u0259kild\u0259 k\u00f6m\u0259k edir.<\/p>\n<p>Bundan ba\u015fqa, aprelin 8-d\u0259n ba\u015flayaraq bir \u00e7ox banklar bu proqram\u0131n i\u015ftirak\u00e7\u0131lar\u0131 il\u0259 \u0259m\u0259kda\u015fl\u0131\u011fa qo\u015fulub. Layih\u0259 D\u00fcnya Bank\u0131 il\u0259 birg\u0259 icra olunur v\u0259 ild\u0259 5 min ail\u0259nin \u00f6z\u00fcn\u00fcm\u0259\u015f\u011fullu\u011funun t\u0259min olunmas\u0131na y\u00f6n\u0259lib. H\u0259m\u00e7inin, BMT-nin \u0130nki\u015faf Proqram\u0131 il\u0259 t\u0259r\u0259fda\u015fl\u0131qda m\u0259hdud imkan\u0131 olan 500-d\u0259k \u015f\u0259xsin biznes\u0259 \u00e7\u0131x\u0131\u015f\u0131n\u0131n t\u0259min olunmas\u0131 n\u0259z\u0259rd\u0259 tutulub.<\/p>\n<p>X\u00fcsusil\u0259 h\u0259ssas \u0259hali qrupunun sosial m\u00fcdafi\u0259si istiqam\u0259tind\u0259 t\u0259dbirl\u0259r g\u00fccl\u0259ndirilib.<\/p>\n<p>2019-cu ild\u0259 D\u00f6vl\u0259t Sosial M\u00fcdafi\u0259 Fondunun yaratd\u0131\u011f\u0131 ehtiyatdan 200 milyon manat\u0131 \u0259haliy\u0259 dayan\u0131ql\u0131 sosial \u00f6d\u0259m\u0259l\u0259rin t\u0259min olunmas\u0131na y\u00f6n\u0259ldilib. Haz\u0131rda 2,3 milyona yax\u0131n \u015f\u0259xs pensiya, m\u00fcavin\u0259t, t\u0259qa\u00fcd formas\u0131nda bu c\u00fcr \u00f6d\u0259m\u0259l\u0259r \u0259ld\u0259 edir. Aprelin 8-d\u0259n 15-d\u0259k \u00f6lk\u0259d\u0259 aprel ay\u0131 \u00fczr\u0259 pensiyalar tam \u015f\u0259kild\u0259 \u00f6d\u0259nilib. M\u00fcavin\u0259t, pensiya v\u0259 t\u0259zminatlar h\u0259r ay\u0131n 20-21-d\u0259, \u00fcnvanl\u0131 d\u00f6vl\u0259t sosial yard\u0131m\u0131 is\u0259 ay\u0131n 28-d\u0259 \u00f6d\u0259nil\u0259c\u0259k.<\/p>\n<p>\u00dcnvanl\u0131 d\u00f6vl\u0259t sosial yard\u0131m\u0131n\u0131n verilm\u0259si mexanizmi geni\u015fl\u0259ndirilib v\u0259 sad\u0259l\u0259\u015fdirilib. Vaxt\u0131 ba\u015fa \u00e7atm\u0131\u015f \u00fcnvanl\u0131 d\u00f6vl\u0259t sosial yard\u0131m\u0131n\u0131n \u00f6d\u0259nilm\u0259si m\u00fcdd\u0259ti x\u00fcsusi karantin rejiminin ba\u015fa \u00e7atd\u0131\u011f\u0131 aydan sonrak\u0131 ay\u0131n 1-d\u0259k uzad\u0131l\u0131b. Bu m\u0259qs\u0259dl\u0259r \u00fc\u00e7\u00fcn daha 3 milyon manat ayr\u0131l\u0131b. Aprelin 1-d\u0259n \u00fcnvanl\u0131 d\u00f6vl\u0259t sosial yard\u0131m alanlar\u0131n say\u0131 daha 10 min ail\u0259 art\u0131b. Haz\u0131rda 80 min ail\u0259nin 330 min \u00fczv\u00fc \u00fcnvanl\u0131 d\u00f6vl\u0259t sosial yard\u0131m proqram\u0131 il\u0259 \u0259hat\u0259 edilib. H\u0259r ail\u0259y\u0259 veril\u0259n yard\u0131m\u0131n m\u0259bl\u0259\u011fi 222 manat t\u0259\u015fkil edir.<\/p>\n<p>X\u00fcsusi karantin rejimind\u0259 t\u0259tbiq olunan m\u0259hdudiyy\u0259t t\u0259dbirl\u0259ri zaman\u0131 x\u00fcsusi diqq\u0259t 65 ya\u015fdan yuxar\u0131 \u015f\u0259xsl\u0259r\u0259 v\u0259 x\u00fcsusi qay\u011f\u0131ya ehtiyac\u0131 olan \u015f\u0259xsl\u0259r\u0259 evl\u0259rd\u0259 sosial xidm\u0259t g\u00f6st\u0259rilm\u0259sin\u0259 y\u00f6n\u0259lib. Sosial xidm\u0259tl\u0259r 15 mind\u0259n \u00e7ox t\u0259nha ya\u015fl\u0131 \u015f\u0259xsl\u0259r\u0259 t\u0259qdim edilir. Sosial t\u0259r\u0259fda\u015fl\u0131q proqram\u0131 \u00e7\u0259r\u00e7iv\u0259sind\u0259 t\u0259nha \u015f\u0259xsl\u0259r\u0259 v\u0259 \u0259lill\u0259r\u0259 17 min\u0259 yax\u0131n \u0259rzaq pay\u0131 t\u0259qdim edilib v\u0259 bu proses davam edir.<\/p>\n<p>Haz\u0131rda 9 mind\u0259n \u00e7ox \u015f\u0259xs\u0259 9 sosial xidm\u0259t m\u00fc\u0259ssis\u0259sind\u0259 stasionar \u015f\u0259raitd\u0259 sosial xidm\u0259t g\u00f6st\u0259rilir.<\/p>\n<p>Qeyd olunanlardan \u0259lav\u0259, 2020-ci il mart\u0131n 1-d\u0259n x\u00fcsusi karantin rejimi m\u00fcdd\u0259tind\u0259 \u0259lill\u0259rin, o c\u00fcml\u0259d\u0259n \u0259lil u\u015faqlar\u0131n ba\u015fa \u00e7atm\u0131\u015f f\u0259aliyy\u0259t qabiliyy\u0259tsizliyi m\u00fcdd\u0259ti x\u00fcsusi karantin rejiminin sona yetdiyi aydan sonrak\u0131 ay\u0131n 1-d\u0259k uzad\u0131l\u0131b. Bu add\u0131m 14 min n\u0259f\u0259ri \u0259hat\u0259 edir v\u0259 bunun \u00fc\u00e7\u00fcn 2,6 milyon manat ayr\u0131l\u0131b.<\/p>\n<p>Dig\u0259r sosial d\u0259st\u0259k t\u0259dbirl\u0259ri s\u0131ras\u0131nda \u0259halinin g\u00fcz\u0259\u015ftli tarifl\u0259 elektrik enerjisi istehlak limiti ayl\u0131q 100 kilovatt\/saat art\u0131r\u0131l\u0131b. \u018fhalinin sosial h\u0259ssas qrupuna daxil olan t\u0259l\u0259b\u0259l\u0259rin t\u0259drisi \u00fczr\u0259 x\u0259rcl\u0259rin \u00f6d\u0259nilm\u0259si \u00fc\u00e7\u00fcn d\u00f6vl\u0259t b\u00fcdc\u0259sind\u0259n 40 milyon manat ayr\u0131l\u0131b.<\/p>\n<p>Az\u0259rbaycan d\u00f6vl\u0259ti h\u0259r zaman, x\u00fcsusil\u0259 d\u0259 m\u00fcr\u0259kk\u0259b d\u00f6vrd\u0259, \u00f6z xalq\u0131n\u0131n yan\u0131ndad\u0131r, h\u0259r bir insan\u0131n h\u0259yat\u0131 v\u0259 sa\u011flaml\u0131\u011f\u0131, onun sosial rifah\u0131 Prezident \u0130lham \u018fliyevin siyas\u0259tinin \u0259sas\u0131n\u0131 t\u0259\u015fki edir. Onun r\u0259hb\u0259rliyi alt\u0131nda h\u0259yata ke\u00e7irilmi\u015f geni\u015fmiqyasl\u0131 iqtisadi v\u0259 sosial islahatlar say\u0259sind\u0259 etibarl\u0131 t\u0259hl\u00fck\u0259sizlik yast\u0131\u011f\u0131 formala\u015f\u0131b v\u0259 Az\u0259rbaycan s\u0131rf \u00f6z ehtiyatlar\u0131na bel ba\u011flamaqla pandemiyan\u0131n yay\u0131lmas\u0131 il\u0259 m\u00fcbariz\u0259d\u0259 s\u0259m\u0259r\u0259li t\u0259dbirl\u0259ri vaxtl\u0131-vaxt\u0131nda h\u0259yata ke\u00e7irdi. Bu \u00e7\u0259tin d\u00f6vrd\u0259 \u00f6lk\u0259mizin b\u00fct\u00fcn v\u0259t\u0259nda\u015flar\u0131 Prezidentin diqq\u0259t v\u0259 qay\u011f\u0131s\u0131n\u0131 hiss ed\u0259r\u0259k qar\u015f\u0131l\u0131ql\u0131 d\u0259st\u0259k, \u015f\u00fcurluluq v\u0259 h\u0259mr\u0259ylik n\u00fcmayi\u015f etdirir v\u0259 ba\u015fa d\u00fc\u015f\u00fcr ki, &#8220;Biz birlikd\u0259 g\u00fccl\u00fcy\u00fck!&#8221;<\/p>\n<p><strong>Yusif A\u011fayev<\/strong><\/p>\n<p><strong><a href=\"http:\/\/az.trend.az\/\" target=\"_blank\" rel=\"noopener\">Trend<\/a>\u00a0siyas\u0259t \u015f\u00f6b\u0259si<\/strong><\/p>\n","protected":false},"excerpt":{"rendered":"<p>Son d\u00f6vrl\u0259rd\u0259 Az\u0259rbaycan b\u00fct\u00fcn d\u00fcnyada oldu\u011fu kimi koronavirusun yay\u0131lmas\u0131 t\u0259hl\u00fck\u0259si il\u0259 \u00fczl\u0259\u015fib. \u00d6lk\u0259mizd\u0259 Prezident \u0130lham \u018fliyevin r\u0259hb\u0259rliyi alt\u0131nda COVID-19 pandemiyas\u0131 il\u0259 m\u00fcbariz\u0259d\u0259 geni\u015fmiqyasl\u0131 t\u0259dbirl\u0259r g\u00f6r\u00fcl\u00fcr, f\u0259al \u015f\u0259kild\u0259 sosial d\u0259st\u0259k v\u0259 h\u0259ssas \u0259hali qrupunun, o c\u00fcml\u0259d\u0259n pandemiyadan z\u0259r\u0259r \u00e7\u0259kmi\u015f sah\u0259l\u0259rd\u0259 i\u015fl\u0259y\u0259n sakinl\u0259rin m\u0259\u015f\u011fullu\u011funun t\u0259min olunmas\u0131 siyas\u0259ti h\u0259yata ke\u00e7irilir. Prezident \u0130lham \u018fliyevin 19 mart 2020-ci il tarixli &#8220;Koronavirus (COV\u0130D-19) pandemiyas\u0131n\u0131n v\u0259 bundan ir\u0259li g\u0259l\u0259r\u0259k d\u00fcnya enerji v\u0259 s\u0259hm bazarlar\u0131nda ba\u015f ver\u0259n k\u0259skin dal\u011falanmalar\u0131n Az\u0259rbaycan Respublikas\u0131n\u0131n iqtisadiyyat\u0131na, makroiqtisadi sabitliy\u0259, \u00f6lk\u0259d\u0259 m\u0259\u015f\u011fulluq m\u0259s\u0259l\u0259l\u0259rin\u0259 v\u0259 sahibkarl\u0131q subyektl\u0259rin\u0259 m\u0259nfi t\u0259sirinin azald\u0131lmas\u0131 il\u0259 ba\u011fl\u0131 bir s\u0131ra t\u0259dbirl\u0259r&hellip;<\/p>\n","protected":false},"author":2,"featured_media":151836,"comment_status":"closed","ping_status":"closed","sticky":false,"template":"","format":"standard","meta":{"om_disable_all_campaigns":false,"_monsterinsights_skip_tracking":false,"_monsterinsights_sitenote_active":false,"_monsterinsights_sitenote_note":"","_monsterinsights_sitenote_category":0},"categories":[1],"tags":[],"aioseo_notices":[],"gutentor_comment":0,"rttpg_featured_image_url":{"full":["https:\/\/arantv.az\/wp-content\/uploads\/2020\/04\/ilham_aliyev_2020_56.jpg",800,600,false],"landscape":["https:\/\/arantv.az\/wp-content\/uploads\/2020\/04\/ilham_aliyev_2020_56.jpg",800,600,false],"portraits":["https:\/\/arantv.az\/wp-content\/uploads\/2020\/04\/ilham_aliyev_2020_56.jpg",800,600,false],"thumbnail":["https:\/\/arantv.az\/wp-content\/uploads\/2020\/04\/ilham_aliyev_2020_56-150x150.jpg",150,150,true],"medium":["https:\/\/arantv.az\/wp-content\/uploads\/2020\/04\/ilham_aliyev_2020_56-300x225.jpg",300,225,true],"large":["https:\/\/arantv.az\/wp-content\/uploads\/2020\/04\/ilham_aliyev_2020_56.jpg",640,480,false],"1536x1536":["https:\/\/arantv.az\/wp-content\/uploads\/2020\/04\/ilham_aliyev_2020_56.jpg",800,600,false],"2048x2048":["https:\/\/arantv.az\/wp-content\/uploads\/2020\/04\/ilham_aliyev_2020_56.jpg",800,600,false],"post-thumbnail":["https:\/\/arantv.az\/wp-content\/uploads\/2020\/04\/ilham_aliyev_2020_56-240x172.jpg",240,172,true],"advps-thumb-one":["https:\/\/arantv.az\/wp-content\/uploads\/2020\/04\/ilham_aliyev_2020_56.jpg",800,600,false]},"rttpg_author":{"display_name":"V\u00fcsal Rafiqo\u011flu","author_link":"https:\/\/arantv.az\/?author=2"},"rttpg_comment":0,"rttpg_category":"<a href=\"https:\/\/arantv.az\/?cat=1\" rel=\"category\">C\u0259miyy\u0259t<\/a>","rttpg_excerpt":"Son d\u00f6vrl\u0259rd\u0259 Az\u0259rbaycan b\u00fct\u00fcn d\u00fcnyada oldu\u011fu kimi koronavirusun yay\u0131lmas\u0131 t\u0259hl\u00fck\u0259si il\u0259 \u00fczl\u0259\u015fib. \u00d6lk\u0259mizd\u0259 Prezident \u0130lham \u018fliyevin r\u0259hb\u0259rliyi alt\u0131nda COVID-19 pandemiyas\u0131 il\u0259 m\u00fcbariz\u0259d\u0259 geni\u015fmiqyasl\u0131 t\u0259dbirl\u0259r g\u00f6r\u00fcl\u00fcr, f\u0259al \u015f\u0259kild\u0259 sosial d\u0259st\u0259k v\u0259 h\u0259ssas \u0259hali qrupunun, o c\u00fcml\u0259d\u0259n pandemiyadan z\u0259r\u0259r \u00e7\u0259kmi\u015f sah\u0259l\u0259rd\u0259 i\u015fl\u0259y\u0259n sakinl\u0259rin m\u0259\u015f\u011fullu\u011funun t\u0259min olunmas\u0131 siyas\u0259ti h\u0259yata ke\u00e7irilir. Prezident \u0130lham \u018fliyevin 19 mart 2020-ci il tarixli&hellip;","_links":{"self":[{"href":"https:\/\/arantv.az\/index.php?rest_route=\/wp\/v2\/posts\/151835"}],"collection":[{"href":"https:\/\/arantv.az\/index.php?rest_route=\/wp\/v2\/posts"}],"about":[{"href":"https:\/\/arantv.az\/index.php?rest_route=\/wp\/v2\/types\/post"}],"author":[{"embeddable":true,"href":"https:\/\/arantv.az\/index.php?rest_route=\/wp\/v2\/users\/2"}],"replies":[{"embeddable":true,"href":"https:\/\/arantv.az\/index.php?rest_route=%2Fwp%2Fv2%2Fcomments&post=151835"}],"version-history":[{"count":0,"href":"https:\/\/arantv.az\/index.php?rest_route=\/wp\/v2\/posts\/151835\/revisions"}],"wp:featuredmedia":[{"embeddable":true,"href":"https:\/\/arantv.az\/index.php?rest_route=\/wp\/v2\/media\/151836"}],"wp:attachment":[{"href":"https:\/\/arantv.az\/index.php?rest_route=%2Fwp%2Fv2%2Fmedia&parent=151835"}],"wp:term":[{"taxonomy":"category","embeddable":true,"href":"https:\/\/arantv.az\/index.php?rest_route=%2Fwp%2Fv2%2Fcategories&post=151835"},{"taxonomy":"post_tag","embeddable":true,"href":"https:\/\/arantv.az\/index.php?rest_route=%2Fwp%2Fv2%2Ftags&post=151835"}],"curies":[{"name":"wp","href":"https:\/\/api.w.org\/{rel}","templated":true}]}}