{"id":151839,"date":"2020-04-18T12:53:00","date_gmt":"2020-04-18T09:53:00","guid":{"rendered":"http:\/\/arantv.az\/?p=151839"},"modified":"2020-04-18T12:53:00","modified_gmt":"2020-04-18T09:53:00","slug":"s%c9%99daq%c9%99t-v%c9%99liyeva-dovl%c9%99t-calisir-ki-bu-cur-c%c9%99tin-v%c9%99-h%c9%99ssas-m%c9%99qamlarda-sosial-proqramlar-dayanmasin-ixtisar-olunmasin","status":"publish","type":"post","link":"https:\/\/arantv.az\/?p=151839","title":{"rendered":"S\u0259daq\u0259t V\u0259liyeva: D\u00f6vl\u0259t \u00e7al\u0131\u015f\u0131r ki, bu c\u00fcr \u00e7\u0259tin v\u0259 h\u0259ssas m\u0259qamlarda sosial proqramlar dayanmas\u0131n, ixtisar olunmas\u0131n"},"content":{"rendered":"<p>&#8220;D\u00f6vl\u0259t \u00e7al\u0131\u015f\u0131r ki, bu c\u00fcr \u00e7\u0259tin v\u0259 h\u0259ssas m\u0259qamlarda sosial proqramlar dayanmas\u0131n, ixtisar olunmas\u0131n&#8221;.<\/p>\n<p>ARANTV.AZ x\u0259b\u0259r verir ki, bunu\u00a0<a href=\"https:\/\/az.trend.az\/\" target=\"_blank\" rel=\"noopener\">Trend<\/a>-\u0259 Yeni Az\u0259rbaycan Partiyas\u0131 Nizami rayon t\u0259\u015fkilat\u0131n\u0131n s\u0259dri, Milli M\u0259clisin deputat\u0131 S\u0259daq\u0259t V\u0259liyeva deyib.<\/p>\n<p>S.V\u0259liyeva bildirib ki, c\u0259nab Prezident \u0130lham \u018fliyevin r\u0259hb\u0259rliyi il\u0259 \u00f6lk\u0259d\u0259 koronavirus pandemiyas\u0131na qar\u015f\u0131 geni\u015fmiqyasl\u0131 t\u0259dbirl\u0259r g\u00f6r\u00fcl\u00fcr, m\u0259\u015f\u011fullu\u011fa v\u0259 sosial rifaha d\u0259st\u0259k m\u0259qs\u0259dil\u0259 f\u0259al siyas\u0259t apar\u0131l\u0131r:<\/p>\n<p>&#8220;M\u0259hz, m\u0259\u015f\u011fullu\u011fa v\u0259 sosial rifaha d\u0259st\u0259k m\u0259qs\u0259dil\u0259 4 istiqam\u0259t \u00fczr\u0259 10 paket realla\u015fd\u0131r\u0131l\u0131r v\u0259 Prezident t\u0259r\u0259find\u0259n elan edil\u0259n yeni d\u0259st\u0259k t\u0259dbirl\u0259ri il\u0259 2,5 milyon v\u0259t\u0259nda\u015f\u0131 \u0259hat\u0259 ed\u0259n m\u0259\u015f\u011fulluq, sosial rifah istiqam\u0259tin\u0259 600 milyon manat v\u0259sait ayr\u0131l\u0131b. D\u00f6vl\u0259t i\u015f yerl\u0259rinin v\u0259 i\u015f\u00e7il\u0259rin \u0259m\u0259khaqq\u0131 g\u0259lirl\u0259rinin qorunmas\u0131 \u00fc\u00e7\u00fcn m\u0259qs\u0259dy\u00f6nl\u00fc i\u015fl\u0259r apar\u0131r, elektron sistem \u00fcz\u0259rind\u0259n g\u00fcnd\u0259lik n\u0259zar\u0259t h\u0259yata ke\u00e7irir, 300 min muzdlu i\u015f\u00e7inin \u0259m\u0259k haqlar\u0131n\u0131n bir hiss\u0259si maliyy\u0259l\u0259\u015fdirilir v\u0259 t\u0259qrib\u0259n 300 min f\u0259rdi sahibkara d\u0259st\u0259k verilir. M\u0259\u015f\u011fulluq orqanlar\u0131n\u0131n da f\u0259aliyy\u0259ti g\u00fccl\u0259ndirilib. Prezidentin t\u0259\u015f\u0259bb\u00fcs\u00fc il\u0259 50 min \u00f6d\u0259ni\u015fli ictimai i\u015f yerinin yarad\u0131lmas\u0131na ba\u015flan\u0131b. Bunun \u00fc\u00e7\u00fcn 30 milyon manat v\u0259sait ayr\u0131l\u0131b v\u0259 art\u0131q 5 min \u015f\u0259xs i\u015f\u0259 c\u0259lb edilib. \u00dcmumilikd\u0259 ictimai i\u015f yerl\u0259rinin say\u0131 is\u0259 90 min\u0259 \u00e7at\u0131b. X\u00fcsusi karantin rejimi ba\u015flayanad\u0259k 38 min \u015f\u0259xs bu i\u015fl\u0259r\u0259 c\u0259lb edilib v\u0259 haz\u0131rda da i\u015fl\u0259m\u0259y\u0259 davam edirl\u0259r. Eyni zamanda, i\u015fsizl\u0259r v\u0259 x\u00fcsusi karantin rejimin\u0259 g\u00f6r\u0259 i\u015fini itir\u0259n qeyri-formal i\u015fl\u0259y\u0259n \u015f\u0259xsl\u0259r\u0259 d\u0259 \u00f6lk\u0259 \u00fczr\u0259 ya\u015fay\u0131\u015f minimumu s\u0259viyy\u0259sind\u0259 bird\u0259f\u0259lik \u00f6d\u0259m\u0259 verilm\u0259sin\u0259 ba\u015flan\u0131b. Sevindirici hald\u0131r ki, Az\u0259rbaycan Prezidentinin q\u0259rar\u0131 il\u0259 bird\u0259f\u0259lik \u00f6d\u0259m\u0259 3 d\u0259f\u0259 art\u0131r\u0131laraq 600 min \u015f\u0259xs\u0259 \u00f6d\u0259nil\u0259c\u0259k&#8221;.<\/p>\n<p>&#8220;D\u00f6vl\u0259t \u00e7al\u0131\u015f\u0131r ki, bu c\u00fcr \u00e7\u0259tin v\u0259 h\u0259ssas m\u0259qamlarda sosial proqramlar dayanmas\u0131n, ixtisar olunmas\u0131n. \u018fminlikl\u0259 dey\u0259 bil\u0259r\u0259m ki, haz\u0131rda Az\u0259rbaycan d\u00fcnyada yegan\u0259 \u00f6lk\u0259l\u0259rd\u0259ndir ki, sosial \u00f6hd\u0259likl\u0259rini vaxt\u0131nda yerin\u0259 yetirir&#8221; &#8211; dey\u0259n S.V\u0259liyeva \u0259lav\u0259 edib ki, respublika \u00fczr\u0259 aprel ay\u0131 \u00fc\u00e7\u00fcn pensiyalar tam \u00f6d\u0259nilib, ay\u0131n 20-21-d\u0259 m\u00fcavin\u0259t, t\u0259qa\u00fcd v\u0259 kompensasiya, ay\u0131n 28-d\u0259 is\u0259 \u00fcnvanl\u0131 d\u00f6vl\u0259t sosial yard\u0131mlar\u0131n\u0131n \u00f6d\u0259ni\u015fi apar\u0131lacaq:<\/p>\n<p>&#8220;H\u0259m\u00e7inin, x\u00fcsusi karantin rejimi m\u00fcdd\u0259tind\u0259 \u00fcnvanl\u0131 d\u00f6vl\u0259t sosial yard\u0131m\u0131n\u0131n t\u0259yin olunma m\u00fcdd\u0259ti bit\u0259n azt\u0259minatl\u0131 ail\u0259l\u0259r\u0259 d\u0259 bu yard\u0131m\u0131n verilm\u0259si karantin rejimi ba\u015fa \u00e7atd\u0131\u011f\u0131 tarixd\u0259n sonrak\u0131 ay\u0131n 1-d\u0259k uzad\u0131l\u0131b v\u0259 bunun \u00fc\u00e7\u00fcn \u0259lav\u0259 3 milyon manat ayr\u0131l\u0131b. Eyni zamanda, ya\u015f\u0131 65-d\u0259n yuxar\u0131 t\u0259nha \u015f\u0259xsl\u0259r\u0259 evl\u0259rind\u0259 sosial xidm\u0259tl\u0259rin g\u00f6st\u0259rilm\u0259si v\u0259 x\u00fcsusi qay\u011f\u0131ya ehtiyac\u0131 olan \u015f\u0259xsl\u0259r\u0259 sosial xidm\u0259t m\u00fc\u0259ssis\u0259l\u0259rind\u0259 xidm\u0259t g\u00f6st\u0259rilm\u0259si i\u015fl\u0259ri apar\u0131l\u0131r. 15 000-d\u0259n \u00e7ox t\u0259nha ya\u015fl\u0131ya sosial xidm\u0259tl\u0259r g\u00f6st\u0259rilir. Art\u0131q 17 min\u0259d\u0259k \u0259rzaq pay\u0131 t\u0259nha v\u0259 \u0259lilliyi olan \u015f\u0259xsl\u0259r\u0259 verilib v\u0259 bu proses davam edir. Bu m\u0259qamda is\u0259 YAP-\u0131n k\u00f6n\u00fcll\u00fcl\u0259rinin d\u0259 bu prosesd\u0259 aktiv i\u015ftirak\u0131n\u0131 qeyd etm\u0259k ist\u0259rdim. Bundan ba\u015fqa, haz\u0131rda 9 sosial xidm\u0259t m\u00fc\u0259ssis\u0259sind\u0259 1000-d\u0259n \u00e7ox \u015f\u0259xs stasionar \u015f\u0259raitd\u0259 sosial xidm\u0259tl\u0259rl\u0259 t\u0259min olunur&#8221;.<\/p>\n<p>S.V\u0259liyeva diqq\u0259t\u0259 \u00e7atd\u0131r\u0131b ki, d\u00f6vl\u0259t x\u00fcsusi karantin rejimind\u0259 \u0259halinin sosial v\u0259ziyy\u0259tini stabil saxlamaq \u00fc\u00e7\u00fcn daha bir ne\u00e7\u0259 add\u0131m da at\u0131b: &#8220;M\u0259s\u0259l\u0259n, 2020-ci il mart\u0131n 1-d\u0259n etibar\u0259n \u0259lillik m\u00fcdd\u0259ti ba\u015fa \u00e7atan \u0259lilliyi olan \u015f\u0259xsl\u0259rin, o c\u00fcml\u0259d\u0259n sa\u011flaml\u0131q imkanlar\u0131 m\u0259hdud u\u015faqlar\u0131n \u0259lillik m\u00fcdd\u0259ti x\u00fcsusi karantin rejiminin bitdiyi tarixd\u0259n sonrak\u0131 ay\u0131n 1-d\u0259k uzad\u0131l\u0131b v\u0259 bu t\u0259dbir 14 min n\u0259f\u0259ri \u0259hat\u0259 edir, bunun \u00fc\u00e7\u00fcn is\u0259 2.6 milyon manat ayr\u0131l\u0131b. El\u0259c\u0259 d\u0259, \u0259haliy\u0259 g\u00fcz\u0259\u015ftli i\u015f\u0131q limiti aprel-may aylar\u0131nda 100 kvts. h\u0259cmind\u0259 art\u0131r\u0131l\u0131b v\u0259 10 milyon manat ayr\u0131l\u0131b. Sosial bax\u0131mdan h\u0259ssas \u0259hali qrupuna aid edil\u0259n ail\u0259l\u0259rin \u00fczv\u00fc olan t\u0259l\u0259b\u0259l\u0259rin t\u0259hsil haqq\u0131 x\u0259rcl\u0259rinin \u00f6d\u0259nilm\u0259si n\u0259z\u0259rd\u0259 tutulub ki, buna da 40 milyon manat ayr\u0131l\u0131b. Bir s\u00f6zl\u0259, b\u00fct\u00fcn g\u00f6r\u00fcl\u0259n i\u015fl\u0259r, sosial t\u0259dbirl\u0259r isbatlay\u0131r ki, Prezident \u0130lham \u018fliyevin y\u00fcr\u00fctd\u00fcy\u00fc siyas\u0259tin m\u0259rk\u0259zind\u0259 v\u0259t\u0259nda\u015f dayan\u0131r v\u0259 d\u00f6vl\u0259t h\u0259r zaman v\u0259t\u0259nda\u015f\u0131n yan\u0131ndad\u0131r&#8221;.<\/p>\n","protected":false},"excerpt":{"rendered":"<p>&#8220;D\u00f6vl\u0259t \u00e7al\u0131\u015f\u0131r ki, bu c\u00fcr \u00e7\u0259tin v\u0259 h\u0259ssas m\u0259qamlarda sosial proqramlar dayanmas\u0131n, ixtisar olunmas\u0131n&#8221;. ARANTV.AZ x\u0259b\u0259r verir ki, bunu\u00a0Trend-\u0259 Yeni Az\u0259rbaycan Partiyas\u0131 Nizami rayon t\u0259\u015fkilat\u0131n\u0131n s\u0259dri, Milli M\u0259clisin deputat\u0131 S\u0259daq\u0259t V\u0259liyeva deyib. S.V\u0259liyeva bildirib ki, c\u0259nab Prezident \u0130lham \u018fliyevin r\u0259hb\u0259rliyi il\u0259 \u00f6lk\u0259d\u0259 koronavirus pandemiyas\u0131na qar\u015f\u0131 geni\u015fmiqyasl\u0131 t\u0259dbirl\u0259r g\u00f6r\u00fcl\u00fcr, m\u0259\u015f\u011fullu\u011fa v\u0259 sosial rifaha d\u0259st\u0259k m\u0259qs\u0259dil\u0259 f\u0259al siyas\u0259t apar\u0131l\u0131r: &#8220;M\u0259hz, m\u0259\u015f\u011fullu\u011fa v\u0259 sosial rifaha d\u0259st\u0259k m\u0259qs\u0259dil\u0259 4 istiqam\u0259t \u00fczr\u0259 10 paket realla\u015fd\u0131r\u0131l\u0131r v\u0259 Prezident t\u0259r\u0259find\u0259n elan edil\u0259n yeni d\u0259st\u0259k t\u0259dbirl\u0259ri il\u0259 2,5 milyon v\u0259t\u0259nda\u015f\u0131 \u0259hat\u0259 ed\u0259n m\u0259\u015f\u011fulluq, sosial rifah istiqam\u0259tin\u0259 600 milyon&hellip;<\/p>\n","protected":false},"author":2,"featured_media":151840,"comment_status":"closed","ping_status":"closed","sticky":false,"template":"","format":"standard","meta":{"om_disable_all_campaigns":false,"_monsterinsights_skip_tracking":false,"_monsterinsights_sitenote_active":false,"_monsterinsights_sitenote_note":"","_monsterinsights_sitenote_category":0},"categories":[19],"tags":[],"aioseo_notices":[],"gutentor_comment":0,"rttpg_featured_image_url":{"full":["https:\/\/arantv.az\/wp-content\/uploads\/2020\/04\/842165-1.jpg",800,600,false],"landscape":["https:\/\/arantv.az\/wp-content\/uploads\/2020\/04\/842165-1.jpg",800,600,false],"portraits":["https:\/\/arantv.az\/wp-content\/uploads\/2020\/04\/842165-1.jpg",800,600,false],"thumbnail":["https:\/\/arantv.az\/wp-content\/uploads\/2020\/04\/842165-1-150x150.jpg",150,150,true],"medium":["https:\/\/arantv.az\/wp-content\/uploads\/2020\/04\/842165-1-300x225.jpg",300,225,true],"large":["https:\/\/arantv.az\/wp-content\/uploads\/2020\/04\/842165-1.jpg",640,480,false],"1536x1536":["https:\/\/arantv.az\/wp-content\/uploads\/2020\/04\/842165-1.jpg",800,600,false],"2048x2048":["https:\/\/arantv.az\/wp-content\/uploads\/2020\/04\/842165-1.jpg",800,600,false],"post-thumbnail":["https:\/\/arantv.az\/wp-content\/uploads\/2020\/04\/842165-1-240x172.jpg",240,172,true],"advps-thumb-one":["https:\/\/arantv.az\/wp-content\/uploads\/2020\/04\/842165-1.jpg",800,600,false]},"rttpg_author":{"display_name":"V\u00fcsal Rafiqo\u011flu","author_link":"https:\/\/arantv.az\/?author=2"},"rttpg_comment":0,"rttpg_category":"<a href=\"https:\/\/arantv.az\/?cat=19\" rel=\"category\">G\u00fcnd\u0259m<\/a>","rttpg_excerpt":"&#8220;D\u00f6vl\u0259t \u00e7al\u0131\u015f\u0131r ki, bu c\u00fcr \u00e7\u0259tin v\u0259 h\u0259ssas m\u0259qamlarda sosial proqramlar dayanmas\u0131n, ixtisar olunmas\u0131n&#8221;. ARANTV.AZ x\u0259b\u0259r verir ki, bunu\u00a0Trend-\u0259 Yeni Az\u0259rbaycan Partiyas\u0131 Nizami rayon t\u0259\u015fkilat\u0131n\u0131n s\u0259dri, Milli M\u0259clisin deputat\u0131 S\u0259daq\u0259t V\u0259liyeva deyib. S.V\u0259liyeva bildirib ki, c\u0259nab Prezident \u0130lham \u018fliyevin r\u0259hb\u0259rliyi il\u0259 \u00f6lk\u0259d\u0259 koronavirus pandemiyas\u0131na qar\u015f\u0131 geni\u015fmiqyasl\u0131 t\u0259dbirl\u0259r g\u00f6r\u00fcl\u00fcr, m\u0259\u015f\u011fullu\u011fa v\u0259 sosial rifaha d\u0259st\u0259k m\u0259qs\u0259dil\u0259 f\u0259al&hellip;","_links":{"self":[{"href":"https:\/\/arantv.az\/index.php?rest_route=\/wp\/v2\/posts\/151839"}],"collection":[{"href":"https:\/\/arantv.az\/index.php?rest_route=\/wp\/v2\/posts"}],"about":[{"href":"https:\/\/arantv.az\/index.php?rest_route=\/wp\/v2\/types\/post"}],"author":[{"embeddable":true,"href":"https:\/\/arantv.az\/index.php?rest_route=\/wp\/v2\/users\/2"}],"replies":[{"embeddable":true,"href":"https:\/\/arantv.az\/index.php?rest_route=%2Fwp%2Fv2%2Fcomments&post=151839"}],"version-history":[{"count":0,"href":"https:\/\/arantv.az\/index.php?rest_route=\/wp\/v2\/posts\/151839\/revisions"}],"wp:featuredmedia":[{"embeddable":true,"href":"https:\/\/arantv.az\/index.php?rest_route=\/wp\/v2\/media\/151840"}],"wp:attachment":[{"href":"https:\/\/arantv.az\/index.php?rest_route=%2Fwp%2Fv2%2Fmedia&parent=151839"}],"wp:term":[{"taxonomy":"category","embeddable":true,"href":"https:\/\/arantv.az\/index.php?rest_route=%2Fwp%2Fv2%2Fcategories&post=151839"},{"taxonomy":"post_tag","embeddable":true,"href":"https:\/\/arantv.az\/index.php?rest_route=%2Fwp%2Fv2%2Ftags&post=151839"}],"curies":[{"name":"wp","href":"https:\/\/api.w.org\/{rel}","templated":true}]}}