{"id":151844,"date":"2020-04-18T12:54:19","date_gmt":"2020-04-18T09:54:19","guid":{"rendered":"http:\/\/arantv.az\/?p=151844"},"modified":"2020-04-18T12:54:19","modified_gmt":"2020-04-18T09:54:19","slug":"sevil-mikayilova-prezident-ilham-%c9%99liyevin-h%c9%99yata-kecirdiyi-t%c9%99dbirl%c9%99r-plani-h%c9%99r-bir-az%c9%99rbaycan-v%c9%99t%c9%99ndasinin-t%c9%99hluk%c9%99sizliyini-t%c9%99min-etm%c9%99k-m","status":"publish","type":"post","link":"https:\/\/arantv.az\/?p=151844","title":{"rendered":"Sevil Mikay\u0131lova: Prezident \u0130lham \u018fliyevin h\u0259yata ke\u00e7irdiyi t\u0259dbirl\u0259r plan\u0131 h\u0259r bir Az\u0259rbaycan v\u0259t\u0259nda\u015f\u0131n\u0131n t\u0259hl\u00fck\u0259sizliyini t\u0259min etm\u0259k m\u0259qs\u0259di da\u015f\u0131y\u0131r"},"content":{"rendered":"<p>&#8220;Az\u0259rbaycan Prezidenti \u0130lham \u018fliyevin insanlar\u0131n sosial m\u00fcdafi\u0259sinin g\u00fccl\u0259ndirilm\u0259si il\u0259 ba\u011fl\u0131 h\u00f6kum\u0259t qar\u015f\u0131s\u0131nda qoydu\u011fu v\u0259zif\u0259 v\u0259 tap\u015f\u0131r\u0131qlar \u00f6lk\u0259 v\u0259t\u0259nda\u015flar\u0131 t\u0259r\u0259find\u0259n b\u00f6y\u00fck m\u0259mnunluqla qar\u015f\u0131lan\u0131r. \u0130ndi insanlar\u0131m\u0131z h\u0259r zaman oldu\u011fundan daha \u00e7ox \u00f6z Prezidentin\u0259, \u00f6z d\u00f6vl\u0259tin\u0259 g\u00fcv\u0259nir&#8221;.<\/p>\n<p>ARANTV.AZ\u00a0<a href=\"https:\/\/az.trend.az\/\" target=\"_blank\" rel=\"noopener\">Trend<\/a>-\u0259 istinad\u0259n x\u0259b\u0259r verir ki, bunu Milli M\u0259clisin deputat\u0131 Sevil Mikay\u0131lova deyib.<\/p>\n<p>Mill\u0259t v\u0259kili bildirib ki, haz\u0131rda v\u0259t\u0259nda\u015flar\u0131n sosial t\u0259minat\u0131 Az\u0259rbaycan d\u00f6vl\u0259tinin \u0259sas prioritetl\u0259rind\u0259n biridir v\u0259 Az\u0259rbaycan Prezidentinin ir\u0259liy\u0259 s\u00fcrd\u00fcy\u00fc geni\u015fmiqyasl\u0131 sosial paketl\u0259r \u0259halinin b\u00fct\u00fcn t\u0259b\u0259q\u0259l\u0259rini \u0259hat\u0259 ed\u0259c\u0259k.<\/p>\n<p>&#8220;Koronavirus pandemiyas\u0131 il\u0259 ba\u011fl\u0131 h\u0259m \u00f6lk\u0259mizd\u0259, h\u0259m d\u0259 b\u00fct\u00fcn d\u00fcnyada h\u0259yata ke\u00e7iril\u0259n m\u0259hdudla\u015fd\u0131r\u0131c\u0131 t\u0259dbirl\u0259r, he\u00e7 \u015f\u00fcbh\u0259siz, \u00f6lk\u0259 iqtisadiyyat\u0131na t\u0259sirsiz \u00f6t\u00fc\u015fm\u0259yib. Bunu n\u0259z\u0259r\u0259 alan Az\u0259rbaycan d\u00f6vl\u0259ti haz\u0131rki v\u0259ziyy\u0259td\u0259 i\u015f yerl\u0259rinin ixtisar edilm\u0259sinin q\u0259bulolunmaz oldu\u011funu, h\u0259m d\u00f6vl\u0259t sektorunda, h\u0259m d\u0259 \u00f6z\u0259l sektorda i\u015f yerl\u0259rinin v\u0259 \u0259m\u0259khaqlar\u0131n\u0131n qorunub saxlanmas\u0131n\u0131n vacibliyini diqq\u0259t\u0259 \u00e7atd\u0131r\u0131b. Bununla yana\u015f\u0131, pandemiyadan \u0259ziyy\u0259t \u00e7\u0259k\u0259n sah\u0259l\u0259rd\u0259 i\u015fl\u0259y\u0259n insanlar\u0131n \u0259m\u0259khaqqlar\u0131n\u0131n \u0259h\u0259miyy\u0259tli hiss\u0259si d\u00f6vl\u0259t t\u0259r\u0259find\u0259n qar\u015f\u0131lan\u0131r. D\u00f6vl\u0259t sektorunda i\u015fl\u0259y\u0259n 1 milyona yax\u0131n insan\u0131n m\u0259vacibl\u0259ri is\u0259 d\u00f6vl\u0259t t\u0259r\u0259find\u0259n tam \u00f6d\u0259nilir. Bundan \u0259lav\u0259, d\u00f6vl\u0259t 300 min muzdlu i\u015f\u00e7inin \u0259m\u0259khaqqlar\u0131n\u0131n bir hiss\u0259sini maliyy\u0259l\u0259\u015fdirir v\u0259 t\u0259qrib\u0259n 300 min f\u0259rdi sahibkara d\u0259st\u0259k verilir&#8221;, &#8211; dey\u0259 S.Mikay\u0131lova vur\u011fulay\u0131b.<\/p>\n<p>Mill\u0259t v\u0259kili h\u0259m\u00e7inin qeyd edib ki, h\u0259r zaman Az\u0259rbaycan v\u0259t\u0259nda\u015f\u0131n\u0131n t\u0259minat\u0131n\u0131n ke\u015fiyind\u0259 dayanan d\u00f6vl\u0259timiz x\u00fcsusil\u0259 \u0259halinin m\u0259\u015f\u011fulluq imkanlar\u0131n\u0131n art\u0131r\u0131lmas\u0131, \u00f6z\u00fcn\u00fcm\u0259\u015f\u011fulluq proqram\u0131n\u0131n geni\u015fl\u0259ndirilm\u0259si v\u0259 icras\u0131n\u0131n s\u00fcr\u0259tl\u0259nm\u0259si, \u00f6d\u0259ni\u015fli ictimai i\u015f yerl\u0259rinin a\u00e7\u0131lmas\u0131 istiqam\u0259tind\u0259 t\u0259dbirl\u0259r h\u0259yata ke\u00e7irilm\u0259kd\u0259dir. Xususil\u0259, qeyd etm\u0259k laz\u0131md\u0131r ki, bu il 90 min i\u015fsiz ictimai i\u015fl\u0259rl\u0259 t\u0259min edil\u0259c\u0259k.<\/p>\n<p>&#8220;Eyni zamanda azt\u0259minatl\u0131 ail\u0259l\u0259rin probleml\u0259rinin h\u0259lli m\u0259qs\u0259dil\u0259 600 min insan ayl\u0131q 190 manat h\u0259cmind\u0259 m\u00fcavin\u0259t alacaq ki, onlar pandemiya \u015f\u0259raiti il\u0259 ba\u011fl\u0131 i\u015fini itir\u0259n v\u0259 qeyri formal m\u0259\u015f\u011fulluqla m\u0259\u015f\u011ful olan v\u0259t\u0259nda\u015flar\u0131m\u0131zd\u0131r. Bundan \u0259lav\u0259, \u00f6lk\u0259 prezidenti \u00fcnvanl\u0131 sosial yard\u0131m alan v\u0259t\u0259nda\u015flar\u0131n say\u0131n\u0131n art\u0131r\u0131lmas\u0131 il\u0259 ba\u011fl\u0131 da x\u00fcsusi tap\u015f\u0131r\u0131q verib. X\u00fcsusi karantin rejimi m\u00fcdd\u0259tind\u0259 \u00fcnvanl\u0131 d\u00f6vl\u0259t sosial yard\u0131m\u0131n\u0131n t\u0259yinolunma m\u00fcdd\u0259ti bit\u0259n azt\u0259minatl\u0131 ail\u0259l\u0259r\u0259 bu yard\u0131m\u0131n verilm\u0259si n\u00f6vb\u0259ti ayda davam ed\u0259c\u0259k v\u0259 bu m\u0259qs\u0259dl\u0259 \u0259lav\u0259 3 milyon manat ayr\u0131l\u0131b. Haz\u0131rda, 80 min ail\u0259nin 330 min \u00fczv\u00fc \u00fcnvanl\u0131 sosial yard\u0131mla \u0259hat\u0259 olunub v\u0259 h\u0259r ail\u0259y\u0259 d\u00fc\u015f\u0259n yard\u0131m\u0131n m\u0259bl\u0259\u011fi 222 manatd\u0131r.<\/p>\n<p>Bel\u0259likl\u0259, Prezident \u0130lham \u018fliyevin h\u0259yata ke\u00e7irdiyi t\u0259dbirl\u0259r plan\u0131 h\u0259r bir Az\u0259rbaycan v\u0259t\u0259nda\u015f\u0131n\u0131n t\u0259hl\u00fck\u0259sizliyini t\u0259min etm\u0259k m\u0259qs\u0259di da\u015f\u0131y\u0131r v\u0259 d\u00f6vl\u0259t qay\u011f\u0131s\u0131 il\u0259 \u0259hat\u0259 olunan xalq\u0131m\u0131z bug\u00fcn oz\u00fcn\u00fc h\u0259mi\u015f\u0259kind\u0259n daha g\u00fcv\u0259nli hiss edir.&#8221;<\/p>\n","protected":false},"excerpt":{"rendered":"<p>&#8220;Az\u0259rbaycan Prezidenti \u0130lham \u018fliyevin insanlar\u0131n sosial m\u00fcdafi\u0259sinin g\u00fccl\u0259ndirilm\u0259si il\u0259 ba\u011fl\u0131 h\u00f6kum\u0259t qar\u015f\u0131s\u0131nda qoydu\u011fu v\u0259zif\u0259 v\u0259 tap\u015f\u0131r\u0131qlar \u00f6lk\u0259 v\u0259t\u0259nda\u015flar\u0131 t\u0259r\u0259find\u0259n b\u00f6y\u00fck m\u0259mnunluqla qar\u015f\u0131lan\u0131r. \u0130ndi insanlar\u0131m\u0131z h\u0259r zaman oldu\u011fundan daha \u00e7ox \u00f6z Prezidentin\u0259, \u00f6z d\u00f6vl\u0259tin\u0259 g\u00fcv\u0259nir&#8221;. ARANTV.AZ\u00a0Trend-\u0259 istinad\u0259n x\u0259b\u0259r verir ki, bunu Milli M\u0259clisin deputat\u0131 Sevil Mikay\u0131lova deyib. Mill\u0259t v\u0259kili bildirib ki, haz\u0131rda v\u0259t\u0259nda\u015flar\u0131n sosial t\u0259minat\u0131 Az\u0259rbaycan d\u00f6vl\u0259tinin \u0259sas prioritetl\u0259rind\u0259n biridir v\u0259 Az\u0259rbaycan Prezidentinin ir\u0259liy\u0259 s\u00fcrd\u00fcy\u00fc geni\u015fmiqyasl\u0131 sosial paketl\u0259r \u0259halinin b\u00fct\u00fcn t\u0259b\u0259q\u0259l\u0259rini \u0259hat\u0259 ed\u0259c\u0259k. &#8220;Koronavirus pandemiyas\u0131 il\u0259 ba\u011fl\u0131 h\u0259m \u00f6lk\u0259mizd\u0259, h\u0259m d\u0259 b\u00fct\u00fcn d\u00fcnyada h\u0259yata ke\u00e7iril\u0259n m\u0259hdudla\u015fd\u0131r\u0131c\u0131 t\u0259dbirl\u0259r, he\u00e7 \u015f\u00fcbh\u0259siz, \u00f6lk\u0259 iqtisadiyyat\u0131na&hellip;<\/p>\n","protected":false},"author":2,"featured_media":151845,"comment_status":"closed","ping_status":"closed","sticky":false,"template":"","format":"standard","meta":{"om_disable_all_campaigns":false,"_monsterinsights_skip_tracking":false,"_monsterinsights_sitenote_active":false,"_monsterinsights_sitenote_note":"","_monsterinsights_sitenote_category":0},"categories":[19],"tags":[],"aioseo_notices":[],"gutentor_comment":0,"rttpg_featured_image_url":{"full":["https:\/\/arantv.az\/wp-content\/uploads\/2020\/04\/843207.jpg",800,600,false],"landscape":["https:\/\/arantv.az\/wp-content\/uploads\/2020\/04\/843207.jpg",800,600,false],"portraits":["https:\/\/arantv.az\/wp-content\/uploads\/2020\/04\/843207.jpg",800,600,false],"thumbnail":["https:\/\/arantv.az\/wp-content\/uploads\/2020\/04\/843207-150x150.jpg",150,150,true],"medium":["https:\/\/arantv.az\/wp-content\/uploads\/2020\/04\/843207-300x225.jpg",300,225,true],"large":["https:\/\/arantv.az\/wp-content\/uploads\/2020\/04\/843207.jpg",640,480,false],"1536x1536":["https:\/\/arantv.az\/wp-content\/uploads\/2020\/04\/843207.jpg",800,600,false],"2048x2048":["https:\/\/arantv.az\/wp-content\/uploads\/2020\/04\/843207.jpg",800,600,false],"post-thumbnail":["https:\/\/arantv.az\/wp-content\/uploads\/2020\/04\/843207-240x172.jpg",240,172,true],"advps-thumb-one":["https:\/\/arantv.az\/wp-content\/uploads\/2020\/04\/843207.jpg",800,600,false]},"rttpg_author":{"display_name":"V\u00fcsal Rafiqo\u011flu","author_link":"https:\/\/arantv.az\/?author=2"},"rttpg_comment":0,"rttpg_category":"<a href=\"https:\/\/arantv.az\/?cat=19\" rel=\"category\">G\u00fcnd\u0259m<\/a>","rttpg_excerpt":"&#8220;Az\u0259rbaycan Prezidenti \u0130lham \u018fliyevin insanlar\u0131n sosial m\u00fcdafi\u0259sinin g\u00fccl\u0259ndirilm\u0259si il\u0259 ba\u011fl\u0131 h\u00f6kum\u0259t qar\u015f\u0131s\u0131nda qoydu\u011fu v\u0259zif\u0259 v\u0259 tap\u015f\u0131r\u0131qlar \u00f6lk\u0259 v\u0259t\u0259nda\u015flar\u0131 t\u0259r\u0259find\u0259n b\u00f6y\u00fck m\u0259mnunluqla qar\u015f\u0131lan\u0131r. \u0130ndi insanlar\u0131m\u0131z h\u0259r zaman oldu\u011fundan daha \u00e7ox \u00f6z Prezidentin\u0259, \u00f6z d\u00f6vl\u0259tin\u0259 g\u00fcv\u0259nir&#8221;. ARANTV.AZ\u00a0Trend-\u0259 istinad\u0259n x\u0259b\u0259r verir ki, bunu Milli M\u0259clisin deputat\u0131 Sevil Mikay\u0131lova deyib. Mill\u0259t v\u0259kili bildirib ki, haz\u0131rda v\u0259t\u0259nda\u015flar\u0131n sosial t\u0259minat\u0131 Az\u0259rbaycan&hellip;","_links":{"self":[{"href":"https:\/\/arantv.az\/index.php?rest_route=\/wp\/v2\/posts\/151844"}],"collection":[{"href":"https:\/\/arantv.az\/index.php?rest_route=\/wp\/v2\/posts"}],"about":[{"href":"https:\/\/arantv.az\/index.php?rest_route=\/wp\/v2\/types\/post"}],"author":[{"embeddable":true,"href":"https:\/\/arantv.az\/index.php?rest_route=\/wp\/v2\/users\/2"}],"replies":[{"embeddable":true,"href":"https:\/\/arantv.az\/index.php?rest_route=%2Fwp%2Fv2%2Fcomments&post=151844"}],"version-history":[{"count":0,"href":"https:\/\/arantv.az\/index.php?rest_route=\/wp\/v2\/posts\/151844\/revisions"}],"wp:featuredmedia":[{"embeddable":true,"href":"https:\/\/arantv.az\/index.php?rest_route=\/wp\/v2\/media\/151845"}],"wp:attachment":[{"href":"https:\/\/arantv.az\/index.php?rest_route=%2Fwp%2Fv2%2Fmedia&parent=151844"}],"wp:term":[{"taxonomy":"category","embeddable":true,"href":"https:\/\/arantv.az\/index.php?rest_route=%2Fwp%2Fv2%2Fcategories&post=151844"},{"taxonomy":"post_tag","embeddable":true,"href":"https:\/\/arantv.az\/index.php?rest_route=%2Fwp%2Fv2%2Ftags&post=151844"}],"curies":[{"name":"wp","href":"https:\/\/api.w.org\/{rel}","templated":true}]}}