{"id":151848,"date":"2020-04-18T12:55:21","date_gmt":"2020-04-18T09:55:21","guid":{"rendered":"http:\/\/arantv.az\/?p=151848"},"modified":"2020-04-18T12:55:21","modified_gmt":"2020-04-18T09:55:21","slug":"prezident-ilham-%c9%99liyevin-r%c9%99hb%c9%99rliyi-il%c9%99-olk%c9%99mizd%c9%99-pandemiya-dovrund%c9%99-d%c9%99-m%c9%99sgulluga-v%c9%99-sosial-rifaha-d%c9%99st%c9%99k-m%c9%99qs%c9%99dil%c9%99-f%c9%99a","status":"publish","type":"post","link":"https:\/\/arantv.az\/?p=151848","title":{"rendered":"Prezident \u0130lham \u018fliyevin r\u0259hb\u0259rliyi il\u0259 \u00f6lk\u0259mizd\u0259 pandemiya d\u00f6vr\u00fcnd\u0259 d\u0259 m\u0259\u015f\u011fullu\u011fa v\u0259 sosial rifaha d\u0259st\u0259k m\u0259qs\u0259dil\u0259 f\u0259al siyas\u0259t apar\u0131l\u0131r"},"content":{"rendered":"<p>&#8220;Koronavirus pandemiyas\u0131 \u00e7oxsayl\u0131 insan \u00f6l\u00fcml\u0259rin\u0259 s\u0259b\u0259b olmaqla yana\u015f\u0131, d\u00fcnya \u00f6lk\u0259l\u0259rini bir s\u0131ra iqtisadi, maliyy\u0259, s\u0259hiyy\u0259 v\u0259 sosial probleml\u0259rl\u0259 d\u0259 ba\u015f-ba\u015fa qoyub. D\u00fcnyan\u0131n apar\u0131c\u0131 \u00f6lk\u0259l\u0259ri bel\u0259 haz\u0131rda pandemiyan\u0131n yaratd\u0131\u011f\u0131 f\u0259sadlar\u0131 aradan qald\u0131rmaq, bu b\u0259ladan daha az itki il\u0259 \u00e7\u0131xmaq \u00fc\u00e7\u00fcn yollar axtar\u0131r. Lakin sevindirici hald\u0131r ki, d\u00fc\u015f\u00fcn\u00fclm\u00fc\u015f v\u0259 m\u0259qs\u0259dy\u00f6nl\u00fc siyas\u0259ti il\u0259 n\u00fcmun\u0259 olan Az\u0259rbaycan bu m\u0259s\u0259l\u0259d\u0259 d\u0259 m\u00fcsb\u0259t m\u0259nada f\u0259rql\u0259nir&#8221;.<\/p>\n<p>ARANTV.AZ x\u0259b\u0259r verir ki, bunu\u00a0<a href=\"https:\/\/azertag.az\/\" target=\"_blank\" rel=\"noopener\">AZ\u018fRTAC<\/a>-a\u00a0a\u00e7\u0131qlamas\u0131nda Milli M\u0259clisin H\u00fcquq siyas\u0259ti v\u0259 d\u00f6vl\u0259t quruculu\u011fu komit\u0259sinin \u00fczv\u00fc V\u00fcqar \u0130sk\u0259nd\u0259rov deyib.<\/p>\n<p>Milli M\u0259clisin deputat\u0131 bildirib ki, infeksiyaya yoluxma fakt\u0131 qeyd\u0259 al\u0131nan ilk g\u00fcnd\u0259n Az\u0259rbaycan \u00dcmumd\u00fcnya S\u0259hiyy\u0259 T\u0259\u015fkilat\u0131 il\u0259 yax\u0131ndan \u0259m\u0259kda\u015fl\u0131q \u015f\u0259raitind\u0259 \u0259halinin sa\u011flaml\u0131\u011f\u0131n\u0131n qorunmas\u0131 v\u0259 pandemiyan\u0131n daha geni\u015f yay\u0131lmas\u0131n\u0131n qar\u015f\u0131s\u0131n\u0131n al\u0131nmas\u0131 istiqam\u0259tind\u0259 m\u00fch\u00fcm add\u0131mlar at\u0131b:<\/p>\n<p>&#8220;Ba\u015fqa bir m\u0259qam is\u0259 sosial-iqtisadi sah\u0259d\u0259 at\u0131lan add\u0131mlarla ba\u011fl\u0131d\u0131r. Bel\u0259 ki, Az\u0259rbaycanda xarici m\u0259nfi prosesl\u0259rin milli iqtisadiyyat\u0131m\u0131za t\u0259sirl\u0259rini azaltmaq, pandemiyadan z\u0259r\u0259r \u00e7\u0259kmi\u015f sah\u0259l\u0259rd\u0259 \u00e7al\u0131\u015fan sahibkarlara v\u0259 muzdlu i\u015f\u00e7il\u0259r\u0259 d\u0259st\u0259k verm\u0259k, i\u015f yerl\u0259rini qorumaq, \u0259halinin sosial m\u00fcdafi\u0259sini t\u0259min etm\u0259k, h\u0259m\u00e7inin postpandemiya d\u00f6vr\u00fcnd\u0259 yeni iqtisadi inki\u015faf modelinin t\u0259tbiqi \u00fc\u00e7\u00fcn real z\u0259min haz\u0131rlamaq m\u0259qs\u0259dil\u0259 operativ add\u0131mlar at\u0131l\u0131r. Bir s\u00f6zl\u0259, Prezident \u0130lham \u018fliyevin r\u0259hb\u0259rliyi il\u0259 \u00f6lk\u0259mizd\u0259 koronavirus (COVID-19) pandemiyas\u0131na qar\u015f\u0131 geni\u015fmiqyasl\u0131 t\u0259dbirl\u0259r g\u00f6r\u00fcl\u00fcr, m\u0259\u015f\u011fullu\u011fa v\u0259 sosial rifaha d\u0259st\u0259k m\u0259qs\u0259dil\u0259 f\u0259al siyas\u0259t apar\u0131l\u0131r&#8221;.<\/p>\n<p>V\u00fcqar \u0130sk\u0259nd\u0259rov deyib ki, q\u0259bul edil\u0259n q\u0259rarlar h\u0259m h\u00fcquqi bazan\u0131n yarad\u0131lmas\u0131n\u0131, h\u0259m praktiki m\u00fcst\u0259vid\u0259 z\u0259ruri i\u015fl\u0259rin g\u00f6r\u00fclm\u0259sini, h\u0259m d\u0259 maddi d\u0259st\u0259k t\u0259dbirl\u0259rini \u0259hat\u0259 edir:<\/p>\n<p>&#8220;M\u0259lum oldu\u011fu kimi, Prezident \u0130lham \u018fliyev bu il mart\u0131n 19-da &#8220;Koronavirus (COVID-19) pandemiyas\u0131n\u0131n v\u0259 bundan ir\u0259li g\u0259l\u0259r\u0259k d\u00fcnya enerji v\u0259 s\u0259hm bazarlar\u0131nda ba\u015f ver\u0259n k\u0259skin dal\u011falanmalar\u0131n Az\u0259rbaycan Respublikas\u0131n\u0131n iqtisadiyyat\u0131na, makroiqtisadi sabitliy\u0259, \u00f6lk\u0259d\u0259 m\u0259\u015f\u011fulluq m\u0259s\u0259l\u0259l\u0259rin\u0259 v\u0259 sahibkarl\u0131q subyektl\u0259rin\u0259 m\u0259nfi t\u0259sirinin azald\u0131lmas\u0131 il\u0259 ba\u011fl\u0131 bir s\u0131ra t\u0259dbirl\u0259r haqq\u0131nda&#8221; S\u0259r\u0259ncam imzalay\u0131b. Eyni zamanda, d\u00f6vl\u0259t ba\u015f\u00e7\u0131s\u0131n\u0131n bu S\u0259r\u0259ncam\u0131n\u0131n icras\u0131 il\u0259 ba\u011fl\u0131 t\u0259sdiql\u0259nmi\u015f T\u0259dbirl\u0259r Plan\u0131nda m\u0259\u015f\u011fullu\u011fa v\u0259 sosial rifaha d\u0259st\u0259k m\u0259qs\u0259dil\u0259 4 istiqam\u0259t \u00fczr\u0259 10 t\u0259dbir \u0259ksini tap\u0131b v\u0259 art\u0131q bu istiqam\u0259td\u0259 add\u0131mlar\u0131n at\u0131lmas\u0131na start verilib. Aprelin 17-d\u0259 is\u0259 Az\u0259rbaycan Respublikas\u0131n\u0131n Prezidenti t\u0259r\u0259find\u0259n elan edil\u0259n yeni d\u0259st\u0259k t\u0259dbirl\u0259ri il\u0259 2,5 milyon v\u0259t\u0259nda\u015f\u0131 \u0259hat\u0259 ed\u0259n m\u0259\u015f\u011fulluq v\u0259 sosial rifah istiqam\u0259tin\u0259 600 milyon manat v\u0259sait ayr\u0131l\u0131b&#8221;.<\/p>\n<p>Deputat\u0131n s\u00f6zl\u0259rin\u0259 g\u00f6r\u0259, g\u00f6r\u00fcl\u0259n b\u00fct\u00fcn bu t\u0259dbirl\u0259r Prezident \u0130lham \u018fliyevin &#8220;Az\u0259rbaycanda h\u0259yata ke\u00e7iril\u0259n siyas\u0259tin m\u0259rk\u0259zind\u0259 v\u0259t\u0259nda\u015f dayan\u0131r&#8221; fikrinin n\u00f6vb\u0259ti bariz t\u0259zah\u00fcr\u00fcd\u00fcr:<\/p>\n<p>&#8220;Pandemiya d\u00f6vr\u00fcnd\u0259 at\u0131lan add\u0131mlar bir daha s\u00fcbut etdi ki, Az\u0259rbaycan Prezidenti v\u0259 d\u00f6vl\u0259ti h\u0259r zaman v\u0259t\u0259nda\u015f\u0131n\u0131n yan\u0131ndad\u0131r&#8221;.<\/p>\n","protected":false},"excerpt":{"rendered":"<p>&#8220;Koronavirus pandemiyas\u0131 \u00e7oxsayl\u0131 insan \u00f6l\u00fcml\u0259rin\u0259 s\u0259b\u0259b olmaqla yana\u015f\u0131, d\u00fcnya \u00f6lk\u0259l\u0259rini bir s\u0131ra iqtisadi, maliyy\u0259, s\u0259hiyy\u0259 v\u0259 sosial probleml\u0259rl\u0259 d\u0259 ba\u015f-ba\u015fa qoyub. D\u00fcnyan\u0131n apar\u0131c\u0131 \u00f6lk\u0259l\u0259ri bel\u0259 haz\u0131rda pandemiyan\u0131n yaratd\u0131\u011f\u0131 f\u0259sadlar\u0131 aradan qald\u0131rmaq, bu b\u0259ladan daha az itki il\u0259 \u00e7\u0131xmaq \u00fc\u00e7\u00fcn yollar axtar\u0131r. Lakin sevindirici hald\u0131r ki, d\u00fc\u015f\u00fcn\u00fclm\u00fc\u015f v\u0259 m\u0259qs\u0259dy\u00f6nl\u00fc siyas\u0259ti il\u0259 n\u00fcmun\u0259 olan Az\u0259rbaycan bu m\u0259s\u0259l\u0259d\u0259 d\u0259 m\u00fcsb\u0259t m\u0259nada f\u0259rql\u0259nir&#8221;. ARANTV.AZ x\u0259b\u0259r verir ki, bunu\u00a0AZ\u018fRTAC-a\u00a0a\u00e7\u0131qlamas\u0131nda Milli M\u0259clisin H\u00fcquq siyas\u0259ti v\u0259 d\u00f6vl\u0259t quruculu\u011fu komit\u0259sinin \u00fczv\u00fc V\u00fcqar \u0130sk\u0259nd\u0259rov deyib. Milli M\u0259clisin deputat\u0131 bildirib ki, infeksiyaya yoluxma fakt\u0131 qeyd\u0259 al\u0131nan ilk g\u00fcnd\u0259n Az\u0259rbaycan \u00dcmumd\u00fcnya&hellip;<\/p>\n","protected":false},"author":2,"featured_media":151849,"comment_status":"closed","ping_status":"closed","sticky":false,"template":"","format":"standard","meta":{"om_disable_all_campaigns":false,"_monsterinsights_skip_tracking":false,"_monsterinsights_sitenote_active":false,"_monsterinsights_sitenote_note":"","_monsterinsights_sitenote_category":0},"categories":[19],"tags":[],"aioseo_notices":[],"gutentor_comment":0,"rttpg_featured_image_url":{"full":["https:\/\/arantv.az\/wp-content\/uploads\/2020\/04\/843207_0000.jpg",800,600,false],"landscape":["https:\/\/arantv.az\/wp-content\/uploads\/2020\/04\/843207_0000.jpg",800,600,false],"portraits":["https:\/\/arantv.az\/wp-content\/uploads\/2020\/04\/843207_0000.jpg",800,600,false],"thumbnail":["https:\/\/arantv.az\/wp-content\/uploads\/2020\/04\/843207_0000-150x150.jpg",150,150,true],"medium":["https:\/\/arantv.az\/wp-content\/uploads\/2020\/04\/843207_0000-300x225.jpg",300,225,true],"large":["https:\/\/arantv.az\/wp-content\/uploads\/2020\/04\/843207_0000.jpg",640,480,false],"1536x1536":["https:\/\/arantv.az\/wp-content\/uploads\/2020\/04\/843207_0000.jpg",800,600,false],"2048x2048":["https:\/\/arantv.az\/wp-content\/uploads\/2020\/04\/843207_0000.jpg",800,600,false],"post-thumbnail":["https:\/\/arantv.az\/wp-content\/uploads\/2020\/04\/843207_0000-240x172.jpg",240,172,true],"advps-thumb-one":["https:\/\/arantv.az\/wp-content\/uploads\/2020\/04\/843207_0000.jpg",800,600,false]},"rttpg_author":{"display_name":"V\u00fcsal Rafiqo\u011flu","author_link":"https:\/\/arantv.az\/?author=2"},"rttpg_comment":0,"rttpg_category":"<a href=\"https:\/\/arantv.az\/?cat=19\" rel=\"category\">G\u00fcnd\u0259m<\/a>","rttpg_excerpt":"&#8220;Koronavirus pandemiyas\u0131 \u00e7oxsayl\u0131 insan \u00f6l\u00fcml\u0259rin\u0259 s\u0259b\u0259b olmaqla yana\u015f\u0131, d\u00fcnya \u00f6lk\u0259l\u0259rini bir s\u0131ra iqtisadi, maliyy\u0259, s\u0259hiyy\u0259 v\u0259 sosial probleml\u0259rl\u0259 d\u0259 ba\u015f-ba\u015fa qoyub. D\u00fcnyan\u0131n apar\u0131c\u0131 \u00f6lk\u0259l\u0259ri bel\u0259 haz\u0131rda pandemiyan\u0131n yaratd\u0131\u011f\u0131 f\u0259sadlar\u0131 aradan qald\u0131rmaq, bu b\u0259ladan daha az itki il\u0259 \u00e7\u0131xmaq \u00fc\u00e7\u00fcn yollar axtar\u0131r. Lakin sevindirici hald\u0131r ki, d\u00fc\u015f\u00fcn\u00fclm\u00fc\u015f v\u0259 m\u0259qs\u0259dy\u00f6nl\u00fc siyas\u0259ti il\u0259 n\u00fcmun\u0259 olan Az\u0259rbaycan bu m\u0259s\u0259l\u0259d\u0259&hellip;","_links":{"self":[{"href":"https:\/\/arantv.az\/index.php?rest_route=\/wp\/v2\/posts\/151848"}],"collection":[{"href":"https:\/\/arantv.az\/index.php?rest_route=\/wp\/v2\/posts"}],"about":[{"href":"https:\/\/arantv.az\/index.php?rest_route=\/wp\/v2\/types\/post"}],"author":[{"embeddable":true,"href":"https:\/\/arantv.az\/index.php?rest_route=\/wp\/v2\/users\/2"}],"replies":[{"embeddable":true,"href":"https:\/\/arantv.az\/index.php?rest_route=%2Fwp%2Fv2%2Fcomments&post=151848"}],"version-history":[{"count":0,"href":"https:\/\/arantv.az\/index.php?rest_route=\/wp\/v2\/posts\/151848\/revisions"}],"wp:featuredmedia":[{"embeddable":true,"href":"https:\/\/arantv.az\/index.php?rest_route=\/wp\/v2\/media\/151849"}],"wp:attachment":[{"href":"https:\/\/arantv.az\/index.php?rest_route=%2Fwp%2Fv2%2Fmedia&parent=151848"}],"wp:term":[{"taxonomy":"category","embeddable":true,"href":"https:\/\/arantv.az\/index.php?rest_route=%2Fwp%2Fv2%2Fcategories&post=151848"},{"taxonomy":"post_tag","embeddable":true,"href":"https:\/\/arantv.az\/index.php?rest_route=%2Fwp%2Fv2%2Ftags&post=151848"}],"curies":[{"name":"wp","href":"https:\/\/api.w.org\/{rel}","templated":true}]}}