{"id":151868,"date":"2020-04-18T14:04:00","date_gmt":"2020-04-18T11:04:00","guid":{"rendered":"http:\/\/arantv.az\/?p=151868"},"modified":"2020-04-18T14:04:00","modified_gmt":"2020-04-18T11:04:00","slug":"issizl%c9%99rin-n%c9%99z%c9%99rin%c9%99-bird%c9%99f%c9%99lik-od%c9%99m%c9%99ni-bazar-gunu-d%c9%99-almaq-mumkun-olacaq","status":"publish","type":"post","link":"https:\/\/arantv.az\/?p=151868","title":{"rendered":"\u0130\u015fsizl\u0259rin n\u0259z\u0259rin\u0259: Bird\u0259f\u0259lik \u00f6d\u0259m\u0259ni bazar g\u00fcn\u00fc d\u0259 almaq m\u00fcmk\u00fcn olacaq"},"content":{"rendered":"<p>N\u0259qliyyat, Rabit\u0259 v\u0259 Y\u00fcks\u0259k Texnologiyalar Nazirliyinin tabeliyind\u0259ki \u201cAz\u0259rpo\u00e7t\u201d MMC-nin b\u00fct\u00fcn po\u00e7t \u015f\u00f6b\u0259l\u0259ri (10, 14 v\u0259 114 sayl\u0131 po\u00e7t \u015f\u00f6b\u0259l\u0259ri istisna olmaqla) h\u0259ft\u0259nin bazar g\u00fcn\u00fc d\u0259 f\u0259aliyy\u0259t g\u00f6st\u0259r\u0259c\u0259k.<\/p>\n<p>Bununla ba\u011fl\u0131 Nazirlikd\u0259n m\u0259lumat verilib.<\/p>\n<div id=\"AdviadNativeVideo0\" class=\"AdviadNativeVideo\">\n<div class=\"adviad-inboard sm-screen\">\n<div>\n<div class=\"adviad-ui-components-credits\">\n<div id=\"NMCallButton-box\">\n<div><\/div>\n<\/div>\n<\/div>\n<\/div>\n<\/div>\n<\/div>\n<p>M\u0259qs\u0259d Az\u0259rbaycan h\u00f6kum\u0259ti t\u0259r\u0259find\u0259n t\u0259tbiq edil\u0259n x\u00fcsusi karantin rejimind\u0259 \u0259haliy\u0259 g\u00f6st\u0259ril\u0259n xidm\u0259t s\u0259viyy\u0259sinin daha da y\u00fcks\u0259ldilm\u0259si, el\u0259c\u0259 d\u0259 i\u015fsiz \u015f\u0259xsl\u0259r\u0259 bird\u0259f\u0259lik \u00f6d\u0259m\u0259nin verilm\u0259si prosesind\u0259 operativliyin t\u0259min olunmas\u0131d\u0131r.<\/p>\n<p>Paytaxtda v\u0259 regionlarda yerl\u0259\u015f\u0259n po\u00e7t \u015f\u00f6b\u0259l\u0259ri bazar g\u00fcn\u00fc 09:00-dan 17:00-d\u0259k v\u0259t\u0259nda\u015flara xidm\u0259t g\u00f6st\u0259r\u0259c\u0259k.<\/p>\n<p>Qeyd ed\u0259k ki, Bak\u0131, Sumqay\u0131t, C\u0259lilabad, Zaqatala v\u0259 A\u011fda\u015fdak\u0131 \u201c\u015e\u0259b\u0259k\u0259\u201d xidm\u0259t m\u0259rk\u0259zl\u0259ri d\u0259 bazar g\u00fcn\u00fc h\u0259min saatlarda v\u0259t\u0259nda\u015flar\u0131n xidm\u0259tind\u0259dir.<\/p>\n","protected":false},"excerpt":{"rendered":"<p>N\u0259qliyyat, Rabit\u0259 v\u0259 Y\u00fcks\u0259k Texnologiyalar Nazirliyinin tabeliyind\u0259ki \u201cAz\u0259rpo\u00e7t\u201d MMC-nin b\u00fct\u00fcn po\u00e7t \u015f\u00f6b\u0259l\u0259ri (10, 14 v\u0259 114 sayl\u0131 po\u00e7t \u015f\u00f6b\u0259l\u0259ri istisna olmaqla) h\u0259ft\u0259nin bazar g\u00fcn\u00fc d\u0259 f\u0259aliyy\u0259t g\u00f6st\u0259r\u0259c\u0259k. Bununla ba\u011fl\u0131 Nazirlikd\u0259n m\u0259lumat verilib. M\u0259qs\u0259d Az\u0259rbaycan h\u00f6kum\u0259ti t\u0259r\u0259find\u0259n t\u0259tbiq edil\u0259n x\u00fcsusi karantin rejimind\u0259 \u0259haliy\u0259 g\u00f6st\u0259ril\u0259n xidm\u0259t s\u0259viyy\u0259sinin daha da y\u00fcks\u0259ldilm\u0259si, el\u0259c\u0259 d\u0259 i\u015fsiz \u015f\u0259xsl\u0259r\u0259 bird\u0259f\u0259lik \u00f6d\u0259m\u0259nin verilm\u0259si prosesind\u0259 operativliyin t\u0259min olunmas\u0131d\u0131r. Paytaxtda v\u0259 regionlarda yerl\u0259\u015f\u0259n po\u00e7t \u015f\u00f6b\u0259l\u0259ri bazar g\u00fcn\u00fc 09:00-dan 17:00-d\u0259k v\u0259t\u0259nda\u015flara xidm\u0259t g\u00f6st\u0259r\u0259c\u0259k. Qeyd ed\u0259k ki, Bak\u0131, Sumqay\u0131t, C\u0259lilabad, Zaqatala v\u0259 A\u011fda\u015fdak\u0131 \u201c\u015e\u0259b\u0259k\u0259\u201d xidm\u0259t m\u0259rk\u0259zl\u0259ri d\u0259 bazar g\u00fcn\u00fc h\u0259min saatlarda v\u0259t\u0259nda\u015flar\u0131n&hellip;<\/p>\n","protected":false},"author":2,"featured_media":151869,"comment_status":"closed","ping_status":"closed","sticky":false,"template":"","format":"standard","meta":{"om_disable_all_campaigns":false,"_monsterinsights_skip_tracking":false,"_monsterinsights_sitenote_active":false,"_monsterinsights_sitenote_note":"","_monsterinsights_sitenote_category":0},"categories":[24],"tags":[],"aioseo_notices":[],"gutentor_comment":0,"rttpg_featured_image_url":{"full":["https:\/\/arantv.az\/wp-content\/uploads\/2020\/04\/90044952_603636320492643_2640485304477155328_o-1.jpg",620,413,false],"landscape":["https:\/\/arantv.az\/wp-content\/uploads\/2020\/04\/90044952_603636320492643_2640485304477155328_o-1.jpg",620,413,false],"portraits":["https:\/\/arantv.az\/wp-content\/uploads\/2020\/04\/90044952_603636320492643_2640485304477155328_o-1.jpg",620,413,false],"thumbnail":["https:\/\/arantv.az\/wp-content\/uploads\/2020\/04\/90044952_603636320492643_2640485304477155328_o-1-150x150.jpg",150,150,true],"medium":["https:\/\/arantv.az\/wp-content\/uploads\/2020\/04\/90044952_603636320492643_2640485304477155328_o-1-300x200.jpg",300,200,true],"large":["https:\/\/arantv.az\/wp-content\/uploads\/2020\/04\/90044952_603636320492643_2640485304477155328_o-1.jpg",620,413,false],"1536x1536":["https:\/\/arantv.az\/wp-content\/uploads\/2020\/04\/90044952_603636320492643_2640485304477155328_o-1.jpg",620,413,false],"2048x2048":["https:\/\/arantv.az\/wp-content\/uploads\/2020\/04\/90044952_603636320492643_2640485304477155328_o-1.jpg",620,413,false],"post-thumbnail":["https:\/\/arantv.az\/wp-content\/uploads\/2020\/04\/90044952_603636320492643_2640485304477155328_o-1-240x172.jpg",240,172,true],"advps-thumb-one":["https:\/\/arantv.az\/wp-content\/uploads\/2020\/04\/90044952_603636320492643_2640485304477155328_o-1.jpg",620,413,false]},"rttpg_author":{"display_name":"V\u00fcsal Rafiqo\u011flu","author_link":"https:\/\/arantv.az\/?author=2"},"rttpg_comment":0,"rttpg_category":"<a href=\"https:\/\/arantv.az\/?cat=24\" rel=\"category\">Maraql\u0131<\/a>","rttpg_excerpt":"N\u0259qliyyat, Rabit\u0259 v\u0259 Y\u00fcks\u0259k Texnologiyalar Nazirliyinin tabeliyind\u0259ki \u201cAz\u0259rpo\u00e7t\u201d MMC-nin b\u00fct\u00fcn po\u00e7t \u015f\u00f6b\u0259l\u0259ri (10, 14 v\u0259 114 sayl\u0131 po\u00e7t \u015f\u00f6b\u0259l\u0259ri istisna olmaqla) h\u0259ft\u0259nin bazar g\u00fcn\u00fc d\u0259 f\u0259aliyy\u0259t g\u00f6st\u0259r\u0259c\u0259k. Bununla ba\u011fl\u0131 Nazirlikd\u0259n m\u0259lumat verilib. M\u0259qs\u0259d Az\u0259rbaycan h\u00f6kum\u0259ti t\u0259r\u0259find\u0259n t\u0259tbiq edil\u0259n x\u00fcsusi karantin rejimind\u0259 \u0259haliy\u0259 g\u00f6st\u0259ril\u0259n xidm\u0259t s\u0259viyy\u0259sinin daha da y\u00fcks\u0259ldilm\u0259si, el\u0259c\u0259 d\u0259 i\u015fsiz \u015f\u0259xsl\u0259r\u0259 bird\u0259f\u0259lik \u00f6d\u0259m\u0259nin verilm\u0259si&hellip;","_links":{"self":[{"href":"https:\/\/arantv.az\/index.php?rest_route=\/wp\/v2\/posts\/151868"}],"collection":[{"href":"https:\/\/arantv.az\/index.php?rest_route=\/wp\/v2\/posts"}],"about":[{"href":"https:\/\/arantv.az\/index.php?rest_route=\/wp\/v2\/types\/post"}],"author":[{"embeddable":true,"href":"https:\/\/arantv.az\/index.php?rest_route=\/wp\/v2\/users\/2"}],"replies":[{"embeddable":true,"href":"https:\/\/arantv.az\/index.php?rest_route=%2Fwp%2Fv2%2Fcomments&post=151868"}],"version-history":[{"count":0,"href":"https:\/\/arantv.az\/index.php?rest_route=\/wp\/v2\/posts\/151868\/revisions"}],"wp:featuredmedia":[{"embeddable":true,"href":"https:\/\/arantv.az\/index.php?rest_route=\/wp\/v2\/media\/151869"}],"wp:attachment":[{"href":"https:\/\/arantv.az\/index.php?rest_route=%2Fwp%2Fv2%2Fmedia&parent=151868"}],"wp:term":[{"taxonomy":"category","embeddable":true,"href":"https:\/\/arantv.az\/index.php?rest_route=%2Fwp%2Fv2%2Fcategories&post=151868"},{"taxonomy":"post_tag","embeddable":true,"href":"https:\/\/arantv.az\/index.php?rest_route=%2Fwp%2Fv2%2Ftags&post=151868"}],"curies":[{"name":"wp","href":"https:\/\/api.w.org\/{rel}","templated":true}]}}