{"id":151880,"date":"2020-04-18T14:08:26","date_gmt":"2020-04-18T11:08:26","guid":{"rendered":"http:\/\/arantv.az\/?p=151880"},"modified":"2020-04-18T14:08:26","modified_gmt":"2020-04-18T11:08:26","slug":"bu-gun-milli-q%c9%99hr%c9%99man-isg%c9%99nd%c9%99r-aznaurovun-v%c9%99fatinin-27-ci-ildonumudur","status":"publish","type":"post","link":"https:\/\/arantv.az\/?p=151880","title":{"rendered":"Bu g\u00fcn Milli Q\u0259hr\u0259man \u0130sg\u0259nd\u0259r Aznaurovun v\u0259fat\u0131n\u0131n 27-ci ild\u00f6n\u00fcm\u00fcd\u00fcr"},"content":{"rendered":"<p><strong>Bu g\u00fcn Az\u0259rbaycan\u0131n Milli Q\u0259hr\u0259man\u0131 \u0130sg\u0259nd\u0259r S\u00f6hrab o\u011flu Aznaurovun v\u0259fat\u0131n\u0131n 27-ci ild\u00f6n\u00fcm\u00fcd\u00fcr.<\/strong><\/p>\n<p><a href=\"http:\/\/az.trend.az\/\" target=\"_blank\" rel=\"noopener\">ARANTV.AZ Trend<\/a>-\u0259 istinad\u0259n bildirir ki,\u00a0xalq aras\u0131nda &#8220;Top\u00e7u \u0130sg\u0259nd\u0259r&#8221; kimi tan\u0131nan Milli Q\u0259hr\u0259man 1956-c\u0131 il avqustun 16-da \u00d6zb\u0259kistan\u0131n Buxara vilay\u0259tinin Qala-Asiya k\u0259ndind\u0259 Ax\u0131sqa t\u00fcrk\u00fc ail\u0259sind\u0259 d\u00fcnyaya g\u0259lib.<\/p>\n<p>Q\u0259hr\u0259man\u0131n Qaraba\u011f m\u00fcharib\u0259si zaman\u0131 G\u0259d\u0259b\u0259y rayonunda ged\u0259n d\u00f6y\u00fc\u015fl\u0259rd\u0259 g\u00f6st\u0259rdiyi misilsiz q\u0259h\u0259r\u0259manl\u0131q n\u00fcmun\u0259l\u0259ri bu g\u00fcn d\u0259 xalq\u0131m\u0131z\u0131n dilind\u0259 \u0259zb\u0259rdir.<\/p>\n<p>Top\u00e7u \u0130sg\u0259nd\u0259r 1992-ci ilin aprelind\u0259 k\u00f6n\u00fcll\u00fc olaraq yeni yaranmaqda olan Az\u0259rbaycan Silahl\u0131 Q\u00fcvv\u0259l\u0259rinin s\u0131ralar\u0131na qo\u015fulub, G\u0259d\u0259b\u0259yin \u015e\u0131n\u0131x b\u00f6lg\u0259sind\u0259 yerl\u0259\u015f\u0259n v\u0259 indi onun ad\u0131n\u0131 da\u015f\u0131yan qaladan bir g\u00fcnd\u0259 d\u00fc\u015fm\u0259nin 4 topunu s\u0131radan \u00e7\u0131xar\u0131b, onlarla erm\u0259ni i\u015f\u011fal\u00e7\u0131s\u0131n\u0131 m\u0259hv edib, h\u0259m\u00e7inin d\u00fc\u015fm\u0259n m\u00f6vqel\u0259rin\u0259 ciddi z\u0259rb\u0259l\u0259r vuraraq bir ne\u00e7\u0259 silah-sursat anbar\u0131n\u0131 da\u011f\u0131d\u0131b.<\/p>\n<p>1993-c\u00fc ilin yaz aylar\u0131nda is\u0259 h\u00fccuma ba\u015flamazdan \u0259vv\u0259l Aznaurov top at\u0259\u015fi il\u0259 d\u00fc\u015fm\u0259n postunu m\u0259hv edib v\u0259 d\u00fc\u015fm\u0259n onun ba\u015f\u0131 \u00fc\u00e7\u00fcn pul m\u00fckafat\u0131 m\u00fc\u0259yy\u0259nl\u0259\u015fdirib.<\/p>\n<p>D\u00f6y\u00fc\u015fk\u0259n ruhu il\u0259 dill\u0259r\u0259 dastan olan Milli Q\u0259hr\u0259man Ba\u015fk\u0259ndin erm\u0259ni quldurlar\u0131ndan t\u0259mizl\u0259nm\u0259sind\u0259, &#8220;Mutud\u0259r\u0259&#8221;, &#8220;\u018frda\u011f\u0131&#8221;, &#8220;Kaftar &#8220;, &#8220;L\u0259zgi qayas\u0131&#8221; \u0259m\u0259liyyatlar\u0131nda da xeyli d\u00fc\u015fm\u0259n texnikas\u0131 v\u0259 canl\u0131 q\u00fcvv\u0259sini m\u0259hv edib.<\/p>\n<p>1993-c\u00fc il aprelin 18-d\u0259 is\u0259 G\u0259d\u0259b\u0259yd\u0259 &#8220;\u00d6r\u00fckda\u015f&#8221;da d\u00fc\u015fm\u0259nin 13 texnikas\u0131na qar\u015f\u0131 3 n\u00f6v texnika il\u0259 vuru\u015fub. S\u0259hh\u0259tind\u0259 probleml\u0259r yaranmas\u0131na baxmayaraq, m\u00fcalic\u0259 almaqdan imtina eden Milli Q\u0259hr\u0259man arxa c\u0259bh\u0259d\u0259ki m\u00f6vqeyini t\u0259rk ed\u0259r\u0259k, minalanm\u0131\u015f geni\u015f \u0259razini ke\u00e7\u0259r\u0259k \u00f6n c\u0259bh\u0259y\u0259 &#8211; d\u00f6y\u00fc\u015fl\u0259rin \u0259n q\u0131z\u011f\u0131n hiss\u0259sin\u0259 yollan\u0131b.<\/p>\n<p>Orada ged\u0259n at\u0131\u015fmalar zaman\u0131 Aznaurovun topu d\u00fc\u015fm\u0259n h\u0259d\u0259fin\u0259 tu\u015f g\u0259l\u0259r\u0259k, q\u0259hr\u0259mancas\u0131na h\u0259lak olub. Q\u0259hr\u0259man Bak\u0131n\u0131n \u015e\u0259hidl\u0259r Xiyaban\u0131nda d\u0259fn edilib.<\/p>\n","protected":false},"excerpt":{"rendered":"<p>Bu g\u00fcn Az\u0259rbaycan\u0131n Milli Q\u0259hr\u0259man\u0131 \u0130sg\u0259nd\u0259r S\u00f6hrab o\u011flu Aznaurovun v\u0259fat\u0131n\u0131n 27-ci ild\u00f6n\u00fcm\u00fcd\u00fcr. ARANTV.AZ Trend-\u0259 istinad\u0259n bildirir ki,\u00a0xalq aras\u0131nda &#8220;Top\u00e7u \u0130sg\u0259nd\u0259r&#8221; kimi tan\u0131nan Milli Q\u0259hr\u0259man 1956-c\u0131 il avqustun 16-da \u00d6zb\u0259kistan\u0131n Buxara vilay\u0259tinin Qala-Asiya k\u0259ndind\u0259 Ax\u0131sqa t\u00fcrk\u00fc ail\u0259sind\u0259 d\u00fcnyaya g\u0259lib. Q\u0259hr\u0259man\u0131n Qaraba\u011f m\u00fcharib\u0259si zaman\u0131 G\u0259d\u0259b\u0259y rayonunda ged\u0259n d\u00f6y\u00fc\u015fl\u0259rd\u0259 g\u00f6st\u0259rdiyi misilsiz q\u0259h\u0259r\u0259manl\u0131q n\u00fcmun\u0259l\u0259ri bu g\u00fcn d\u0259 xalq\u0131m\u0131z\u0131n dilind\u0259 \u0259zb\u0259rdir. Top\u00e7u \u0130sg\u0259nd\u0259r 1992-ci ilin aprelind\u0259 k\u00f6n\u00fcll\u00fc olaraq yeni yaranmaqda olan Az\u0259rbaycan Silahl\u0131 Q\u00fcvv\u0259l\u0259rinin s\u0131ralar\u0131na qo\u015fulub, G\u0259d\u0259b\u0259yin \u015e\u0131n\u0131x b\u00f6lg\u0259sind\u0259 yerl\u0259\u015f\u0259n v\u0259 indi onun ad\u0131n\u0131 da\u015f\u0131yan qaladan bir g\u00fcnd\u0259 d\u00fc\u015fm\u0259nin 4 topunu s\u0131radan \u00e7\u0131xar\u0131b, onlarla erm\u0259ni&hellip;<\/p>\n","protected":false},"author":2,"featured_media":151881,"comment_status":"closed","ping_status":"closed","sticky":false,"template":"","format":"standard","meta":{"om_disable_all_campaigns":false,"_monsterinsights_skip_tracking":false,"_monsterinsights_sitenote_active":false,"_monsterinsights_sitenote_note":"","_monsterinsights_sitenote_category":0},"categories":[19],"tags":[],"aioseo_notices":[],"gutentor_comment":0,"rttpg_featured_image_url":{"full":["https:\/\/arantv.az\/wp-content\/uploads\/2020\/04\/843219.jpg",800,600,false],"landscape":["https:\/\/arantv.az\/wp-content\/uploads\/2020\/04\/843219.jpg",800,600,false],"portraits":["https:\/\/arantv.az\/wp-content\/uploads\/2020\/04\/843219.jpg",800,600,false],"thumbnail":["https:\/\/arantv.az\/wp-content\/uploads\/2020\/04\/843219-150x150.jpg",150,150,true],"medium":["https:\/\/arantv.az\/wp-content\/uploads\/2020\/04\/843219-300x225.jpg",300,225,true],"large":["https:\/\/arantv.az\/wp-content\/uploads\/2020\/04\/843219.jpg",640,480,false],"1536x1536":["https:\/\/arantv.az\/wp-content\/uploads\/2020\/04\/843219.jpg",800,600,false],"2048x2048":["https:\/\/arantv.az\/wp-content\/uploads\/2020\/04\/843219.jpg",800,600,false],"post-thumbnail":["https:\/\/arantv.az\/wp-content\/uploads\/2020\/04\/843219-240x172.jpg",240,172,true],"advps-thumb-one":["https:\/\/arantv.az\/wp-content\/uploads\/2020\/04\/843219.jpg",800,600,false]},"rttpg_author":{"display_name":"V\u00fcsal Rafiqo\u011flu","author_link":"https:\/\/arantv.az\/?author=2"},"rttpg_comment":0,"rttpg_category":"<a href=\"https:\/\/arantv.az\/?cat=19\" rel=\"category\">G\u00fcnd\u0259m<\/a>","rttpg_excerpt":"Bu g\u00fcn Az\u0259rbaycan\u0131n Milli Q\u0259hr\u0259man\u0131 \u0130sg\u0259nd\u0259r S\u00f6hrab o\u011flu Aznaurovun v\u0259fat\u0131n\u0131n 27-ci ild\u00f6n\u00fcm\u00fcd\u00fcr. ARANTV.AZ Trend-\u0259 istinad\u0259n bildirir ki,\u00a0xalq aras\u0131nda &#8220;Top\u00e7u \u0130sg\u0259nd\u0259r&#8221; kimi tan\u0131nan Milli Q\u0259hr\u0259man 1956-c\u0131 il avqustun 16-da \u00d6zb\u0259kistan\u0131n Buxara vilay\u0259tinin Qala-Asiya k\u0259ndind\u0259 Ax\u0131sqa t\u00fcrk\u00fc ail\u0259sind\u0259 d\u00fcnyaya g\u0259lib. Q\u0259hr\u0259man\u0131n Qaraba\u011f m\u00fcharib\u0259si zaman\u0131 G\u0259d\u0259b\u0259y rayonunda ged\u0259n d\u00f6y\u00fc\u015fl\u0259rd\u0259 g\u00f6st\u0259rdiyi misilsiz q\u0259h\u0259r\u0259manl\u0131q n\u00fcmun\u0259l\u0259ri bu g\u00fcn d\u0259 xalq\u0131m\u0131z\u0131n dilind\u0259&hellip;","_links":{"self":[{"href":"https:\/\/arantv.az\/index.php?rest_route=\/wp\/v2\/posts\/151880"}],"collection":[{"href":"https:\/\/arantv.az\/index.php?rest_route=\/wp\/v2\/posts"}],"about":[{"href":"https:\/\/arantv.az\/index.php?rest_route=\/wp\/v2\/types\/post"}],"author":[{"embeddable":true,"href":"https:\/\/arantv.az\/index.php?rest_route=\/wp\/v2\/users\/2"}],"replies":[{"embeddable":true,"href":"https:\/\/arantv.az\/index.php?rest_route=%2Fwp%2Fv2%2Fcomments&post=151880"}],"version-history":[{"count":0,"href":"https:\/\/arantv.az\/index.php?rest_route=\/wp\/v2\/posts\/151880\/revisions"}],"wp:featuredmedia":[{"embeddable":true,"href":"https:\/\/arantv.az\/index.php?rest_route=\/wp\/v2\/media\/151881"}],"wp:attachment":[{"href":"https:\/\/arantv.az\/index.php?rest_route=%2Fwp%2Fv2%2Fmedia&parent=151880"}],"wp:term":[{"taxonomy":"category","embeddable":true,"href":"https:\/\/arantv.az\/index.php?rest_route=%2Fwp%2Fv2%2Fcategories&post=151880"},{"taxonomy":"post_tag","embeddable":true,"href":"https:\/\/arantv.az\/index.php?rest_route=%2Fwp%2Fv2%2Ftags&post=151880"}],"curies":[{"name":"wp","href":"https:\/\/api.w.org\/{rel}","templated":true}]}}