{"id":151884,"date":"2020-04-18T14:10:15","date_gmt":"2020-04-18T11:10:15","guid":{"rendered":"http:\/\/arantv.az\/?p=151884"},"modified":"2020-04-18T14:10:15","modified_gmt":"2020-04-18T11:10:15","slug":"ilham-%c9%99liyev-boyuk-t%c9%99dbirl%c9%99r-h%c9%99yata-kecirir-turk-deputatla-musahib%c9%99","status":"publish","type":"post","link":"https:\/\/arantv.az\/?p=151884","title":{"rendered":"\u0130lham \u018fliyev b\u00f6y\u00fck t\u0259dbirl\u0259r h\u0259yata ke\u00e7irir &#8211; T\u00fcrk deputatla M\u00dcSAH\u0130B\u018f"},"content":{"rendered":"<p><strong>&#8220;D\u00fcnya ictimaiyy\u0259tind\u0259 Az\u0259rbaycanla ba\u011fl\u0131 pis x\u0259b\u0259r e\u015fitm\u0259diyimiz \u00fc\u00e7\u00fcn \u00e7ox xo\u015fb\u0259xtik. Bu da onun n\u0259tic\u0259sidir ki, Az\u0259rbaycan d\u00f6vl\u0259ti \u00f6z v\u0259t\u0259nda\u015flar\u0131n\u0131n rifah\u0131 v\u0259 sa\u011flaml\u0131\u011f\u0131n\u0131n qorunmas\u0131 \u00fc\u00e7\u00fcn h\u0259r \u015feyi edir. Biz d\u0259 T\u00fcrkiy\u0259 B\u00f6y\u00fck Mill\u0259t M\u0259clisinin \u00fczvl\u0259ri olaraq bu i\u015fl\u0259ri t\u0259qdir edirik&#8221;.<\/strong><\/p>\n<p>Bu s\u00f6zl\u0259ri Qara D\u0259niz \u0130qtisadi \u018fm\u0259kda\u015fl\u0131q T\u0259\u015fkilat\u0131 Parlamentl\u0259raras\u0131 Assambleyan\u0131n T\u00fcrk Qrupunun v\u0259 T\u00fcrkiy\u0259-Az\u0259rbaycan Parlamentl\u0259raras\u0131 Dostluq Qrupunun \u00fczv\u00fc, T\u00fcrkiy\u0259 B\u00f6y\u00fck Mill\u0259t M\u0259clisinin Artvin mill\u0259t v\u0259kili U\u011fur Bayraktutan\u00a0<a href=\"http:\/\/publika.az\/\" target=\"_blank\" rel=\"noopener\">Publika.az<\/a>-a \u00f6z\u0259l m\u00fcsahib\u0259sind\u0259 deyib.<\/p>\n<p>M\u00fcsahib\u0259ni t\u0259qdim edirik:<\/p>\n<p><strong>&#8211; C\u0259nab Bayraktutan, haz\u0131rda T\u00fcrkiy\u0259d\u0259 v\u0259ziyy\u0259t n\u0259 yerd\u0259dir?<\/strong><\/p>\n<p>&#8211; T\u00fcrkiy\u0259 S\u0259hiyy\u0259 Nazirliyi sosial m\u0259saf\u0259 kampaniyas\u0131n\u0131 h\u0259yata ke\u00e7irir. Bu \u00e7\u0259r\u00e7iv\u0259d\u0259 k\u00fc\u00e7\u0259y\u0259 \u00e7\u0131xma qada\u011fas\u0131 da t\u0259tbiq olunur. Pandemiya T\u00fcrkiy\u0259d\u0259 yay\u0131ld\u0131\u011f\u0131ndan etibar\u0259n m\u00fcxalifli-iqtidarl\u0131 b\u00fct\u00fcn partiyalar vahid m\u00f6vqed\u0259n \u00e7\u0131x\u0131\u015f edirl\u0259r v\u0259 \u201cEvd\u0259 qal\u201d kampaniyas\u0131na d\u0259st\u0259k verirl\u0259r. Haz\u0131rda h\u0259ft\u0259sonu oldu\u011fu \u00fc\u00e7\u00fcn T\u00fcrkiy\u0259nin \u0259n b\u00f6y\u00fck 30 \u015f\u0259h\u0259rind\u0259 k\u00fc\u00e7\u0259y\u0259 \u00e7\u0131xmaq qada\u011fas\u0131 var. Bir d\u0259 Zonquldak rayonunda a\u011fciy\u0259r x\u0259st\u0259likl\u0259ri geni\u015f yay\u0131ld\u0131\u011f\u0131 \u00fc\u00e7\u00fcn orada da k\u00fc\u00e7\u0259y\u0259 \u00e7\u0131xma qada\u011fas\u0131n\u0131n t\u0259tbiq edilm\u0259si bar\u0259d\u0259 q\u0259rar verildi.<\/p>\n<p>Haz\u0131rda Ankaradayam. Burada da k\u00fc\u00e7\u0259y\u0259 \u00e7\u0131xma qada\u011fas\u0131 t\u0259tbiq olunub. Amma burada bir problem var. B\u00f6y\u00fck \u015f\u0259h\u0259rl\u0259rd\u0259 bu qada\u011fan\u0131n daimi olmas\u0131 laz\u0131md\u0131r. Yoxsa T\u00fcrkiy\u0259d\u0259 pandemiyan\u0131n qar\u015f\u0131s\u0131n\u0131 ala bilm\u0259rik. Bel\u0259 bir qay\u011f\u0131m\u0131z var. \u00d6lk\u0259mizin \u0130stanbul, Ankara, \u0130zmir kimi \u0259n b\u00f6y\u00fck \u015f\u0259h\u0259rl\u0259rinin b\u0259l\u0259diyy\u0259 s\u0259drl\u0259ri eyni zamanda C\u00fcmhuriyy\u0259t Xalq Partiyas\u0131n\u0131n \u00fczvl\u0259ridir. Onlar t\u0259kidl\u0259 x\u0259b\u0259rdarl\u0131qlar verir v\u0259 bildirirl\u0259r ki, k\u00fc\u00e7\u0259y\u0259 \u00e7\u0131xma qada\u011fas\u0131n\u0131 \u0259n az 10-15 g\u00fcn uzatmaq laz\u0131md\u0131r. Lakin bu m\u00f6vzuda h\u0259l\u0259 ki uzla\u015fmaya varmam\u0131\u015f\u0131q.<\/p>\n<p><img loading=\"lazy\" src=\"https:\/\/publika.az\/storage\/2020\/04\/18\/ugur-bayraktutan.jpg\" alt=\"\" width=\"600\" height=\"502\" \/><\/p>\n<p><strong>&#8211; T\u00fcrkiy\u0259d\u0259 pandemiyaya qar\u015f\u0131 hans\u0131 qada\u011falar t\u0259tbiq edilir?<\/strong><\/p>\n<p>&#8211; \u00dcmumilikd\u0259, T\u00fcrkiy\u0259d\u0259 sosial h\u0259yat tamamil\u0259 dayan\u0131b. B\u00fct\u00fcn restoranlar, kafel\u0259r, kitabxanalar ba\u011flan\u0131b. M\u00fcq\u0259dd\u0259s Ramazan ay\u0131n\u0131n ba\u015flamas\u0131 il\u0259 \u0259laq\u0259dar da \u00fcmumi izolyasiya durumu var. Bir d\u0259 20-65 ya\u015f aras\u0131 v\u0259t\u0259nda\u015flardan ba\u015fqa, b\u00fct\u00fcn ya\u015f qruplar\u0131na daxil olan insanlar\u0131n k\u00fc\u00e7\u0259y\u0259 \u00e7\u0131xmas\u0131 qada\u011fand\u0131r. \u00c7\u00fcnki onlar x\u00fcsusi risk qrupuna daxildirl\u0259r. Bir \u00e7ox yerl\u0259rd\u0259 k\u0259ndl\u0259r v\u0259 rayonlar karantin\u0259 al\u0131n\u0131r. Giri\u015f-\u00e7\u0131x\u0131\u015f qada\u011fan edilir. M\u0259nim se\u00e7ildiyim b\u00f6lg\u0259 olan Artvin Az\u0259rbaycan s\u0259rh\u0259din\u0259 \u0259n yax\u0131n n\u00f6qt\u0259d\u0259 yerl\u0259\u015fir v\u0259 orada da b\u0259zi k\u0259ndl\u0259rd\u0259 karantin rejimi t\u0259tbiq edilir. Bu t\u0259dbirl\u0259rin n\u0259tic\u0259sind\u0259 y\u00fcz faiz olmasa da, k\u00fc\u00e7\u0259d\u0259 insanlar\u0131n h\u0259r\u0259k\u0259ti b\u00f6y\u00fck \u00f6l\u00e7\u00fcd\u0259 dayan\u0131b.<\/p>\n<p><strong>&#8211; Regionda pandemiyan\u0131n ortaya \u00e7\u0131xd\u0131\u011f\u0131 ilk g\u00fcnl\u0259rd\u0259 T\u00fcrkiy\u0259 d\u0259rhal \u0259ks\u0259r s\u0259rh\u0259d qap\u0131lar\u0131n\u0131 ba\u011flad\u0131. Amma bu g\u00fcn statistikalar g\u00f6st\u0259rir ki, \u00f6lk\u0259d\u0259 infeksiyaya yoluxmu\u015f insan say\u0131 80 min\u0259 yax\u0131nla\u015f\u0131r. B\u0259s T\u00fcrkiy\u0259d\u0259 pandemiya niy\u0259 bu q\u0259d\u0259r geni\u015f yay\u0131ld\u0131?<\/strong><\/p>\n<p>&#8211; T\u0259kc\u0259 \u0130ranla s\u0259rh\u0259di ba\u011flamaqda gecikdik. D\u00fc\u015f\u00fcn\u00fcr\u00fck ki, \u0130randan T\u00fcrkiy\u0259y\u0259 d\u00f6vl\u0259t n\u0259zar\u0259tind\u0259n k\u0259nar, qanunsuz giri\u015fl\u0259r olub. \u0130kincisi, S\u0259udiyy\u0259 \u018fr\u0259bstan\u0131 pandemiya il\u0259 \u0259laq\u0259dar m\u00fcs\u0259lmanlar\u0131n m\u00fcq\u0259dd\u0259s m\u0259kanlara ziyar\u0259tl\u0259rini qada\u011fan etdi. Biz is\u0259 \u00dcmr\u0259 ziyar\u0259tl\u0259ri m\u00f6vzusunda sinifd\u0259 qald\u0131q. \u00c7\u00fcnki \u00dcmr\u0259 ziyar\u0259tind\u0259n g\u0259l\u0259n 20-25 min bir q\u0259bil\u0259 he\u00e7 bir n\u0259zar\u0259td\u0259n ke\u00e7irilm\u0259d\u0259n evl\u0259rin\u0259 getdi. T\u00fcrkiy\u0259d\u0259 virusun geni\u015f \u015f\u0259kild\u0259 yay\u0131lmas\u0131n\u0131n \u0259n b\u00f6y\u00fck s\u0259b\u0259bi d\u0259 buradan qaynaqland\u0131. H\u0259r n\u0259 q\u0259d\u0259r ictimaiyy\u0259td\u0259 Avropadan, AB\u015e-dan g\u0259ldiyin\u0259 dair fikirl\u0259r s\u0259sl\u0259ndirils\u0259 d\u0259, faktlar g\u00f6st\u0259rir ki, \u0259slind\u0259 virus buradan yay\u0131ld\u0131. Haz\u0131rda bu iki versiya \u00fcz\u0259rind\u0259 m\u00fczakir\u0259l\u0259r apar\u0131r\u0131q.<\/p>\n<p><strong>&#8211; Yoluxma azalma\u011fa do\u011fru gedirmi, yoxsa tamamil\u0259 \u0259ksin\u0259, art\u0131m m\u00fc\u015fahid\u0259 edilir?<\/strong><\/p>\n<p>&#8211; S\u0259hiyy\u0259 Nazirliyinin n\u0259zdind\u0259 yarad\u0131lan Elmi Qurumun m\u00fct\u0259x\u0259ssisl\u0259ri qar\u015f\u0131dak\u0131 h\u0259ft\u0259nin T\u00fcrkiy\u0259 \u00fc\u00e7\u00fcn kritik olaca\u011f\u0131n\u0131 proqnozla\u015fd\u0131r\u0131r. Y\u0259ni g\u0259l\u0259n h\u0259ft\u0259 yoluxma faktlar\u0131n\u0131n pik h\u0259dd\u0259 \u00e7ataca\u011f\u0131n\u0131 g\u00f6zl\u0259yirik. Daha sonra may ay\u0131n\u0131n \u0259vv\u0259ll\u0259rind\u0259n yoluxma faktlar\u0131 azalma\u011fa do\u011fru ged\u0259c\u0259k.<\/p>\n<p>Almaniya pandemiyan\u0131 b\u00f6y\u00fck \u00f6l\u00e7\u00fcd\u0259 n\u0259zar\u0259t\u0259 g\u00f6t\u00fcrd\u00fckl\u0259rini a\u00e7\u0131qlad\u0131. Robert Kox \u0130nstitutunun elmi \u00e7al\u0131\u015fmalar\u0131 il\u0259 Almaniya yay\u0131lmas\u0131n\u0131n qar\u015f\u0131s\u0131n\u0131 ala bildi. Y\u0259ni elmi \u00f6z\u00fcn\u0259 r\u0259hb\u0259r tutan \u00f6lk\u0259l\u0259r bu i\u015fin \u00f6hd\u0259sind\u0259n g\u0259lir, xurafatla \u0259ll\u0259\u015f\u0259nl\u0259r is\u0259 sinifd\u0259 qal\u0131r. Bu bax\u0131mdan, biz d\u0259 elmi r\u0259hb\u0259r tutaraq problemin \u00f6hd\u0259sind\u0259n g\u0259lm\u0259y\u0259 \u00e7al\u0131\u015f\u0131r\u0131q. Bu da Mustafa Kamal Atat\u00fcrk C\u00fcmhuriyy\u0259tinin u\u011furudur.<\/p>\n<p><strong>&#8211; T\u00fcrkiy\u0259d\u0259 koronavirusa qar\u015f\u0131 h\u0259yata ke\u00e7iril\u0259n d\u0259rman v\u0259 peyv\u0259nd layih\u0259l\u0259ri bizim d\u0259 diqq\u0259timizd\u0259dir. Bu sah\u0259d\u0259 m\u0259\u015fhur professor \u018frc\u00fcm\u0259nt Oval\u0131n\u0131n laborator i\u015fl\u0259rinin T\u00fcrkiy\u0259d\u0259 h\u0259y\u0259canla izl\u0259ndiyini g\u00f6r\u00fcr\u00fck.<\/strong><\/p>\n<p>&#8211; Professorun a\u00e7\u0131qlamalar\u0131 ictimaiyy\u0259td\u0259 yanl\u0131\u015f anla\u015f\u0131lm\u0131\u015fd\u0131. V\u0259t\u0259nda\u015flar el\u0259 ba\u015fa d\u00fc\u015fm\u00fc\u015fd\u00fc ki, o, koronavirusa qar\u015f\u0131 yeni d\u0259rman haz\u0131rlay\u0131b. Lakin \u00f6t\u0259n gec\u0259 c\u0259nab Oval\u0131 a\u00e7\u0131qlad\u0131 ki, yeni bir d\u0259rman haz\u0131rlanmay\u0131b. Sad\u0259c\u0259 beyn\u0259xlalq tibb qurumlar\u0131 t\u0259r\u0259find\u0259n akkreditasiyadan ke\u00e7irilmi\u015f bir firman\u0131n istehsal\u0131 olan d\u0259rman koronavirusun m\u00fcalic\u0259sind\u0259 effektiv olub v\u0259 bu preparat\u0131n m\u00fcalic\u0259 prosesind\u0259 t\u0259tbiq edilm\u0259sinin z\u0259ruriliyi s\u00fcbuta yetirilib. \u018frc\u00fcm\u0259nt Oval\u0131 \u00e7ox bacar\u0131ql\u0131 m\u00fct\u0259x\u0259ssisdir. Onun i\u015fl\u0259rin\u0259 g\u00fcv\u0259nirik. \u0130n\u015fallah tap\u0131nt\u0131lar\u0131 i\u015f\u0259 yarayacaq.<\/p>\n<p><img loading=\"lazy\" src=\"https:\/\/publika.az\/storage\/2020\/04\/18\/ugurbayraktutan.jpg\" alt=\"\" width=\"600\" height=\"326\" \/><\/p>\n<p><strong>&#8211; Az\u0259rbaycan\u0131n pandemiyaya qar\u015f\u0131 m\u00fcbariz\u0259 t\u0259dbirl\u0259rini nec\u0259 d\u0259y\u0259rl\u0259ndirirsiniz? K\u0259nar m\u00fc\u015fahid\u0259\u00e7i kimi n\u0259l\u0259r diqq\u0259tiniz \u00e7\u0259kir?<\/strong><\/p>\n<p>&#8211; Az\u0259rbaycan prezidenti c\u0259nab \u0130lham \u018fliyevin t\u00fcrk d\u00f6vl\u0259tl\u0259ri il\u0259 video-konfrans\u0131n\u0131 izl\u0259dim. Pandemiyaya qar\u015f\u0131 b\u00f6y\u00fck t\u0259dbirl\u0259r h\u0259yata ke\u00e7irildiyini g\u00f6rd\u00fcm. Haz\u0131rda d\u00fcnya statistikas\u0131nda Az\u0259rbaycan \u0259n a\u015fa\u011f\u0131 s\u0131ralardad\u0131r. \u0130n\u015fallah, he\u00e7 vaxt yuxar\u0131 s\u0131ralarda da g\u00f6rm\u0259rik. Bu da o dem\u0259kdir ki, Az\u0259rbaycan prezidentinin r\u0259hb\u0259rliyi il\u0259 b\u00fct\u00fcn d\u00f6vl\u0259t strukturlar\u0131 b\u00fct\u00fcn laz\u0131mi t\u0259dbirl\u0259ri g\u00f6r\u00fcr v\u0259 bu da n\u0259tic\u0259 verir. \u00dcmumiyy\u0259tl\u0259, Az\u0259rbaycanda ged\u0259n prosesl\u0259ri v\u0259 v\u0259ziyy\u0259ti buradan t\u0259qib edirik. \u00c7\u00fcnki biz qarda\u015f\u0131q. Siz\u0259 iyn\u0259 batarsa, biz\u0259 \u00e7uvalduz batar. D\u00fcnya ictimaiyy\u0259tind\u0259 Az\u0259rbaycanla ba\u011fl\u0131 pis x\u0259b\u0259r e\u015fitm\u0259diyimiz \u00fc\u00e7\u00fcn \u00e7ox xo\u015fb\u0259xtik. Bu da onun n\u0259tic\u0259sidir ki, Az\u0259rbaycan d\u00f6vl\u0259ti \u00f6z v\u0259t\u0259nda\u015flar\u0131n\u0131n rifah\u0131 v\u0259 sa\u011flaml\u0131\u011f\u0131n\u0131n qorunmas\u0131 \u00fc\u00e7\u00fcn h\u0259r \u015feyi edir. Biz d\u0259 T\u00fcrkiy\u0259 B\u00f6y\u00fck Mill\u0259t M\u0259clisinin \u00fczvl\u0259ri olaraq bu i\u015fl\u0259ri t\u0259qdir edirik.<\/p>\n<p>Biz b\u00f6lg\u0259d\u0259 g\u00fccl\u00fc bir Az\u0259rbaycan g\u00f6rm\u0259k ist\u0259yirik. Bo\u015funa \u201ciki d\u00f6vl\u0259t, bir mill\u0259t\u201d demirik. \u00dcr\u0259kl\u0259rimiz sizl\u0259rl\u0259 b\u0259rab\u0259rdir. Az\u0259rbaycan\u0131n aya\u011f\u0131na da\u015f d\u0259ym\u0259d\u0259n bu b\u0259ladan \u0259n az itki il\u0259 qurtulmas\u0131n\u0131 t\u0259m\u0259nna edirik. Dualar\u0131m\u0131z sizinl\u0259dir.<\/p>\n<p><strong>&#8211; Koronavirusa qar\u015f\u0131 d\u0259rman v\u0259 ya peyv\u0259nd tap\u0131lsa, Az\u0259rbaycan bu istiqam\u0259td\u0259 t\u0259l\u0259b g\u00f6nd\u0259rs\u0259, T\u00fcrkiy\u0259 bu t\u0259l\u0259b\u0259 m\u00fcsb\u0259t cavab ver\u0259 bil\u0259c\u0259kmi?<\/strong><\/p>\n<p>&#8211; Soru\u015fdu\u011funuz q\u0259bah\u0259tdir (g\u00fcl\u00fc\u015f). Olmazm\u0131? Cavab el\u0259 bu sual\u0131n \u00f6z\u00fcnd\u0259dir. \u0130nsan qarda\u015f\u0131na \u0259n \u00e7\u0259tin zamanlar\u0131nda k\u00f6m\u0259k etm\u0259zmi? Bunun \u0259ksini d\u00fc\u015f\u00fcnm\u0259k bel\u0259 ist\u0259mirik. Bu sual\u0131n cavab\u0131 b\u0259llidir. Soru\u015fma\u011f\u0131n\u0131za bel\u0259 g\u0259r\u0259k yoxdur.<\/p>\n","protected":false},"excerpt":{"rendered":"<p>&#8220;D\u00fcnya ictimaiyy\u0259tind\u0259 Az\u0259rbaycanla ba\u011fl\u0131 pis x\u0259b\u0259r e\u015fitm\u0259diyimiz \u00fc\u00e7\u00fcn \u00e7ox xo\u015fb\u0259xtik. Bu da onun n\u0259tic\u0259sidir ki, Az\u0259rbaycan d\u00f6vl\u0259ti \u00f6z v\u0259t\u0259nda\u015flar\u0131n\u0131n rifah\u0131 v\u0259 sa\u011flaml\u0131\u011f\u0131n\u0131n qorunmas\u0131 \u00fc\u00e7\u00fcn h\u0259r \u015feyi edir. Biz d\u0259 T\u00fcrkiy\u0259 B\u00f6y\u00fck Mill\u0259t M\u0259clisinin \u00fczvl\u0259ri olaraq bu i\u015fl\u0259ri t\u0259qdir edirik&#8221;. Bu s\u00f6zl\u0259ri Qara D\u0259niz \u0130qtisadi \u018fm\u0259kda\u015fl\u0131q T\u0259\u015fkilat\u0131 Parlamentl\u0259raras\u0131 Assambleyan\u0131n T\u00fcrk Qrupunun v\u0259 T\u00fcrkiy\u0259-Az\u0259rbaycan Parlamentl\u0259raras\u0131 Dostluq Qrupunun \u00fczv\u00fc, T\u00fcrkiy\u0259 B\u00f6y\u00fck Mill\u0259t M\u0259clisinin Artvin mill\u0259t v\u0259kili U\u011fur Bayraktutan\u00a0Publika.az-a \u00f6z\u0259l m\u00fcsahib\u0259sind\u0259 deyib. M\u00fcsahib\u0259ni t\u0259qdim edirik: &#8211; C\u0259nab Bayraktutan, haz\u0131rda T\u00fcrkiy\u0259d\u0259 v\u0259ziyy\u0259t n\u0259 yerd\u0259dir? &#8211; T\u00fcrkiy\u0259 S\u0259hiyy\u0259 Nazirliyi sosial m\u0259saf\u0259 kampaniyas\u0131n\u0131 h\u0259yata ke\u00e7irir. Bu \u00e7\u0259r\u00e7iv\u0259d\u0259&hellip;<\/p>\n","protected":false},"author":2,"featured_media":151885,"comment_status":"closed","ping_status":"closed","sticky":false,"template":"","format":"standard","meta":{"om_disable_all_campaigns":false,"_monsterinsights_skip_tracking":false,"_monsterinsights_sitenote_active":false,"_monsterinsights_sitenote_note":"","_monsterinsights_sitenote_category":0},"categories":[4],"tags":[],"aioseo_notices":[],"gutentor_comment":0,"rttpg_featured_image_url":{"full":["https:\/\/arantv.az\/wp-content\/uploads\/2020\/04\/ilham-aliyev-recep-tayyip-erdogan-2010-6-7-10-7-55.jpg",800,450,false],"landscape":["https:\/\/arantv.az\/wp-content\/uploads\/2020\/04\/ilham-aliyev-recep-tayyip-erdogan-2010-6-7-10-7-55.jpg",800,450,false],"portraits":["https:\/\/arantv.az\/wp-content\/uploads\/2020\/04\/ilham-aliyev-recep-tayyip-erdogan-2010-6-7-10-7-55.jpg",800,450,false],"thumbnail":["https:\/\/arantv.az\/wp-content\/uploads\/2020\/04\/ilham-aliyev-recep-tayyip-erdogan-2010-6-7-10-7-55-150x150.jpg",150,150,true],"medium":["https:\/\/arantv.az\/wp-content\/uploads\/2020\/04\/ilham-aliyev-recep-tayyip-erdogan-2010-6-7-10-7-55-300x169.jpg",300,169,true],"large":["https:\/\/arantv.az\/wp-content\/uploads\/2020\/04\/ilham-aliyev-recep-tayyip-erdogan-2010-6-7-10-7-55.jpg",640,360,false],"1536x1536":["https:\/\/arantv.az\/wp-content\/uploads\/2020\/04\/ilham-aliyev-recep-tayyip-erdogan-2010-6-7-10-7-55.jpg",800,450,false],"2048x2048":["https:\/\/arantv.az\/wp-content\/uploads\/2020\/04\/ilham-aliyev-recep-tayyip-erdogan-2010-6-7-10-7-55.jpg",800,450,false],"post-thumbnail":["https:\/\/arantv.az\/wp-content\/uploads\/2020\/04\/ilham-aliyev-recep-tayyip-erdogan-2010-6-7-10-7-55-240x172.jpg",240,172,true],"advps-thumb-one":["https:\/\/arantv.az\/wp-content\/uploads\/2020\/04\/ilham-aliyev-recep-tayyip-erdogan-2010-6-7-10-7-55.jpg",800,450,false]},"rttpg_author":{"display_name":"V\u00fcsal Rafiqo\u011flu","author_link":"https:\/\/arantv.az\/?author=2"},"rttpg_comment":0,"rttpg_category":"<a href=\"https:\/\/arantv.az\/?cat=4\" rel=\"category\">Siyas\u0259t<\/a>","rttpg_excerpt":"&#8220;D\u00fcnya ictimaiyy\u0259tind\u0259 Az\u0259rbaycanla ba\u011fl\u0131 pis x\u0259b\u0259r e\u015fitm\u0259diyimiz \u00fc\u00e7\u00fcn \u00e7ox xo\u015fb\u0259xtik. Bu da onun n\u0259tic\u0259sidir ki, Az\u0259rbaycan d\u00f6vl\u0259ti \u00f6z v\u0259t\u0259nda\u015flar\u0131n\u0131n rifah\u0131 v\u0259 sa\u011flaml\u0131\u011f\u0131n\u0131n qorunmas\u0131 \u00fc\u00e7\u00fcn h\u0259r \u015feyi edir. Biz d\u0259 T\u00fcrkiy\u0259 B\u00f6y\u00fck Mill\u0259t M\u0259clisinin \u00fczvl\u0259ri olaraq bu i\u015fl\u0259ri t\u0259qdir edirik&#8221;. Bu s\u00f6zl\u0259ri Qara D\u0259niz \u0130qtisadi \u018fm\u0259kda\u015fl\u0131q T\u0259\u015fkilat\u0131 Parlamentl\u0259raras\u0131 Assambleyan\u0131n T\u00fcrk Qrupunun v\u0259 T\u00fcrkiy\u0259-Az\u0259rbaycan Parlamentl\u0259raras\u0131 Dostluq Qrupunun&hellip;","_links":{"self":[{"href":"https:\/\/arantv.az\/index.php?rest_route=\/wp\/v2\/posts\/151884"}],"collection":[{"href":"https:\/\/arantv.az\/index.php?rest_route=\/wp\/v2\/posts"}],"about":[{"href":"https:\/\/arantv.az\/index.php?rest_route=\/wp\/v2\/types\/post"}],"author":[{"embeddable":true,"href":"https:\/\/arantv.az\/index.php?rest_route=\/wp\/v2\/users\/2"}],"replies":[{"embeddable":true,"href":"https:\/\/arantv.az\/index.php?rest_route=%2Fwp%2Fv2%2Fcomments&post=151884"}],"version-history":[{"count":0,"href":"https:\/\/arantv.az\/index.php?rest_route=\/wp\/v2\/posts\/151884\/revisions"}],"wp:featuredmedia":[{"embeddable":true,"href":"https:\/\/arantv.az\/index.php?rest_route=\/wp\/v2\/media\/151885"}],"wp:attachment":[{"href":"https:\/\/arantv.az\/index.php?rest_route=%2Fwp%2Fv2%2Fmedia&parent=151884"}],"wp:term":[{"taxonomy":"category","embeddable":true,"href":"https:\/\/arantv.az\/index.php?rest_route=%2Fwp%2Fv2%2Fcategories&post=151884"},{"taxonomy":"post_tag","embeddable":true,"href":"https:\/\/arantv.az\/index.php?rest_route=%2Fwp%2Fv2%2Ftags&post=151884"}],"curies":[{"name":"wp","href":"https:\/\/api.w.org\/{rel}","templated":true}]}}