{"id":151961,"date":"2020-04-18T19:58:36","date_gmt":"2020-04-18T16:58:36","guid":{"rendered":"http:\/\/arantv.az\/?p=151961"},"modified":"2020-04-18T19:58:36","modified_gmt":"2020-04-18T16:58:36","slug":"iranla-s%c9%99rh%c9%99d-mayin-4-d%c9%99k-bagli-qalacaq-r%c9%99smi","status":"publish","type":"post","link":"https:\/\/arantv.az\/?p=151961","title":{"rendered":"\u0130ranla s\u0259rh\u0259d may\u0131n 4-d\u0259k ba\u011fl\u0131 qalacaq &#8211; R\u018fSM\u0130"},"content":{"rendered":"<p>X\u00fcsusi karantin rejiminin m\u00fcdd\u0259tinin uzad\u0131lmas\u0131 il\u0259 \u0259laq\u0259dar Az\u0259rbaycan-\u0130ran s\u0259rh\u0259dinin may\u0131n 4-d\u0259k ba\u011fl\u0131 saxlan\u0131lmas\u0131na q\u0259rar verilib.<\/p>\n<p>Bununla ba\u011fl\u0131 Nazirl\u0259r Kabineti yan\u0131nda operativ q\u0259rargah m\u0259lumat yay\u0131b.<\/p>\n<div id=\"AdviadNativeVideo0\" class=\"AdviadNativeVideo\"><\/div>\n<p>Bildirilib ki, \u00f6lk\u0259 \u0259razisind\u0259 t\u0259tbiq edil\u0259n x\u00fcsusi karantin rejimi 2020-ci il 4 may saat 00.00-d\u0259k uzad\u0131l\u0131b.<\/p>\n<p>Bununla \u0259laq\u0259dar Az\u0259rbaycan\u0131n \u0130ran \u0130slam Respublikas\u0131 il\u0259 d\u00f6vl\u0259t s\u0259rh\u0259dinin m\u00fcv\u0259qq\u0259ti ba\u011fl\u0131 saxlan\u0131lmas\u0131 bar\u0259d\u0259 q\u0259rar\u0131n m\u00fcdd\u0259ti 2020-ci il 4 may saat 00.00-d\u0259k uzad\u0131l\u0131r.<\/p>\n","protected":false},"excerpt":{"rendered":"<p>X\u00fcsusi karantin rejiminin m\u00fcdd\u0259tinin uzad\u0131lmas\u0131 il\u0259 \u0259laq\u0259dar Az\u0259rbaycan-\u0130ran s\u0259rh\u0259dinin may\u0131n 4-d\u0259k ba\u011fl\u0131 saxlan\u0131lmas\u0131na q\u0259rar verilib. Bununla ba\u011fl\u0131 Nazirl\u0259r Kabineti yan\u0131nda operativ q\u0259rargah m\u0259lumat yay\u0131b. Bildirilib ki, \u00f6lk\u0259 \u0259razisind\u0259 t\u0259tbiq edil\u0259n x\u00fcsusi karantin rejimi 2020-ci il 4 may saat 00.00-d\u0259k uzad\u0131l\u0131b. Bununla \u0259laq\u0259dar Az\u0259rbaycan\u0131n \u0130ran \u0130slam Respublikas\u0131 il\u0259 d\u00f6vl\u0259t s\u0259rh\u0259dinin m\u00fcv\u0259qq\u0259ti ba\u011fl\u0131 saxlan\u0131lmas\u0131 bar\u0259d\u0259 q\u0259rar\u0131n m\u00fcdd\u0259ti 2020-ci il 4 may saat 00.00-d\u0259k uzad\u0131l\u0131r.<\/p>\n","protected":false},"author":2,"featured_media":151964,"comment_status":"closed","ping_status":"closed","sticky":false,"template":"","format":"standard","meta":{"om_disable_all_campaigns":false,"_monsterinsights_skip_tracking":false,"_monsterinsights_sitenote_active":false,"_monsterinsights_sitenote_note":"","_monsterinsights_sitenote_category":0},"categories":[19],"tags":[],"aioseo_notices":[],"gutentor_comment":0,"rttpg_featured_image_url":{"full":["https:\/\/arantv.az\/wp-content\/uploads\/2020\/04\/s\u00c9_r.jpg",620,336,false],"landscape":["https:\/\/arantv.az\/wp-content\/uploads\/2020\/04\/s\u00c9_r.jpg",620,336,false],"portraits":["https:\/\/arantv.az\/wp-content\/uploads\/2020\/04\/s\u00c9_r.jpg",620,336,false],"thumbnail":["https:\/\/arantv.az\/wp-content\/uploads\/2020\/04\/s\u00c9_r-150x150.jpg",150,150,true],"medium":["https:\/\/arantv.az\/wp-content\/uploads\/2020\/04\/s\u00c9_r-300x163.jpg",300,163,true],"large":["https:\/\/arantv.az\/wp-content\/uploads\/2020\/04\/s\u00c9_r.jpg",620,336,false],"1536x1536":["https:\/\/arantv.az\/wp-content\/uploads\/2020\/04\/s\u00c9_r.jpg",620,336,false],"2048x2048":["https:\/\/arantv.az\/wp-content\/uploads\/2020\/04\/s\u00c9_r.jpg",620,336,false],"post-thumbnail":["https:\/\/arantv.az\/wp-content\/uploads\/2020\/04\/s\u00c9_r-240x172.jpg",240,172,true],"advps-thumb-one":["https:\/\/arantv.az\/wp-content\/uploads\/2020\/04\/s\u00c9_r.jpg",620,336,false]},"rttpg_author":{"display_name":"V\u00fcsal Rafiqo\u011flu","author_link":"https:\/\/arantv.az\/?author=2"},"rttpg_comment":0,"rttpg_category":"<a href=\"https:\/\/arantv.az\/?cat=19\" rel=\"category\">G\u00fcnd\u0259m<\/a>","rttpg_excerpt":"X\u00fcsusi karantin rejiminin m\u00fcdd\u0259tinin uzad\u0131lmas\u0131 il\u0259 \u0259laq\u0259dar Az\u0259rbaycan-\u0130ran s\u0259rh\u0259dinin may\u0131n 4-d\u0259k ba\u011fl\u0131 saxlan\u0131lmas\u0131na q\u0259rar verilib. Bununla ba\u011fl\u0131 Nazirl\u0259r Kabineti yan\u0131nda operativ q\u0259rargah m\u0259lumat yay\u0131b. Bildirilib ki, \u00f6lk\u0259 \u0259razisind\u0259 t\u0259tbiq edil\u0259n x\u00fcsusi karantin rejimi 2020-ci il 4 may saat 00.00-d\u0259k uzad\u0131l\u0131b. Bununla \u0259laq\u0259dar Az\u0259rbaycan\u0131n \u0130ran \u0130slam Respublikas\u0131 il\u0259 d\u00f6vl\u0259t s\u0259rh\u0259dinin m\u00fcv\u0259qq\u0259ti ba\u011fl\u0131 saxlan\u0131lmas\u0131 bar\u0259d\u0259 q\u0259rar\u0131n m\u00fcdd\u0259ti&hellip;","_links":{"self":[{"href":"https:\/\/arantv.az\/index.php?rest_route=\/wp\/v2\/posts\/151961"}],"collection":[{"href":"https:\/\/arantv.az\/index.php?rest_route=\/wp\/v2\/posts"}],"about":[{"href":"https:\/\/arantv.az\/index.php?rest_route=\/wp\/v2\/types\/post"}],"author":[{"embeddable":true,"href":"https:\/\/arantv.az\/index.php?rest_route=\/wp\/v2\/users\/2"}],"replies":[{"embeddable":true,"href":"https:\/\/arantv.az\/index.php?rest_route=%2Fwp%2Fv2%2Fcomments&post=151961"}],"version-history":[{"count":0,"href":"https:\/\/arantv.az\/index.php?rest_route=\/wp\/v2\/posts\/151961\/revisions"}],"wp:featuredmedia":[{"embeddable":true,"href":"https:\/\/arantv.az\/index.php?rest_route=\/wp\/v2\/media\/151964"}],"wp:attachment":[{"href":"https:\/\/arantv.az\/index.php?rest_route=%2Fwp%2Fv2%2Fmedia&parent=151961"}],"wp:term":[{"taxonomy":"category","embeddable":true,"href":"https:\/\/arantv.az\/index.php?rest_route=%2Fwp%2Fv2%2Fcategories&post=151961"},{"taxonomy":"post_tag","embeddable":true,"href":"https:\/\/arantv.az\/index.php?rest_route=%2Fwp%2Fv2%2Ftags&post=151961"}],"curies":[{"name":"wp","href":"https:\/\/api.w.org\/{rel}","templated":true}]}}