{"id":151974,"date":"2020-04-18T22:19:02","date_gmt":"2020-04-18T19:19:02","guid":{"rendered":"http:\/\/arantv.az\/?p=151974"},"modified":"2020-04-18T22:19:02","modified_gmt":"2020-04-18T19:19:02","slug":"az%c9%99rbaycan-m%c9%99tbuat-surasi-qht-surasi-il%c9%99-birg%c9%99-onlayn-konfrans-kecirdi-foto","status":"publish","type":"post","link":"https:\/\/arantv.az\/?p=151974","title":{"rendered":"Az\u0259rbaycan M\u0259tbuat \u015euras\u0131 QHT \u015euras\u0131 il\u0259 birg\u0259 onlayn konfrans ke\u00e7irdi &#8211; FOTO"},"content":{"rendered":"<p>Bu g\u00fcn Az\u0259rbaycan Respublikas\u0131n\u0131n Prezidenti yan\u0131nda Qeyri-H\u00f6kum\u0259t T\u0259\u015fkilatlar\u0131na D\u00f6vl\u0259t D\u0259st\u0259yi \u015euras\u0131 v\u0259 Az\u0259rbaycan M\u0259tbuat \u015euras\u0131 koronaviris (COVID-19) pandemiyas\u0131 il\u0259 m\u00fcbariz\u0259d\u0259 QHT-media \u0259m\u0259kda\u015fl\u0131\u011f\u0131n\u0131n g\u00fccl\u0259ndirilm\u0259sin\u0259 h\u0259sr olunnu\u015f onlayn konfrans ke\u00e7irib. T\u0259dbird\u0259 \u00fcmum\u0259n 300-\u0259 yax\u0131n QHT t\u0259msil\u00e7isi v\u0259 media n\u00fcmay\u0259nd\u0259si i\u015ftirak edib.<\/p>\n<p>Toplant\u0131n\u0131 giri\u015f s\u00f6z\u00fc il\u0259 Az\u0259rbaycan Respublikas\u0131n\u0131n Prezidenti yan\u0131nda Qeyri-H\u00f6kum\u0259t T\u0259\u015fkilatlar\u0131na D\u00f6vl\u0259t D\u0259st\u0259yi \u015euras\u0131n\u0131n s\u0259dri, Milli M\u0259clisin deputat\u0131 Azay Quliyev a\u00e7araq koronavirus t\u0259hl\u00fck\u0259si \u015f\u0259raitind\u0259 Az\u0259rbaycan c\u0259miyy\u0259tinin b\u00fct\u00f6vl\u00fck v\u0259 h\u0259mr\u0259ylik g\u00f6st\u0259rdiyini vurlay\u0131b. O, Az\u0259rbaycan Respublikas\u0131n\u0131n Prezidenti c\u0259nab \u0130lham \u018fliyevin, Birinci vitse-prezident Mehriban \u018fliyevan\u0131n bu birliyin yaranmas\u0131nda \u00e7ox b\u00f6y\u00fck \u0259m\u0259yinin oldu\u011funu bildirib. \u00dcmum\u0259n Az\u0259rbaycan d\u00f6vl\u0259ti \u0259m\u0259li t\u0259dbirl\u0259rl\u0259 s\u00fcbut etdi ki, h\u0259r bir v\u0259t\u0259nda\u015f onun \u00fc\u00e7\u00fcn \u0259ziz v\u0259 do\u011fmad\u0131r. Az\u0259rbaycanda v\u0259t\u0259nda\u015f h\u0259mr\u0259yliyinin \u0259ld\u0259 olunmas\u0131nda QHT sektorunun v\u0259 median\u0131n \u00fcz\u0259rin\u0259 b\u00f6y\u00fck missiyan\u0131n d\u00fc\u015fd\u00fcy\u00fcn\u00fc qeyd edib. A. Quliyev bu bax\u0131mdan h\u0259r iki q\u00fctb\u00fcn \u0259m\u0259kda\u015fl\u0131\u011f\u0131n\u0131n \u00f6n\u0259mind\u0259n s\u00f6z a\u00e7araq konfrans\u0131n \u0259h\u0259miyy\u0259tini vur\u011fulay\u0131b.<\/p>\n<p>Az\u0259rbaycan M\u0259tbuat \u015euras\u0131n\u0131n s\u0259dri \u018fflatun Ama\u015fov bildirib ki, h\u0259m media ictimaiyy\u0259ti, h\u0259m d\u0259 QHT sektorunun n\u00fcmay\u0259nd\u0259l\u0259ri koronavirus infeksiyas\u0131na qar\u015f\u0131 m\u00fcbariz\u0259d\u0259 ciddi maarifl\u0259ndirm\u0259 i\u015fi aparmaqdad\u0131rlar. Bu i\u015f eyni zamanda \u00f6lk\u0259mizin d\u00f6vl\u0259t siyas\u0259tinin t\u0259rkib hiss\u0259si kimi d\u0259 diqq\u0259t \u00e7\u0259km\u0259kd\u0259dir. Bu g\u00fcn mediam\u0131z v\u0259 QHT-l\u0259rimiz \u00f6lk\u0259 Prezidenti c\u0259nab \u0130lham \u018fliyevin, habel\u0259 Birinci vitse-prezident Mehriban xan\u0131m \u018fliyevan\u0131n \u00e7a\u011f\u0131r\u0131\u015f v\u0259 t\u0259\u015f\u0259bb\u00fcsl\u0259rin\u0259 kifay\u0259t q\u0259d\u0259r m\u0259suliyy\u0259t v\u0259 h\u0259ssasl\u0131qla yana\u015fmaqdad\u0131rlar. Bu onun g\u00f6st\u0259ricisidir ki, \u00f6lk\u0259mizd\u0259 xalq-hakimiyy\u0259t v\u0259hd\u0259ti \u0259n y\u00fcks\u0259k s\u0259viyy\u0259d\u0259 t\u0259min edilib. M\u015e s\u0259dri \u00e7\u0131x\u0131\u015f\u0131nda h\u0259m\u00e7inin media n\u00fcmay\u0259nd\u0259l\u0259rini v\u0259 QHT t\u0259msil\u00e7il\u0259rini Heyd\u0259r \u018fliyev Fondu t\u0259\u015f\u0259bb\u00fcs\u00fc il\u0259 h\u0259yata ke\u00e7iril\u0259n qanverm\u0259 aksiyas\u0131na qo\u015fulma\u011fa \u00e7a\u011f\u0131r\u0131b.<\/p>\n<p>Toplant\u0131da \u00e7\u0131x\u0131\u015f ed\u0259n M\u015e s\u0259drinin m\u00fcavini, Beyn\u0259lxalq Avrasiya M\u0259tbuat Fondunun r\u0259hb\u0259ri Umud R\u0259himo\u011flu onlayn konfrans i\u015ftirak\u00e7\u0131lar\u0131n\u0131n Prezident \u0130lham \u018fliyev\u0259 m\u00fcraci\u0259tini s\u0259sl\u0259ndirib (M\u00fcraci\u0259tin linki \u0259lav\u0259 olunur: http:\/\/presscouncil.az\/az\/news\/154).<\/p>\n<div><\/div>\n<p>Toplant\u0131da \u00e7\u0131x\u0131\u015f ed\u0259nl\u0259rd\u0259n &#8220;Yeni Az\u0259rbaycan&#8221; q\u0259zetinin ba\u015f redaktoru, Milli M\u0259clisin deputat\u0131 Hikm\u0259t Babao\u011flu, &#8220;Trend&#8221; \u0130nformasiya Agentliyinin ba\u015f direktor m\u00fcavini, Milli M\u0259clisin deputat\u0131 Arzu Na\u011f\u0131yev, &#8220;S\u0259s&#8221; q\u0259zetinin ba\u015f redaktoru B\u0259hruz Quliyev, AZTV-nin ictimai-siyasi proqramlar v\u0259 xarici x\u0259b\u0259rl\u0259r studiyas\u0131n\u0131n direktoru S\u0259rv\u0259r Bayramov, &#8220;Virtual Qaraba\u011f&#8221; informasiya &#8211; kommunikasiya texnologiyalar\u0131 g\u0259ncl\u0259r ictimai birliyinin s\u0259dri N\u00fcr\u0259ddin Mehdiyev, M\u015e \u0130dar\u0259 Hey\u0259tinin \u00fczv\u00fc, Milli QHT Forumunun r\u0259hb\u0259ri Rauf Zeyni, &#8220;525-ci q\u0259zet&#8221;in ba\u015f redaktoru R\u0259\u015fad M\u0259cid, &#8220;Az\u0259rbaycan Jurnalistl\u0259r \u015e\u0259b\u0259k\u0259si&#8221; \u0130B-nin s\u0259dri Ayaz Mirz\u0259yev, &#8220;Jurnalist Ekspert M\u0259rk\u0259zi&#8221; \u0130B-nin s\u0259dri Ceyhun Musao\u011flu, &#8220;B\u0259l\u0259diyy\u0259l\u0259rin \u0130nki\u015faf\u0131na Yard\u0131m&#8221; \u0130B-nin s\u0259dri Niyam\u0259ddin Orduxanl\u0131, &#8220;M\u00fcharib\u0259 Veteran\u0131 Qad\u0131nlar\u0131na Sosial Yard\u0131m&#8221; \u0130ctimai Birliyinin s\u0259dri Rad\u0259 Abbas, \u018fsg\u0259r Ail\u0259l\u0259rin\u0259 D\u0259st\u0259k ictimai birliyinin s\u0259dri M\u0259tan\u0259t \u018fsg\u0259rq\u0131z\u0131, &#8220;Aktor.az&#8221; sayt\u0131n\u0131n ba\u015f redaktoru Telman \u0130sa v\u0259 ba\u015fqalar\u0131 \u00e7\u0131x\u0131\u015flar\u0131nda media-QHT \u0259m\u0259kda\u015fl\u0131\u011f\u0131n\u0131n m\u00fcxt\u0259lif aspektl\u0259ri il\u0259 ba\u011fl\u0131 fikirl\u0259rini bildirib, perspektiv \u0259m\u0259kda\u015fl\u0131q m\u0259s\u0259l\u0259l\u0259rin\u0259 dair t\u0259klifl\u0259rini s\u0259sl\u0259ndiribl\u0259r.<\/p>\n","protected":false},"excerpt":{"rendered":"<p>Bu g\u00fcn Az\u0259rbaycan Respublikas\u0131n\u0131n Prezidenti yan\u0131nda Qeyri-H\u00f6kum\u0259t T\u0259\u015fkilatlar\u0131na D\u00f6vl\u0259t D\u0259st\u0259yi \u015euras\u0131 v\u0259 Az\u0259rbaycan M\u0259tbuat \u015euras\u0131 koronaviris (COVID-19) pandemiyas\u0131 il\u0259 m\u00fcbariz\u0259d\u0259 QHT-media \u0259m\u0259kda\u015fl\u0131\u011f\u0131n\u0131n g\u00fccl\u0259ndirilm\u0259sin\u0259 h\u0259sr olunnu\u015f onlayn konfrans ke\u00e7irib. T\u0259dbird\u0259 \u00fcmum\u0259n 300-\u0259 yax\u0131n QHT t\u0259msil\u00e7isi v\u0259 media n\u00fcmay\u0259nd\u0259si i\u015ftirak edib. Toplant\u0131n\u0131 giri\u015f s\u00f6z\u00fc il\u0259 Az\u0259rbaycan Respublikas\u0131n\u0131n Prezidenti yan\u0131nda Qeyri-H\u00f6kum\u0259t T\u0259\u015fkilatlar\u0131na D\u00f6vl\u0259t D\u0259st\u0259yi \u015euras\u0131n\u0131n s\u0259dri, Milli M\u0259clisin deputat\u0131 Azay Quliyev a\u00e7araq koronavirus t\u0259hl\u00fck\u0259si \u015f\u0259raitind\u0259 Az\u0259rbaycan c\u0259miyy\u0259tinin b\u00fct\u00f6vl\u00fck v\u0259 h\u0259mr\u0259ylik g\u00f6st\u0259rdiyini vurlay\u0131b. O, Az\u0259rbaycan Respublikas\u0131n\u0131n Prezidenti c\u0259nab \u0130lham \u018fliyevin, Birinci vitse-prezident Mehriban \u018fliyevan\u0131n bu birliyin yaranmas\u0131nda \u00e7ox b\u00f6y\u00fck \u0259m\u0259yinin oldu\u011funu bildirib. \u00dcmum\u0259n Az\u0259rbaycan&hellip;<\/p>\n","protected":false},"author":2,"featured_media":151975,"comment_status":"closed","ping_status":"closed","sticky":false,"template":"","format":"standard","meta":{"om_disable_all_campaigns":false,"_monsterinsights_skip_tracking":false,"_monsterinsights_sitenote_active":false,"_monsterinsights_sitenote_note":"","_monsterinsights_sitenote_category":0},"categories":[24],"tags":[],"aioseo_notices":[],"gutentor_comment":0,"rttpg_featured_image_url":{"full":["https:\/\/arantv.az\/wp-content\/uploads\/2020\/04\/378459056-76-.jpg",800,600,false],"landscape":["https:\/\/arantv.az\/wp-content\/uploads\/2020\/04\/378459056-76-.jpg",800,600,false],"portraits":["https:\/\/arantv.az\/wp-content\/uploads\/2020\/04\/378459056-76-.jpg",800,600,false],"thumbnail":["https:\/\/arantv.az\/wp-content\/uploads\/2020\/04\/378459056-76--150x150.jpg",150,150,true],"medium":["https:\/\/arantv.az\/wp-content\/uploads\/2020\/04\/378459056-76--300x225.jpg",300,225,true],"large":["https:\/\/arantv.az\/wp-content\/uploads\/2020\/04\/378459056-76-.jpg",640,480,false],"1536x1536":["https:\/\/arantv.az\/wp-content\/uploads\/2020\/04\/378459056-76-.jpg",800,600,false],"2048x2048":["https:\/\/arantv.az\/wp-content\/uploads\/2020\/04\/378459056-76-.jpg",800,600,false],"post-thumbnail":["https:\/\/arantv.az\/wp-content\/uploads\/2020\/04\/378459056-76--240x172.jpg",240,172,true],"advps-thumb-one":["https:\/\/arantv.az\/wp-content\/uploads\/2020\/04\/378459056-76-.jpg",800,600,false]},"rttpg_author":{"display_name":"V\u00fcsal Rafiqo\u011flu","author_link":"https:\/\/arantv.az\/?author=2"},"rttpg_comment":0,"rttpg_category":"<a href=\"https:\/\/arantv.az\/?cat=24\" rel=\"category\">Maraql\u0131<\/a>","rttpg_excerpt":"Bu g\u00fcn Az\u0259rbaycan Respublikas\u0131n\u0131n Prezidenti yan\u0131nda Qeyri-H\u00f6kum\u0259t T\u0259\u015fkilatlar\u0131na D\u00f6vl\u0259t D\u0259st\u0259yi \u015euras\u0131 v\u0259 Az\u0259rbaycan M\u0259tbuat \u015euras\u0131 koronaviris (COVID-19) pandemiyas\u0131 il\u0259 m\u00fcbariz\u0259d\u0259 QHT-media \u0259m\u0259kda\u015fl\u0131\u011f\u0131n\u0131n g\u00fccl\u0259ndirilm\u0259sin\u0259 h\u0259sr olunnu\u015f onlayn konfrans ke\u00e7irib. T\u0259dbird\u0259 \u00fcmum\u0259n 300-\u0259 yax\u0131n QHT t\u0259msil\u00e7isi v\u0259 media n\u00fcmay\u0259nd\u0259si i\u015ftirak edib. Toplant\u0131n\u0131 giri\u015f s\u00f6z\u00fc il\u0259 Az\u0259rbaycan Respublikas\u0131n\u0131n Prezidenti yan\u0131nda Qeyri-H\u00f6kum\u0259t T\u0259\u015fkilatlar\u0131na D\u00f6vl\u0259t D\u0259st\u0259yi \u015euras\u0131n\u0131n s\u0259dri, Milli M\u0259clisin&hellip;","_links":{"self":[{"href":"https:\/\/arantv.az\/index.php?rest_route=\/wp\/v2\/posts\/151974"}],"collection":[{"href":"https:\/\/arantv.az\/index.php?rest_route=\/wp\/v2\/posts"}],"about":[{"href":"https:\/\/arantv.az\/index.php?rest_route=\/wp\/v2\/types\/post"}],"author":[{"embeddable":true,"href":"https:\/\/arantv.az\/index.php?rest_route=\/wp\/v2\/users\/2"}],"replies":[{"embeddable":true,"href":"https:\/\/arantv.az\/index.php?rest_route=%2Fwp%2Fv2%2Fcomments&post=151974"}],"version-history":[{"count":0,"href":"https:\/\/arantv.az\/index.php?rest_route=\/wp\/v2\/posts\/151974\/revisions"}],"wp:featuredmedia":[{"embeddable":true,"href":"https:\/\/arantv.az\/index.php?rest_route=\/wp\/v2\/media\/151975"}],"wp:attachment":[{"href":"https:\/\/arantv.az\/index.php?rest_route=%2Fwp%2Fv2%2Fmedia&parent=151974"}],"wp:term":[{"taxonomy":"category","embeddable":true,"href":"https:\/\/arantv.az\/index.php?rest_route=%2Fwp%2Fv2%2Fcategories&post=151974"},{"taxonomy":"post_tag","embeddable":true,"href":"https:\/\/arantv.az\/index.php?rest_route=%2Fwp%2Fv2%2Ftags&post=151974"}],"curies":[{"name":"wp","href":"https:\/\/api.w.org\/{rel}","templated":true}]}}