{"id":151978,"date":"2020-04-18T22:23:45","date_gmt":"2020-04-18T19:23:45","guid":{"rendered":"http:\/\/arantv.az\/?p=151978"},"modified":"2020-04-18T22:23:45","modified_gmt":"2020-04-18T19:23:45","slug":"dagliq-qarabagdaki-qanunsuz-seckil%c9%99r-moldova-t%c9%99r%c9%99find%c9%99n-d%c9%99-taninmayib","status":"publish","type":"post","link":"https:\/\/arantv.az\/?p=151978","title":{"rendered":"Da\u011fl\u0131q Qaraba\u011fdak\u0131 qanunsuz &#8220;se\u00e7kil\u0259r&#8221; Moldova t\u0259r\u0259find\u0259n d\u0259 tan\u0131nmay\u0131b"},"content":{"rendered":"<p>Moldova Da\u011fl\u0131q Qaraba\u011f regionunda ke\u00e7iril\u0259n qeyri-qanuni &#8220;se\u00e7kil\u0259r&#8221;i tan\u0131m\u0131r.<\/p>\n<p>APA-n\u0131n x\u0259b\u0259rin\u0259 g\u00f6r\u0259, bu bar\u0259d\u0259 Moldova Xarici \u0130\u015fl\u0259r Nazirliyinin yayd\u0131\u011f\u0131 b\u0259yanatda qeyd olunub.<\/p>\n<p>&#8220;Moldova Respublikas\u0131 Az\u0259rbaycan\u0131n Da\u011fl\u0131q Qaraba\u011f b\u00f6lg\u0259sind\u0259 ke\u00e7iril\u0259n qondarma &#8220;prezident se\u00e7kil\u0259ri&#8221; nin, o c\u00fcml\u0259d\u0259n bu yax\u0131nlarda qeyri-qanuni ke\u00e7irilmi\u015f ikinci turun tan\u0131nmamas\u0131 il\u0259 ba\u011fl\u0131 m\u00f6vqeyini bir daha t\u0259krarlay\u0131r.<\/p>\n<p>Moldova Respublikas\u0131 Az\u0259rbaycan\u0131n \u0259razi b\u00fct\u00f6vl\u00fcy\u00fcn\u00fc v\u0259 suverenliyini d\u0259st\u0259kl\u0259yir v\u0259 Da\u011fl\u0131q Qaraba\u011f m\u00fcnaqi\u015f\u0259nin beyn\u0259lxalq h\u00fcququn qayda v\u0259 prinsipl\u0259rin\u0259 \u0259sas\u0259n s\u00fclh yolu il\u0259 h\u0259lli istiqam\u0259tind\u0259 s\u0259yl\u0259rini d\u0259st\u0259kl\u0259m\u0259y\u0259 davam etm\u0259y\u0259 haz\u0131r oldu\u011funu bir daha t\u0259sdiq edir&#8221;, &#8211; dey\u0259 b\u0259yanatda qeyd olunur.<\/p>\n","protected":false},"excerpt":{"rendered":"<p>Moldova Da\u011fl\u0131q Qaraba\u011f regionunda ke\u00e7iril\u0259n qeyri-qanuni &#8220;se\u00e7kil\u0259r&#8221;i tan\u0131m\u0131r. APA-n\u0131n x\u0259b\u0259rin\u0259 g\u00f6r\u0259, bu bar\u0259d\u0259 Moldova Xarici \u0130\u015fl\u0259r Nazirliyinin yayd\u0131\u011f\u0131 b\u0259yanatda qeyd olunub. &#8220;Moldova Respublikas\u0131 Az\u0259rbaycan\u0131n Da\u011fl\u0131q Qaraba\u011f b\u00f6lg\u0259sind\u0259 ke\u00e7iril\u0259n qondarma &#8220;prezident se\u00e7kil\u0259ri&#8221; nin, o c\u00fcml\u0259d\u0259n bu yax\u0131nlarda qeyri-qanuni ke\u00e7irilmi\u015f ikinci turun tan\u0131nmamas\u0131 il\u0259 ba\u011fl\u0131 m\u00f6vqeyini bir daha t\u0259krarlay\u0131r. Moldova Respublikas\u0131 Az\u0259rbaycan\u0131n \u0259razi b\u00fct\u00f6vl\u00fcy\u00fcn\u00fc v\u0259 suverenliyini d\u0259st\u0259kl\u0259yir v\u0259 Da\u011fl\u0131q Qaraba\u011f m\u00fcnaqi\u015f\u0259nin beyn\u0259lxalq h\u00fcququn qayda v\u0259 prinsipl\u0259rin\u0259 \u0259sas\u0259n s\u00fclh yolu il\u0259 h\u0259lli istiqam\u0259tind\u0259 s\u0259yl\u0259rini d\u0259st\u0259kl\u0259m\u0259y\u0259 davam etm\u0259y\u0259 haz\u0131r oldu\u011funu bir daha t\u0259sdiq edir&#8221;, &#8211; dey\u0259 b\u0259yanatda qeyd olunur.<\/p>\n","protected":false},"author":2,"featured_media":151979,"comment_status":"closed","ping_status":"closed","sticky":false,"template":"","format":"standard","meta":{"om_disable_all_campaigns":false,"_monsterinsights_skip_tracking":false,"_monsterinsights_sitenote_active":false,"_monsterinsights_sitenote_note":"","_monsterinsights_sitenote_category":0},"categories":[7],"tags":[],"aioseo_notices":[],"gutentor_comment":0,"rttpg_featured_image_url":{"full":["https:\/\/arantv.az\/wp-content\/uploads\/2020\/04\/4bbf75880581d86401a05a11caa071bd.jpg",450,300,false],"landscape":["https:\/\/arantv.az\/wp-content\/uploads\/2020\/04\/4bbf75880581d86401a05a11caa071bd.jpg",450,300,false],"portraits":["https:\/\/arantv.az\/wp-content\/uploads\/2020\/04\/4bbf75880581d86401a05a11caa071bd.jpg",450,300,false],"thumbnail":["https:\/\/arantv.az\/wp-content\/uploads\/2020\/04\/4bbf75880581d86401a05a11caa071bd-150x150.jpg",150,150,true],"medium":["https:\/\/arantv.az\/wp-content\/uploads\/2020\/04\/4bbf75880581d86401a05a11caa071bd-300x200.jpg",300,200,true],"large":["https:\/\/arantv.az\/wp-content\/uploads\/2020\/04\/4bbf75880581d86401a05a11caa071bd.jpg",450,300,false],"1536x1536":["https:\/\/arantv.az\/wp-content\/uploads\/2020\/04\/4bbf75880581d86401a05a11caa071bd.jpg",450,300,false],"2048x2048":["https:\/\/arantv.az\/wp-content\/uploads\/2020\/04\/4bbf75880581d86401a05a11caa071bd.jpg",450,300,false],"post-thumbnail":["https:\/\/arantv.az\/wp-content\/uploads\/2020\/04\/4bbf75880581d86401a05a11caa071bd-240x172.jpg",240,172,true],"advps-thumb-one":["https:\/\/arantv.az\/wp-content\/uploads\/2020\/04\/4bbf75880581d86401a05a11caa071bd.jpg",450,300,false]},"rttpg_author":{"display_name":"V\u00fcsal Rafiqo\u011flu","author_link":"https:\/\/arantv.az\/?author=2"},"rttpg_comment":0,"rttpg_category":"<a href=\"https:\/\/arantv.az\/?cat=7\" rel=\"category\">D\u00fcnya<\/a>","rttpg_excerpt":"Moldova Da\u011fl\u0131q Qaraba\u011f regionunda ke\u00e7iril\u0259n qeyri-qanuni &#8220;se\u00e7kil\u0259r&#8221;i tan\u0131m\u0131r. APA-n\u0131n x\u0259b\u0259rin\u0259 g\u00f6r\u0259, bu bar\u0259d\u0259 Moldova Xarici \u0130\u015fl\u0259r Nazirliyinin yayd\u0131\u011f\u0131 b\u0259yanatda qeyd olunub. &#8220;Moldova Respublikas\u0131 Az\u0259rbaycan\u0131n Da\u011fl\u0131q Qaraba\u011f b\u00f6lg\u0259sind\u0259 ke\u00e7iril\u0259n qondarma &#8220;prezident se\u00e7kil\u0259ri&#8221; nin, o c\u00fcml\u0259d\u0259n bu yax\u0131nlarda qeyri-qanuni ke\u00e7irilmi\u015f ikinci turun tan\u0131nmamas\u0131 il\u0259 ba\u011fl\u0131 m\u00f6vqeyini bir daha t\u0259krarlay\u0131r. Moldova Respublikas\u0131 Az\u0259rbaycan\u0131n \u0259razi b\u00fct\u00f6vl\u00fcy\u00fcn\u00fc v\u0259 suverenliyini d\u0259st\u0259kl\u0259yir&hellip;","_links":{"self":[{"href":"https:\/\/arantv.az\/index.php?rest_route=\/wp\/v2\/posts\/151978"}],"collection":[{"href":"https:\/\/arantv.az\/index.php?rest_route=\/wp\/v2\/posts"}],"about":[{"href":"https:\/\/arantv.az\/index.php?rest_route=\/wp\/v2\/types\/post"}],"author":[{"embeddable":true,"href":"https:\/\/arantv.az\/index.php?rest_route=\/wp\/v2\/users\/2"}],"replies":[{"embeddable":true,"href":"https:\/\/arantv.az\/index.php?rest_route=%2Fwp%2Fv2%2Fcomments&post=151978"}],"version-history":[{"count":0,"href":"https:\/\/arantv.az\/index.php?rest_route=\/wp\/v2\/posts\/151978\/revisions"}],"wp:featuredmedia":[{"embeddable":true,"href":"https:\/\/arantv.az\/index.php?rest_route=\/wp\/v2\/media\/151979"}],"wp:attachment":[{"href":"https:\/\/arantv.az\/index.php?rest_route=%2Fwp%2Fv2%2Fmedia&parent=151978"}],"wp:term":[{"taxonomy":"category","embeddable":true,"href":"https:\/\/arantv.az\/index.php?rest_route=%2Fwp%2Fv2%2Fcategories&post=151978"},{"taxonomy":"post_tag","embeddable":true,"href":"https:\/\/arantv.az\/index.php?rest_route=%2Fwp%2Fv2%2Ftags&post=151978"}],"curies":[{"name":"wp","href":"https:\/\/api.w.org\/{rel}","templated":true}]}}