{"id":152017,"date":"2020-04-19T18:29:13","date_gmt":"2020-04-19T15:29:13","guid":{"rendered":"http:\/\/arantv.az\/?p=152017"},"modified":"2020-04-19T18:39:11","modified_gmt":"2020-04-19T15:39:11","slug":"995-virtual-karabakhyuxari-iran-abs-in-yardimini-r%c9%99dd-etdi","status":"publish","type":"post","link":"https:\/\/arantv.az\/?p=152017","title":{"rendered":"\u0130ran AB\u015e-\u0131n yard\u0131m\u0131n\u0131 r\u0259dd etdi"},"content":{"rendered":"<article class=\"news\">\n<div class=\"news-inner\">\n<p>\u0130ran t\u0259r\u0259fi AB\u015e-\u0131n t\u0259klif etdiyi s\u00fcni n\u0259f\u0259s aparatlar\u0131ndan imtina edib.<\/p>\n<p>Bu bar\u0259d\u0259 \u0130ran\u0131n Xarici \u0130\u015fl\u0259r naziri M\u0259h\u0259mm\u0259d Cavad Z\u0259rif \u00f6z sosial media hesab\u0131nda m\u0259lumat yay\u0131b.<\/p>\n<div id=\"AdviadNativeVideo0\" class=\"AdviadNativeVideo\"><\/div>\n<p>O bildirib ki, tezlikl\u0259 \u0130ran \u00f6z\u00fc bel\u0259\u00a0aparatlar\u0131 ixrac etm\u0259y\u0259 ba\u015flayacaq:<\/p>\n<p>\u201cPrezident Tramp,\u00a0sizin etm\u0259li oldu\u011funuz t\u0259k \u015fey ba\u015fqa mill\u0259tl\u0259rin i\u015fl\u0259rin\u0259, x\u00fcsus\u0259n d\u0259 m\u0259nim mill\u0259timin i\u015fl\u0259rin\u0259 qar\u0131\u015fmamaqd\u0131r. \u0130nan\u0131n ki, he\u00e7 bir AB\u015e siyas\u0259t\u00e7isinin t\u00f6vsiy\u0259l\u0259rini q\u0259bul etmirik\u201d.<\/p>\n<div>\n<div class=\"SandboxRoot env-bp-350\" data-twitter-event-id=\"0\">\n<div id=\"twitter-widget-0\" class=\"EmbeddedTweet EmbeddedTweet--cta js-clickToOpenTarget\" lang=\"en\" data-click-to-open-target=\"https:\/\/twitter.com\/JZarif\/status\/1251839035057864705\" data-iframe-title=\"Twitter Tweet\" data-scribe=\"page:tweet\" data-twitter-event-id=\"1\">\n<div class=\"EmbeddedTweet-tweetContainer\">\n<div class=\"EmbeddedTweet-tweet\">\n<blockquote class=\"Tweet h-entry js-tweetIdInfo subject expanded\" cite=\"https:\/\/twitter.com\/JZarif\/status\/1251839035057864705\" data-tweet-id=\"1251839035057864705\" data-scribe=\"section:subject\">\n<div class=\"Tweet-header\"><a class=\"TweetAuthor-avatar  Identity-avatar u-linkBlend\" href=\"https:\/\/twitter.com\/JZarif\" data-scribe=\"element:user_link\" aria-label=\"Javad Zarif (screen name: JZarif)\"><img class=\"Avatar\" src=\"https:\/\/pbs.twimg.com\/profile_images\/919044790129479680\/ynB-VNL-_normal.jpg\" alt=\"\" data-scribe=\"element:avatar\" data-src-2x=\"https:\/\/pbs.twimg.com\/profile_images\/919044790129479680\/ynB-VNL-_bigger.jpg\" data-src-1x=\"https:\/\/pbs.twimg.com\/profile_images\/919044790129479680\/ynB-VNL-_normal.jpg\" \/><\/a><\/p>\n<div class=\"TweetAuthor js-inViewportScribingTarget\" data-scribe=\"component:author\">\n<div class=\"TweetAuthor-nameScreenNameContainer\"><span class=\"TweetAuthor-decoratedName\"><span class=\"TweetAuthor-name Identity-name customisable-highlight\" title=\"Javad Zarif\" data-scribe=\"element:name\">Javad Zarif<\/span><\/span><\/p>\n<div class=\"Icon Icon--verified \" title=\"Verified Account\" role=\"img\" aria-label=\"Verified Account\"><\/div>\n<p><span class=\"TweetAuthor-decoratedName\"><span class=\"TweetAuthor-verifiedBadge\" data-scribe=\"element:verified_badge\"><b class=\"u-hiddenVisually\">\u2714<\/b><\/span><\/span><span class=\"TweetAuthor-screenName Identity-screenName\" dir=\"ltr\" title=\"@JZarif\" data-scribe=\"element:screen_name\">@JZarif<\/span><\/div>\n<\/div>\n<div class=\"Tweet-brand\">\n<div class=\"Icon Icon--twitter \" title=\"View on Twitter\" role=\"presentation\" aria-label=\"View on Twitter\"><\/div>\n<\/div>\n<\/div>\n<div class=\"Tweet-body e-entry-content\" data-scribe=\"component:tweet\">\n<div class=\"Tweet-target js-inViewportScribingTarget\"><\/div>\n<p class=\"Tweet-text e-entry-title\" dir=\"ltr\" lang=\"en\">Iran will be EXPORTING ventilators in a few months, <a class=\"PrettyLink profile customisable h-card\" dir=\"ltr\" href=\"https:\/\/twitter.com\/realDonaldTrump\" data-mentioned-user-id=\"25073877\" data-scribe=\"element:mention\"><span class=\"PrettyLink-prefix\">@<\/span><span class=\"PrettyLink-value\">realdonaldtrump<\/span><\/a>.<\/p>\n<p>All you need to do is stop interfering in the affairs of other nations; mine especially.<\/p>\n<p>And believe me, we do not take advice from ANY American politician.<\/p>\n<div class=\"TweetInfo\">\n<div class=\"TweetInfo-like\">\n<div data-scribe=\"element:heart\">\n<div class=\"Icon Icon--heart \" title=\"Like\" role=\"img\" aria-label=\"Like\"><\/div>\n<\/div>\n<p><a class=\"TweetInfo-heart\" title=\"Like\" href=\"https:\/\/twitter.com\/intent\/like?tweet_id=1251839035057864705\" data-scribe=\"component:actions\"><span class=\"TweetInfo-heartStat\" data-scribe=\"element:heart_count\">3,989<\/span><\/a><\/div>\n<div class=\"TweetInfo-timeGeo\"><a class=\"u-linkBlend u-url customisable-highlight long-permalink\" href=\"https:\/\/twitter.com\/JZarif\/status\/1251839035057864705\" data-datetime=\"2020-04-19T11:44:18+0000\" data-scribe=\"element:full_timestamp\"><time class=\"dt-updated\" title=\"Time posted: April 19, 2020 11:44:18 (UTC)\" datetime=\"2020-04-19T11:44:18+0000\">3:44 PM &#8211; Apr 19, 2020<\/time><\/a><\/div>\n<div class=\"tweet-InformationCircle\" data-scribe=\"element:notice\"><a class=\"Icon Icon--informationCircleWhite js-inViewportScribingTarget\" title=\"Twitter Ads info and privacy\" href=\"https:\/\/support.twitter.com\/articles\/20175256\"><span class=\"u-hiddenVisually\">Twitter Ads info and privacy<\/span><\/a><\/div>\n<\/div>\n<\/div>\n<\/blockquote>\n<\/div>\n<div class=\"CallToAction-icon\" data-scribe=\"element:conversation_icon\">\n<div class=\"Icon Icon--replyCTA \" title=\"View conversation on Twitter\" role=\"img\" aria-label=\"View conversation on Twitter\"><\/div>\n<\/div>\n<div class=\"CallToAction-text\" data-scribe=\"element:conversation_text\">1,669 people are talking about this<\/div>\n<div class=\"CallToAction-chevron\" data-scribe=\"element:cta_chevron\">\n<div class=\"Icon Icon--chevronRightCTA \" title=\"View on Twitter\" role=\"img\" aria-label=\"View on Twitter\"><\/div>\n<\/div>\n<\/div>\n<\/div>\n<div class=\"resize-sensor\">\n<div class=\"resize-sensor-expand\">\n<div><\/div>\n<\/div>\n<div class=\"resize-sensor-shrink\">\n<div><\/div>\n<\/div>\n<\/div>\n<\/div>\n<\/div>\n<\/div>\n<\/article>\n","protected":false},"excerpt":{"rendered":"<p>\u0130ran t\u0259r\u0259fi AB\u015e-\u0131n t\u0259klif etdiyi s\u00fcni n\u0259f\u0259s aparatlar\u0131ndan imtina edib. Bu bar\u0259d\u0259 \u0130ran\u0131n Xarici \u0130\u015fl\u0259r naziri M\u0259h\u0259mm\u0259d Cavad Z\u0259rif \u00f6z sosial media hesab\u0131nda m\u0259lumat yay\u0131b. O bildirib ki, tezlikl\u0259 \u0130ran \u00f6z\u00fc bel\u0259\u00a0aparatlar\u0131 ixrac etm\u0259y\u0259 ba\u015flayacaq: \u201cPrezident Tramp,\u00a0sizin etm\u0259li oldu\u011funuz t\u0259k \u015fey ba\u015fqa mill\u0259tl\u0259rin i\u015fl\u0259rin\u0259, x\u00fcsus\u0259n d\u0259 m\u0259nim mill\u0259timin i\u015fl\u0259rin\u0259 qar\u0131\u015fmamaqd\u0131r. \u0130nan\u0131n ki, he\u00e7 bir AB\u015e siyas\u0259t\u00e7isinin t\u00f6vsiy\u0259l\u0259rini q\u0259bul etmirik\u201d. Javad Zarif \u2714@JZarif Iran will be EXPORTING ventilators in a few months, @realdonaldtrump. All you need to do is stop interfering in the affairs of other nations; mine especially. And believe&hellip;<\/p>\n","protected":false},"author":2,"featured_media":152018,"comment_status":"closed","ping_status":"closed","sticky":false,"template":"","format":"standard","meta":{"om_disable_all_campaigns":false,"_monsterinsights_skip_tracking":false,"_monsterinsights_sitenote_active":false,"_monsterinsights_sitenote_note":"","_monsterinsights_sitenote_category":0},"categories":[7],"tags":[],"aioseo_notices":[],"gutentor_comment":0,"rttpg_featured_image_url":{"full":["https:\/\/arantv.az\/wp-content\/uploads\/2020\/04\/z\u00c9_rif.jpg",620,413,false],"landscape":["https:\/\/arantv.az\/wp-content\/uploads\/2020\/04\/z\u00c9_rif.jpg",620,413,false],"portraits":["https:\/\/arantv.az\/wp-content\/uploads\/2020\/04\/z\u00c9_rif.jpg",620,413,false],"thumbnail":["https:\/\/arantv.az\/wp-content\/uploads\/2020\/04\/z\u00c9_rif-150x150.jpg",150,150,true],"medium":["https:\/\/arantv.az\/wp-content\/uploads\/2020\/04\/z\u00c9_rif-300x200.jpg",300,200,true],"large":["https:\/\/arantv.az\/wp-content\/uploads\/2020\/04\/z\u00c9_rif.jpg",620,413,false],"1536x1536":["https:\/\/arantv.az\/wp-content\/uploads\/2020\/04\/z\u00c9_rif.jpg",620,413,false],"2048x2048":["https:\/\/arantv.az\/wp-content\/uploads\/2020\/04\/z\u00c9_rif.jpg",620,413,false],"post-thumbnail":["https:\/\/arantv.az\/wp-content\/uploads\/2020\/04\/z\u00c9_rif-240x172.jpg",240,172,true],"advps-thumb-one":["https:\/\/arantv.az\/wp-content\/uploads\/2020\/04\/z\u00c9_rif.jpg",620,413,false]},"rttpg_author":{"display_name":"V\u00fcsal Rafiqo\u011flu","author_link":"https:\/\/arantv.az\/?author=2"},"rttpg_comment":0,"rttpg_category":"<a href=\"https:\/\/arantv.az\/?cat=7\" rel=\"category\">D\u00fcnya<\/a>","rttpg_excerpt":"\u0130ran t\u0259r\u0259fi AB\u015e-\u0131n t\u0259klif etdiyi s\u00fcni n\u0259f\u0259s aparatlar\u0131ndan imtina edib. Bu bar\u0259d\u0259 \u0130ran\u0131n Xarici \u0130\u015fl\u0259r naziri M\u0259h\u0259mm\u0259d Cavad Z\u0259rif \u00f6z sosial media hesab\u0131nda m\u0259lumat yay\u0131b. O bildirib ki, tezlikl\u0259 \u0130ran \u00f6z\u00fc bel\u0259\u00a0aparatlar\u0131 ixrac etm\u0259y\u0259 ba\u015flayacaq: \u201cPrezident Tramp,\u00a0sizin etm\u0259li oldu\u011funuz t\u0259k \u015fey ba\u015fqa mill\u0259tl\u0259rin i\u015fl\u0259rin\u0259, x\u00fcsus\u0259n d\u0259 m\u0259nim mill\u0259timin i\u015fl\u0259rin\u0259 qar\u0131\u015fmamaqd\u0131r. \u0130nan\u0131n ki, he\u00e7 bir AB\u015e&hellip;","_links":{"self":[{"href":"https:\/\/arantv.az\/index.php?rest_route=\/wp\/v2\/posts\/152017"}],"collection":[{"href":"https:\/\/arantv.az\/index.php?rest_route=\/wp\/v2\/posts"}],"about":[{"href":"https:\/\/arantv.az\/index.php?rest_route=\/wp\/v2\/types\/post"}],"author":[{"embeddable":true,"href":"https:\/\/arantv.az\/index.php?rest_route=\/wp\/v2\/users\/2"}],"replies":[{"embeddable":true,"href":"https:\/\/arantv.az\/index.php?rest_route=%2Fwp%2Fv2%2Fcomments&post=152017"}],"version-history":[{"count":0,"href":"https:\/\/arantv.az\/index.php?rest_route=\/wp\/v2\/posts\/152017\/revisions"}],"wp:featuredmedia":[{"embeddable":true,"href":"https:\/\/arantv.az\/index.php?rest_route=\/wp\/v2\/media\/152018"}],"wp:attachment":[{"href":"https:\/\/arantv.az\/index.php?rest_route=%2Fwp%2Fv2%2Fmedia&parent=152017"}],"wp:term":[{"taxonomy":"category","embeddable":true,"href":"https:\/\/arantv.az\/index.php?rest_route=%2Fwp%2Fv2%2Fcategories&post=152017"},{"taxonomy":"post_tag","embeddable":true,"href":"https:\/\/arantv.az\/index.php?rest_route=%2Fwp%2Fv2%2Ftags&post=152017"}],"curies":[{"name":"wp","href":"https:\/\/api.w.org\/{rel}","templated":true}]}}