{"id":152045,"date":"2020-04-19T18:41:38","date_gmt":"2020-04-19T15:41:38","guid":{"rendered":"http:\/\/arantv.az\/?p=152045"},"modified":"2020-04-19T18:41:38","modified_gmt":"2020-04-19T15:41:38","slug":"biz-koronavirusla-mubariz%c9%99d%c9%99-hec-n%c9%99d%c9%99-s%c9%99hv-etm%c9%99misik-lukasenko","status":"publish","type":"post","link":"https:\/\/arantv.az\/?p=152045","title":{"rendered":"\u201cBiz koronavirusla m\u00fcbariz\u0259d\u0259 he\u00e7 n\u0259d\u0259 s\u0259hv etm\u0259mi\u015fik\u201d &#8211; Luka\u015fenko"},"content":{"rendered":"<p><strong>Belarus Prezidenti Aleksandr Luka\u015fenko \u0259mindir ki, respublika hakimiyy\u0259ti koronavirusun yay\u0131lmas\u0131 il\u0259 m\u00fcbariz\u0259d\u0259 h\u0259l\u0259 he\u00e7 n\u0259d\u0259 s\u0259hv etm\u0259yib.<\/strong><\/p>\n<p>&#8220;Qafqazinfo&#8221;nun m\u0259lumat\u0131na g\u00f6r\u0259, bu bar\u0259d\u0259 &#8220;BELTA&#8221; x\u0259b\u0259r verib.<\/p>\n<p>&#8220;H\u0259tta siz, bu proses\u0259 o q\u0259d\u0259r d\u0259 c\u0259lb olunmayan insanlar, g\u00f6r\u00fcrs\u00fcn\u00fcz ki, belaruslular d\u00fczg\u00fcn h\u0259r\u0259k\u0259t edibl\u0259r&#8221;, &#8211; d\u00f6vl\u0259t ba\u015f\u00e7\u0131s\u0131 deyib.<\/p>\n<p>Luka\u015fenko, h\u0259m\u00e7inin respublika v\u0259t\u0259nda\u015flar\u0131n\u0131n bu d\u00f6vr\u00fc layiqinc\u0259 ke\u00e7\u0259c\u0259kl\u0259rin\u0259 \u0259minliyini ifad\u0259 edib.<\/p>\n<div>\n<div id=\"AdviadNativeVideo0\" class=\"AdviadNativeVideo\"><\/div>\n<\/div>\n<p>Aprelin 17-n\u0259 olan m\u0259lumata g\u00f6r\u0259, Belarusda 4,8 min\u0259 yax\u0131n yoluxma, 45 \u00f6l\u00fcm hal\u0131 qeyd\u0259 al\u0131n\u0131b. 3,2 min pasiyent stasionlar m\u00fcalic\u0259d\u0259dir.<\/p>\n","protected":false},"excerpt":{"rendered":"<p>Belarus Prezidenti Aleksandr Luka\u015fenko \u0259mindir ki, respublika hakimiyy\u0259ti koronavirusun yay\u0131lmas\u0131 il\u0259 m\u00fcbariz\u0259d\u0259 h\u0259l\u0259 he\u00e7 n\u0259d\u0259 s\u0259hv etm\u0259yib. &#8220;Qafqazinfo&#8221;nun m\u0259lumat\u0131na g\u00f6r\u0259, bu bar\u0259d\u0259 &#8220;BELTA&#8221; x\u0259b\u0259r verib. &#8220;H\u0259tta siz, bu proses\u0259 o q\u0259d\u0259r d\u0259 c\u0259lb olunmayan insanlar, g\u00f6r\u00fcrs\u00fcn\u00fcz ki, belaruslular d\u00fczg\u00fcn h\u0259r\u0259k\u0259t edibl\u0259r&#8221;, &#8211; d\u00f6vl\u0259t ba\u015f\u00e7\u0131s\u0131 deyib. Luka\u015fenko, h\u0259m\u00e7inin respublika v\u0259t\u0259nda\u015flar\u0131n\u0131n bu d\u00f6vr\u00fc layiqinc\u0259 ke\u00e7\u0259c\u0259kl\u0259rin\u0259 \u0259minliyini ifad\u0259 edib. Aprelin 17-n\u0259 olan m\u0259lumata g\u00f6r\u0259, Belarusda 4,8 min\u0259 yax\u0131n yoluxma, 45 \u00f6l\u00fcm hal\u0131 qeyd\u0259 al\u0131n\u0131b. 3,2 min pasiyent stasionlar m\u00fcalic\u0259d\u0259dir.<\/p>\n","protected":false},"author":2,"featured_media":152046,"comment_status":"closed","ping_status":"closed","sticky":false,"template":"","format":"standard","meta":{"om_disable_all_campaigns":false,"_monsterinsights_skip_tracking":false,"_monsterinsights_sitenote_active":false,"_monsterinsights_sitenote_note":"","_monsterinsights_sitenote_category":0},"categories":[7],"tags":[],"aioseo_notices":[],"gutentor_comment":0,"rttpg_featured_image_url":{"full":["https:\/\/arantv.az\/wp-content\/uploads\/2020\/04\/aleksandr_lukasenko_00.jpg",482,361,false],"landscape":["https:\/\/arantv.az\/wp-content\/uploads\/2020\/04\/aleksandr_lukasenko_00.jpg",482,361,false],"portraits":["https:\/\/arantv.az\/wp-content\/uploads\/2020\/04\/aleksandr_lukasenko_00.jpg",482,361,false],"thumbnail":["https:\/\/arantv.az\/wp-content\/uploads\/2020\/04\/aleksandr_lukasenko_00-150x150.jpg",150,150,true],"medium":["https:\/\/arantv.az\/wp-content\/uploads\/2020\/04\/aleksandr_lukasenko_00-300x225.jpg",300,225,true],"large":["https:\/\/arantv.az\/wp-content\/uploads\/2020\/04\/aleksandr_lukasenko_00.jpg",482,361,false],"1536x1536":["https:\/\/arantv.az\/wp-content\/uploads\/2020\/04\/aleksandr_lukasenko_00.jpg",482,361,false],"2048x2048":["https:\/\/arantv.az\/wp-content\/uploads\/2020\/04\/aleksandr_lukasenko_00.jpg",482,361,false],"post-thumbnail":["https:\/\/arantv.az\/wp-content\/uploads\/2020\/04\/aleksandr_lukasenko_00-240x172.jpg",240,172,true],"advps-thumb-one":["https:\/\/arantv.az\/wp-content\/uploads\/2020\/04\/aleksandr_lukasenko_00.jpg",482,361,false]},"rttpg_author":{"display_name":"V\u00fcsal Rafiqo\u011flu","author_link":"https:\/\/arantv.az\/?author=2"},"rttpg_comment":0,"rttpg_category":"<a href=\"https:\/\/arantv.az\/?cat=7\" rel=\"category\">D\u00fcnya<\/a>","rttpg_excerpt":"Belarus Prezidenti Aleksandr Luka\u015fenko \u0259mindir ki, respublika hakimiyy\u0259ti koronavirusun yay\u0131lmas\u0131 il\u0259 m\u00fcbariz\u0259d\u0259 h\u0259l\u0259 he\u00e7 n\u0259d\u0259 s\u0259hv etm\u0259yib. &#8220;Qafqazinfo&#8221;nun m\u0259lumat\u0131na g\u00f6r\u0259, bu bar\u0259d\u0259 &#8220;BELTA&#8221; x\u0259b\u0259r verib. &#8220;H\u0259tta siz, bu proses\u0259 o q\u0259d\u0259r d\u0259 c\u0259lb olunmayan insanlar, g\u00f6r\u00fcrs\u00fcn\u00fcz ki, belaruslular d\u00fczg\u00fcn h\u0259r\u0259k\u0259t edibl\u0259r&#8221;, &#8211; d\u00f6vl\u0259t ba\u015f\u00e7\u0131s\u0131 deyib. Luka\u015fenko, h\u0259m\u00e7inin respublika v\u0259t\u0259nda\u015flar\u0131n\u0131n bu d\u00f6vr\u00fc layiqinc\u0259 ke\u00e7\u0259c\u0259kl\u0259rin\u0259 \u0259minliyini ifad\u0259&hellip;","_links":{"self":[{"href":"https:\/\/arantv.az\/index.php?rest_route=\/wp\/v2\/posts\/152045"}],"collection":[{"href":"https:\/\/arantv.az\/index.php?rest_route=\/wp\/v2\/posts"}],"about":[{"href":"https:\/\/arantv.az\/index.php?rest_route=\/wp\/v2\/types\/post"}],"author":[{"embeddable":true,"href":"https:\/\/arantv.az\/index.php?rest_route=\/wp\/v2\/users\/2"}],"replies":[{"embeddable":true,"href":"https:\/\/arantv.az\/index.php?rest_route=%2Fwp%2Fv2%2Fcomments&post=152045"}],"version-history":[{"count":0,"href":"https:\/\/arantv.az\/index.php?rest_route=\/wp\/v2\/posts\/152045\/revisions"}],"wp:featuredmedia":[{"embeddable":true,"href":"https:\/\/arantv.az\/index.php?rest_route=\/wp\/v2\/media\/152046"}],"wp:attachment":[{"href":"https:\/\/arantv.az\/index.php?rest_route=%2Fwp%2Fv2%2Fmedia&parent=152045"}],"wp:term":[{"taxonomy":"category","embeddable":true,"href":"https:\/\/arantv.az\/index.php?rest_route=%2Fwp%2Fv2%2Fcategories&post=152045"},{"taxonomy":"post_tag","embeddable":true,"href":"https:\/\/arantv.az\/index.php?rest_route=%2Fwp%2Fv2%2Ftags&post=152045"}],"curies":[{"name":"wp","href":"https:\/\/api.w.org\/{rel}","templated":true}]}}