{"id":152387,"date":"2020-04-21T09:17:57","date_gmt":"2020-04-21T06:17:57","guid":{"rendered":"http:\/\/arantv.az\/?p=152387"},"modified":"2020-04-21T09:17:57","modified_gmt":"2020-04-21T06:17:57","slug":"inaniriq-ki-apardiginiz-dusunulmus-siyas%c9%99t-say%c9%99sind%c9%99-olk%c9%99miz-bu-v%c9%99ziyy%c9%99td%c9%99n-d%c9%99-ugurla-v%c9%99-uzu-ag-cixacaq-v%c9%99t%c9%99ndas-az%c9%99rbaycan-prezident","status":"publish","type":"post","link":"https:\/\/arantv.az\/?p=152387","title":{"rendered":"&#8220;\u0130nan\u0131r\u0131q ki, apard\u0131\u011f\u0131n\u0131z d\u00fc\u015f\u00fcn\u00fclm\u00fc\u015f siyas\u0259t say\u0259sind\u0259 \u00f6lk\u0259miz bu v\u0259ziyy\u0259td\u0259n d\u0259 u\u011furla v\u0259 \u00fcz\u00fc a\u011f \u00e7\u0131xacaq&#8221; &#8211; V\u0259t\u0259nda\u015f Az\u0259rbaycan Prezidentin\u0259 t\u0259\u015f\u0259kk\u00fcr edir"},"content":{"rendered":"<p>\u0130nan\u0131r\u0131q ki, apard\u0131\u011f\u0131n\u0131z d\u00fc\u015f\u00fcn\u00fclm\u00fc\u015f siyas\u0259t say\u0259sind\u0259 \u00f6lk\u0259miz bu v\u0259ziyy\u0259td\u0259n d\u0259 u\u011furla v\u0259 \u00fcz\u00fc a\u011f \u00e7\u0131xacaq.<\/p>\n<p>ARANTV.AZ Trend-\u0259 istinadla x\u0259b\u0259r verir ki, bu bar\u0259d\u0259 koronavirus pandemiyas\u0131n\u0131n Az\u0259rbaycanda geni\u015f yay\u0131lmas\u0131n\u0131n qar\u015f\u0131s\u0131n\u0131n al\u0131nmas\u0131 istiqam\u0259tind\u0259 atd\u0131\u011f\u0131 q\u0259tiyy\u0259tli add\u0131mlara, xalq\u0131m\u0131za g\u00f6st\u0259rdiyi diqq\u0259t v\u0259 qay\u011f\u0131ya g\u00f6r\u0259 H\u00fcmm\u0259t \u018fliyevin Prezident \u0130lham \u018fliyev\u0259 t\u0259\u015f\u0259kk\u00fcr m\u0259ktubunda qeyd edilib.<\/p>\n<p>H\u00fcmm\u0259t \u018fliyevin m\u0259ktubunda qeyd edilir:<\/p>\n<p>&#8220;H\u00f6rm\u0259tli Prezidentim!<\/p>\n<p>Tarix\u0259 n\u0259z\u0259r salsaq g\u00f6r\u0259rik ki, m\u00fcxt\u0259lif d\u00f6vrl\u0259rd\u0259 d\u00fcnyam\u0131z\u0131 bir s\u0131ra x\u0259st\u0259lik, epidemiya, t\u0259bii f\u0259lak\u0259t, iqtisadi b\u00f6hranlarla \u00fczl\u0259\u015fmi\u015f v\u0259 yaln\u0131z g\u00fccl\u00fc, a\u011f\u0131ll\u0131 liderl\u0259ri olan d\u00f6vl\u0259tl\u0259r bu x\u0259st\u0259likl\u0259rd\u0259n, b\u0259lalardan xilas ola bilmi\u015fl\u0259r.<\/p>\n<p>COV\u0130D-19-un yarand\u0131\u011f\u0131 ilk g\u00fcnl\u0259rd\u0259n onunla m\u00fcbariz\u0259d\u0259 ortaya q\u0259tiyy\u0259tli irad\u0259 qoyma\u011f\u0131n\u0131z, &#8220;Biz birlikd\u0259 g\u00fccl\u00fcy\u00fck!&#8221; \u015f\u00fcar\u0131 il\u0259 xalq\u0131 vahid m\u0259qs\u0259dl\u0259 birl\u0259\u015fdirm\u0259yiniz xalq\u0131m\u0131z\u0131n liderin\u0259 olan inam\u0131n\u0131 daha da g\u00fccl\u0259ndirdi. Nazirl\u0259r Kabineti yan\u0131nda Operativ Qrup yaratma\u011f\u0131n\u0131z \u0259halini x\u0259st\u0259lik bar\u0259d\u0259 m\u0259lumatland\u0131rmaq yolunda \u0259n d\u00fczg\u00fcn add\u0131m oldu. Koronavirusla M\u00fcbariz\u0259y\u0259 D\u0259st\u0259k Fondunun yarad\u0131lmas\u0131 xalq\u0131m\u0131z\u0131n \u00fcr\u0259yinc\u0259 oldu ki, xeyirxah insanlar\u0131m\u0131z bu Fonda vermi\u015f olduqlar\u0131 ian\u0259l\u0259rl\u0259 d\u00f6vl\u0259timizin, Prezidentimizin yan\u0131nda olduqlar\u0131n\u0131 g\u00f6st\u0259rdil\u0259r.<\/p>\n<p>\u0130nan\u0131r\u0131q ki, apard\u0131\u011f\u0131n\u0131z d\u00fc\u015f\u00fcn\u00fclm\u00fc\u015f siyas\u0259t say\u0259sind\u0259 \u00f6lk\u0259miz bu v\u0259ziyy\u0259td\u0259n d\u0259 u\u011furla v\u0259 \u00fcz\u00fc a\u011f \u00e7\u0131xacaq.<\/p>\n<p>Pandemiyan\u0131n \u00f6lk\u0259 iqtisadiyyat\u0131na t\u0259sirinin azald\u0131lmas\u0131 \u00fc\u00e7\u00fcn verdiyiniz S\u0259r\u0259ncam v\u0259 F\u0259rmanlardan yararlanan bir sahibkar kimi Siz\u0259 v\u0259 r\u0259hb\u0259rliyiniz alt\u0131nda \u00e7al\u0131\u015fan b\u00fct\u00fcn \u015f\u0259xsl\u0259r\u0259 \u00f6z\u00fcm, ail\u0259m v\u0259 kollektivim ad\u0131ndan t\u0259\u015f\u0259kk\u00fcr edir\u0259m.<\/p>\n<p>C\u0259nab Prezident, Siz\u0259 bu \u015f\u0259r\u0259fli v\u0259 \u00e7\u0259tin yolda u\u011furlar arzulay\u0131r\u0131q&#8221;.<\/p>\n","protected":false},"excerpt":{"rendered":"<p>\u0130nan\u0131r\u0131q ki, apard\u0131\u011f\u0131n\u0131z d\u00fc\u015f\u00fcn\u00fclm\u00fc\u015f siyas\u0259t say\u0259sind\u0259 \u00f6lk\u0259miz bu v\u0259ziyy\u0259td\u0259n d\u0259 u\u011furla v\u0259 \u00fcz\u00fc a\u011f \u00e7\u0131xacaq. ARANTV.AZ Trend-\u0259 istinadla x\u0259b\u0259r verir ki, bu bar\u0259d\u0259 koronavirus pandemiyas\u0131n\u0131n Az\u0259rbaycanda geni\u015f yay\u0131lmas\u0131n\u0131n qar\u015f\u0131s\u0131n\u0131n al\u0131nmas\u0131 istiqam\u0259tind\u0259 atd\u0131\u011f\u0131 q\u0259tiyy\u0259tli add\u0131mlara, xalq\u0131m\u0131za g\u00f6st\u0259rdiyi diqq\u0259t v\u0259 qay\u011f\u0131ya g\u00f6r\u0259 H\u00fcmm\u0259t \u018fliyevin Prezident \u0130lham \u018fliyev\u0259 t\u0259\u015f\u0259kk\u00fcr m\u0259ktubunda qeyd edilib. H\u00fcmm\u0259t \u018fliyevin m\u0259ktubunda qeyd edilir: &#8220;H\u00f6rm\u0259tli Prezidentim! Tarix\u0259 n\u0259z\u0259r salsaq g\u00f6r\u0259rik ki, m\u00fcxt\u0259lif d\u00f6vrl\u0259rd\u0259 d\u00fcnyam\u0131z\u0131 bir s\u0131ra x\u0259st\u0259lik, epidemiya, t\u0259bii f\u0259lak\u0259t, iqtisadi b\u00f6hranlarla \u00fczl\u0259\u015fmi\u015f v\u0259 yaln\u0131z g\u00fccl\u00fc, a\u011f\u0131ll\u0131 liderl\u0259ri olan d\u00f6vl\u0259tl\u0259r bu x\u0259st\u0259likl\u0259rd\u0259n, b\u0259lalardan xilas ola bilmi\u015fl\u0259r. COV\u0130D-19-un yarand\u0131\u011f\u0131 ilk g\u00fcnl\u0259rd\u0259n&hellip;<\/p>\n","protected":false},"author":2,"featured_media":152388,"comment_status":"closed","ping_status":"closed","sticky":false,"template":"","format":"standard","meta":{"om_disable_all_campaigns":false,"_monsterinsights_skip_tracking":false,"_monsterinsights_sitenote_active":false,"_monsterinsights_sitenote_note":"","_monsterinsights_sitenote_category":0},"categories":[1],"tags":[],"aioseo_notices":[],"gutentor_comment":0,"rttpg_featured_image_url":{"full":["https:\/\/arantv.az\/wp-content\/uploads\/2020\/04\/ilham_aliyev_2020_53-2.jpg",800,600,false],"landscape":["https:\/\/arantv.az\/wp-content\/uploads\/2020\/04\/ilham_aliyev_2020_53-2.jpg",800,600,false],"portraits":["https:\/\/arantv.az\/wp-content\/uploads\/2020\/04\/ilham_aliyev_2020_53-2.jpg",800,600,false],"thumbnail":["https:\/\/arantv.az\/wp-content\/uploads\/2020\/04\/ilham_aliyev_2020_53-2-150x150.jpg",150,150,true],"medium":["https:\/\/arantv.az\/wp-content\/uploads\/2020\/04\/ilham_aliyev_2020_53-2-300x225.jpg",300,225,true],"large":["https:\/\/arantv.az\/wp-content\/uploads\/2020\/04\/ilham_aliyev_2020_53-2.jpg",640,480,false],"1536x1536":["https:\/\/arantv.az\/wp-content\/uploads\/2020\/04\/ilham_aliyev_2020_53-2.jpg",800,600,false],"2048x2048":["https:\/\/arantv.az\/wp-content\/uploads\/2020\/04\/ilham_aliyev_2020_53-2.jpg",800,600,false],"post-thumbnail":["https:\/\/arantv.az\/wp-content\/uploads\/2020\/04\/ilham_aliyev_2020_53-2-240x172.jpg",240,172,true],"advps-thumb-one":["https:\/\/arantv.az\/wp-content\/uploads\/2020\/04\/ilham_aliyev_2020_53-2.jpg",800,600,false]},"rttpg_author":{"display_name":"V\u00fcsal Rafiqo\u011flu","author_link":"https:\/\/arantv.az\/?author=2"},"rttpg_comment":0,"rttpg_category":"<a href=\"https:\/\/arantv.az\/?cat=1\" rel=\"category\">C\u0259miyy\u0259t<\/a>","rttpg_excerpt":"\u0130nan\u0131r\u0131q ki, apard\u0131\u011f\u0131n\u0131z d\u00fc\u015f\u00fcn\u00fclm\u00fc\u015f siyas\u0259t say\u0259sind\u0259 \u00f6lk\u0259miz bu v\u0259ziyy\u0259td\u0259n d\u0259 u\u011furla v\u0259 \u00fcz\u00fc a\u011f \u00e7\u0131xacaq. ARANTV.AZ Trend-\u0259 istinadla x\u0259b\u0259r verir ki, bu bar\u0259d\u0259 koronavirus pandemiyas\u0131n\u0131n Az\u0259rbaycanda geni\u015f yay\u0131lmas\u0131n\u0131n qar\u015f\u0131s\u0131n\u0131n al\u0131nmas\u0131 istiqam\u0259tind\u0259 atd\u0131\u011f\u0131 q\u0259tiyy\u0259tli add\u0131mlara, xalq\u0131m\u0131za g\u00f6st\u0259rdiyi diqq\u0259t v\u0259 qay\u011f\u0131ya g\u00f6r\u0259 H\u00fcmm\u0259t \u018fliyevin Prezident \u0130lham \u018fliyev\u0259 t\u0259\u015f\u0259kk\u00fcr m\u0259ktubunda qeyd edilib. H\u00fcmm\u0259t \u018fliyevin m\u0259ktubunda qeyd edilir: &#8220;H\u00f6rm\u0259tli&hellip;","_links":{"self":[{"href":"https:\/\/arantv.az\/index.php?rest_route=\/wp\/v2\/posts\/152387"}],"collection":[{"href":"https:\/\/arantv.az\/index.php?rest_route=\/wp\/v2\/posts"}],"about":[{"href":"https:\/\/arantv.az\/index.php?rest_route=\/wp\/v2\/types\/post"}],"author":[{"embeddable":true,"href":"https:\/\/arantv.az\/index.php?rest_route=\/wp\/v2\/users\/2"}],"replies":[{"embeddable":true,"href":"https:\/\/arantv.az\/index.php?rest_route=%2Fwp%2Fv2%2Fcomments&post=152387"}],"version-history":[{"count":0,"href":"https:\/\/arantv.az\/index.php?rest_route=\/wp\/v2\/posts\/152387\/revisions"}],"wp:featuredmedia":[{"embeddable":true,"href":"https:\/\/arantv.az\/index.php?rest_route=\/wp\/v2\/media\/152388"}],"wp:attachment":[{"href":"https:\/\/arantv.az\/index.php?rest_route=%2Fwp%2Fv2%2Fmedia&parent=152387"}],"wp:term":[{"taxonomy":"category","embeddable":true,"href":"https:\/\/arantv.az\/index.php?rest_route=%2Fwp%2Fv2%2Fcategories&post=152387"},{"taxonomy":"post_tag","embeddable":true,"href":"https:\/\/arantv.az\/index.php?rest_route=%2Fwp%2Fv2%2Ftags&post=152387"}],"curies":[{"name":"wp","href":"https:\/\/api.w.org\/{rel}","templated":true}]}}