{"id":152401,"date":"2020-04-21T13:00:28","date_gmt":"2020-04-21T10:00:28","guid":{"rendered":"http:\/\/arantv.az\/?p=152401"},"modified":"2020-04-21T13:00:28","modified_gmt":"2020-04-21T10:00:28","slug":"nazirlik-r%c9%99smisind%c9%99n-valideynl%c9%99ri-issiz-kimi-qeydiyyata-alinan-t%c9%99l%c9%99b%c9%99l%c9%99rl%c9%99-bagli-aciqlama","status":"publish","type":"post","link":"https:\/\/arantv.az\/?p=152401","title":{"rendered":"Nazirlik r\u0259smisind\u0259n valideynl\u0259ri i\u015fsiz kimi qeydiyyata al\u0131nan t\u0259l\u0259b\u0259l\u0259rl\u0259 ba\u011fl\u0131 A\u00c7IQLAMA"},"content":{"rendered":"<p>\u201cValideynl\u0259ri i\u015fsiz kimi qeydiyyata al\u0131nan t\u0259l\u0259b\u0259l\u0259rin bu bar\u0259d\u0259 aray\u0131\u015f almas\u0131na ehtiyac yoxdur\u201d.<\/p>\n<p>Bunu T\u0259hsil Nazirliyinin \u0130ctimaiyy\u0259tl\u0259 \u0259laq\u0259l\u0259r sektorunun m\u00fcdiri C\u0259sar\u0259t Valehov sosial \u015f\u0259b\u0259k\u0259d\u0259ki hesab\u0131nda qeyd edib.<\/p>\n<p>Onun s\u00f6zl\u0259rin\u0259 g\u00f6r\u0259, h\u0259r hans\u0131 t\u0259l\u0259b\u0259nin valideynl\u0259rinin i\u015fsiz statusu bar\u0259d\u0259 m\u0259lumatlar\u0131 T\u0259hsil Nazirliyi \u018fm\u0259k v\u0259 \u018fhalinin Sosial M\u00fcdafi\u0259si Nazirliyinin M\u0259rk\u0259zl\u0259\u015fdirilmi\u015f Elektron \u0130nformasiya Sisteminin \u201cM\u0259\u015f\u011fulluq\u201d altsistemi vasit\u0259sil\u0259 elektron \u015f\u0259kild\u0259 \u0259ld\u0259 ed\u0259c\u0259k:<\/p>\n<div id=\"AdviadNativeVideo0\" class=\"AdviadNativeVideo\"><\/div>\n<p>\u201cNazirl\u0259r Kabinetinin m\u00fcvafiq q\u0259rar\u0131na \u0259sas\u0259n, t\u0259hsil haqq\u0131 x\u0259rcl\u0259rinin d\u00f6vl\u0259t b\u00fcdc\u0259sinin v\u0259saiti hesab\u0131na \u00f6d\u0259nilm\u0259si \u00fc\u00e7\u00fcn t\u0259l\u0259b\u0259l\u0259rin m\u0259\u015f\u011fulluq orqanlar\u0131ndan valideynl\u0259rinin i\u015fsiz kimi qeydiyyatda olmas\u0131na dair aray\u0131\u015f alaraq t\u0259hsil m\u00fc\u0259ssis\u0259l\u0259rin\u0259 t\u0259qdim etm\u0259l\u0259rin\u0259 ehtiyac yoxdur.<\/p>\n<p>Bununla yana\u015f\u0131, e-sosial.az portal\u0131nda 15 n\u00f6vd\u0259 e-aray\u0131\u015f xidm\u0259ti g\u00f6st\u0259rilir.<\/p>\n<p>\u0130\u015fsiz kimi qeydiyyatdan ke\u00e7\u0259n \u015f\u0259xsl\u0259r d\u0259 portal vasit\u0259sil\u0259 bu bar\u0259d\u0259 e-aray\u0131\u015f\u0131 \u0259ld\u0259 ed\u0259 bil\u0259rl\u0259r. Bunun \u00fc\u00e7\u00fcn e-sosial.az portal\u0131nda qeydiyyatdan ke\u00e7m\u0259k laz\u0131md\u0131r.<\/p>\n<p>Qeydiyyatdan ke\u00e7dikd\u0259n sonra \u201c\u015e\u0259xsi kabinet\u201dd\u0259 e-aray\u0131\u015f b\u00f6lm\u0259sin\u0259 daxil olmaqla, m\u00fcvafiq elektron aray\u0131\u015f\u0131 \u0259ld\u0259 etm\u0259k olar\u201d.<\/p>\n","protected":false},"excerpt":{"rendered":"<p>\u201cValideynl\u0259ri i\u015fsiz kimi qeydiyyata al\u0131nan t\u0259l\u0259b\u0259l\u0259rin bu bar\u0259d\u0259 aray\u0131\u015f almas\u0131na ehtiyac yoxdur\u201d. Bunu T\u0259hsil Nazirliyinin \u0130ctimaiyy\u0259tl\u0259 \u0259laq\u0259l\u0259r sektorunun m\u00fcdiri C\u0259sar\u0259t Valehov sosial \u015f\u0259b\u0259k\u0259d\u0259ki hesab\u0131nda qeyd edib. Onun s\u00f6zl\u0259rin\u0259 g\u00f6r\u0259, h\u0259r hans\u0131 t\u0259l\u0259b\u0259nin valideynl\u0259rinin i\u015fsiz statusu bar\u0259d\u0259 m\u0259lumatlar\u0131 T\u0259hsil Nazirliyi \u018fm\u0259k v\u0259 \u018fhalinin Sosial M\u00fcdafi\u0259si Nazirliyinin M\u0259rk\u0259zl\u0259\u015fdirilmi\u015f Elektron \u0130nformasiya Sisteminin \u201cM\u0259\u015f\u011fulluq\u201d altsistemi vasit\u0259sil\u0259 elektron \u015f\u0259kild\u0259 \u0259ld\u0259 ed\u0259c\u0259k: \u201cNazirl\u0259r Kabinetinin m\u00fcvafiq q\u0259rar\u0131na \u0259sas\u0259n, t\u0259hsil haqq\u0131 x\u0259rcl\u0259rinin d\u00f6vl\u0259t b\u00fcdc\u0259sinin v\u0259saiti hesab\u0131na \u00f6d\u0259nilm\u0259si \u00fc\u00e7\u00fcn t\u0259l\u0259b\u0259l\u0259rin m\u0259\u015f\u011fulluq orqanlar\u0131ndan valideynl\u0259rinin i\u015fsiz kimi qeydiyyatda olmas\u0131na dair aray\u0131\u015f alaraq t\u0259hsil m\u00fc\u0259ssis\u0259l\u0259rin\u0259 t\u0259qdim etm\u0259l\u0259rin\u0259 ehtiyac yoxdur. Bununla yana\u015f\u0131, e-sosial.az&hellip;<\/p>\n","protected":false},"author":2,"featured_media":152402,"comment_status":"closed","ping_status":"closed","sticky":false,"template":"","format":"standard","meta":{"om_disable_all_campaigns":false,"_monsterinsights_skip_tracking":false,"_monsterinsights_sitenote_active":false,"_monsterinsights_sitenote_note":"","_monsterinsights_sitenote_category":0},"categories":[19],"tags":[],"aioseo_notices":[],"gutentor_comment":0,"rttpg_featured_image_url":{"full":["https:\/\/arantv.az\/wp-content\/uploads\/2020\/04\/azedu.az_5b62ef222a9b5_telefon_449.jpg",620,412,false],"landscape":["https:\/\/arantv.az\/wp-content\/uploads\/2020\/04\/azedu.az_5b62ef222a9b5_telefon_449.jpg",620,412,false],"portraits":["https:\/\/arantv.az\/wp-content\/uploads\/2020\/04\/azedu.az_5b62ef222a9b5_telefon_449.jpg",620,412,false],"thumbnail":["https:\/\/arantv.az\/wp-content\/uploads\/2020\/04\/azedu.az_5b62ef222a9b5_telefon_449-150x150.jpg",150,150,true],"medium":["https:\/\/arantv.az\/wp-content\/uploads\/2020\/04\/azedu.az_5b62ef222a9b5_telefon_449-300x199.jpg",300,199,true],"large":["https:\/\/arantv.az\/wp-content\/uploads\/2020\/04\/azedu.az_5b62ef222a9b5_telefon_449.jpg",620,412,false],"1536x1536":["https:\/\/arantv.az\/wp-content\/uploads\/2020\/04\/azedu.az_5b62ef222a9b5_telefon_449.jpg",620,412,false],"2048x2048":["https:\/\/arantv.az\/wp-content\/uploads\/2020\/04\/azedu.az_5b62ef222a9b5_telefon_449.jpg",620,412,false],"post-thumbnail":["https:\/\/arantv.az\/wp-content\/uploads\/2020\/04\/azedu.az_5b62ef222a9b5_telefon_449-240x172.jpg",240,172,true],"advps-thumb-one":["https:\/\/arantv.az\/wp-content\/uploads\/2020\/04\/azedu.az_5b62ef222a9b5_telefon_449.jpg",620,412,false]},"rttpg_author":{"display_name":"V\u00fcsal Rafiqo\u011flu","author_link":"https:\/\/arantv.az\/?author=2"},"rttpg_comment":0,"rttpg_category":"<a href=\"https:\/\/arantv.az\/?cat=19\" rel=\"category\">G\u00fcnd\u0259m<\/a>","rttpg_excerpt":"\u201cValideynl\u0259ri i\u015fsiz kimi qeydiyyata al\u0131nan t\u0259l\u0259b\u0259l\u0259rin bu bar\u0259d\u0259 aray\u0131\u015f almas\u0131na ehtiyac yoxdur\u201d. Bunu T\u0259hsil Nazirliyinin \u0130ctimaiyy\u0259tl\u0259 \u0259laq\u0259l\u0259r sektorunun m\u00fcdiri C\u0259sar\u0259t Valehov sosial \u015f\u0259b\u0259k\u0259d\u0259ki hesab\u0131nda qeyd edib. Onun s\u00f6zl\u0259rin\u0259 g\u00f6r\u0259, h\u0259r hans\u0131 t\u0259l\u0259b\u0259nin valideynl\u0259rinin i\u015fsiz statusu bar\u0259d\u0259 m\u0259lumatlar\u0131 T\u0259hsil Nazirliyi \u018fm\u0259k v\u0259 \u018fhalinin Sosial M\u00fcdafi\u0259si Nazirliyinin M\u0259rk\u0259zl\u0259\u015fdirilmi\u015f Elektron \u0130nformasiya Sisteminin \u201cM\u0259\u015f\u011fulluq\u201d altsistemi vasit\u0259sil\u0259 elektron \u015f\u0259kild\u0259 \u0259ld\u0259&hellip;","_links":{"self":[{"href":"https:\/\/arantv.az\/index.php?rest_route=\/wp\/v2\/posts\/152401"}],"collection":[{"href":"https:\/\/arantv.az\/index.php?rest_route=\/wp\/v2\/posts"}],"about":[{"href":"https:\/\/arantv.az\/index.php?rest_route=\/wp\/v2\/types\/post"}],"author":[{"embeddable":true,"href":"https:\/\/arantv.az\/index.php?rest_route=\/wp\/v2\/users\/2"}],"replies":[{"embeddable":true,"href":"https:\/\/arantv.az\/index.php?rest_route=%2Fwp%2Fv2%2Fcomments&post=152401"}],"version-history":[{"count":0,"href":"https:\/\/arantv.az\/index.php?rest_route=\/wp\/v2\/posts\/152401\/revisions"}],"wp:featuredmedia":[{"embeddable":true,"href":"https:\/\/arantv.az\/index.php?rest_route=\/wp\/v2\/media\/152402"}],"wp:attachment":[{"href":"https:\/\/arantv.az\/index.php?rest_route=%2Fwp%2Fv2%2Fmedia&parent=152401"}],"wp:term":[{"taxonomy":"category","embeddable":true,"href":"https:\/\/arantv.az\/index.php?rest_route=%2Fwp%2Fv2%2Fcategories&post=152401"},{"taxonomy":"post_tag","embeddable":true,"href":"https:\/\/arantv.az\/index.php?rest_route=%2Fwp%2Fv2%2Ftags&post=152401"}],"curies":[{"name":"wp","href":"https:\/\/api.w.org\/{rel}","templated":true}]}}