{"id":152405,"date":"2020-04-21T13:01:47","date_gmt":"2020-04-21T10:01:47","guid":{"rendered":"http:\/\/arantv.az\/?p=152405"},"modified":"2020-04-21T13:01:47","modified_gmt":"2020-04-21T10:01:47","slug":"deputat-kivdf-yoxlanilmalidir-m%c9%99s%c9%99l%c9%99ni-mutl%c9%99q-milli-m%c9%99clisd%c9%99-qaldiracagiq","status":"publish","type":"post","link":"https:\/\/arantv.az\/?p=152405","title":{"rendered":"Deputat: \u201cK\u0130VDF yoxlan\u0131lmal\u0131d\u0131r, m\u0259s\u0259l\u0259ni m\u00fctl\u0259q Milli M\u0259clisd\u0259 qald\u0131raca\u011f\u0131q\u201d"},"content":{"rendered":"<p>\u201cK\u00fctl\u0259vi \u0130nformasiya Vasit\u0259l\u0259rinin \u0130nki\u015faf\u0131na D\u00f6vl\u0259t D\u0259st\u0259yi Fondunda (K\u0130VDF) yoxlamalar apar\u0131lmal\u0131d\u0131r. Bununla ba\u011fl\u0131 m\u0259s\u0259l\u0259 Milli M\u0259clisd\u0259 m\u00fczakir\u0259 edil\u0259c\u0259k\u201d.<\/p>\n<p>Bu s\u00f6zl\u0259ri Modern.az-a a\u00e7\u0131qlamas\u0131nda Milli M\u0259clisin \u0130qtisadi siyas\u0259t, s\u0259naye v\u0259 sahibkarl\u0131q komit\u0259sinin \u00fczv\u00fc Vahid \u018fhm\u0259dov bildirib.<\/p>\n<p>Deputat h\u0259l\u0259 xeyli \u0259vv\u0259l bununla ba\u011fl\u0131 fikir bildirdiyini d\u0259 xat\u0131rlad\u0131b:<\/p>\n<div id=\"AdviadNativeVideo0\" class=\"AdviadNativeVideo\">\n<div class=\"adviad-inboard sm-screen\">\n<div><\/div>\n<\/div>\n<\/div>\n<p>\u201cM\u0259n h\u0259l\u0259\u00a0V\u00fcqar S\u0259f\u0259rli icra\u00e7\u0131 direktor olanda fikrimi bildirmi\u015fdim ki, orada haqs\u0131zl\u0131qlar var. Buna g\u00f6r\u0259 d\u0259 onlara m\u0259xsus saytlarda \u0259leyhim\u0259 yaz\u0131lar gedirdi. D\u00f6vl\u0259td\u0259n ayr\u0131lan v\u0259saitin paylanmas\u0131nda, jurnalistl\u0259rin ev b\u00f6lg\u00fcs\u00fcnd\u0259, lap el\u0259 yaz\u0131 m\u00fcsabiq\u0259l\u0259rind\u0259 haqs\u0131zl\u0131qlara yol verilirdi. Fondda yoxlamalar\u0131n apar\u0131lmas\u0131na \u00e7ox ciddi ehtiyac var.<\/p>\n<p>Ke\u00e7\u0259n m\u00fcdd\u0259td\u0259 ev alanlarla ba\u011fl\u0131 naraz\u0131l\u0131qlar yaranm\u0131\u015fd\u0131. Ev alanlar aras\u0131nda he\u00e7 jurnalist olmayanlar da var. Bu bar\u0259d\u0259 m\u0259tbuatda m\u00fct\u0259madi olaraq demi\u015fik. \u00c7ox yax\u015f\u0131 oldu ki, c\u0259nab Prezident \u018fli H\u0259s\u0259novu v\u0259zif\u0259d\u0259n k\u0259narla\u015fd\u0131rd\u0131. \u018f.H\u0259s\u0259nov,\u00a0K\u0130VDF-nin icra\u00e7\u0131 direktoru V\u00fcqar S\u0259f\u0259rli, Milli Televiziya v\u0259 Radio \u015euras\u0131n\u0131n s\u0259dri Nu\u015fir\u0259van M\u0259h\u0259rr\u0259mli bir kampaniyan\u0131n adamlar\u0131d\u0131r. Son ill\u0259r m\u0259tbuatda xaotik v\u0259ziyy\u0259tin yaranmas\u0131 birba\u015fa onlar\u0131n \u0259m\u0259li idi.<\/p>\n<p>M\u0259tbuat\u0131 Az\u0259rbaycan xalq\u0131n\u0131n milli x\u00fcsusiyy\u0259tl\u0259rin\u0259 xas olmayan s\u00f6y\u00fc\u015f al\u0259tin\u0259 \u00e7evirmi\u015fdil\u0259r.<\/p>\n<p>B\u00fct\u00fcn bunlar faktiki olaraq onlar\u0131n xidm\u0259tl\u0259ri idi. Ona g\u00f6r\u0259 d\u0259 K\u00fctl\u0259vi \u0130nformasiya Vasit\u0259l\u0259rinin \u0130nki\u015faf\u0131na D\u00f6vl\u0259t D\u0259st\u0259yi Fondu m\u00fctl\u0259q yoxlan\u0131lmal\u0131d\u0131r, Hesablama Palatas\u0131 orada yoxlamalara ba\u015flamal\u0131d\u0131r. Ke\u00e7\u0259n m\u00fcdd\u0259td\u0259 Fonda n\u0259 q\u0259d\u0259r v\u0259sait ayr\u0131l\u0131b, hara, nec\u0259 x\u0259rcl\u0259nib, bunun hesabat\u0131 apar\u0131lmal\u0131d\u0131r. Bu yax\u0131nlarda Milli M\u0259clisd\u0259 Hesablama Palatas\u0131n\u0131n hesabat\u0131n\u0131 dinl\u0259y\u0259nd\u0259 bu m\u0259s\u0259l\u0259y\u0259 m\u00fctl\u0259q toxunaca\u011f\u0131q\u201d.<\/p>\n<p>Vahid \u018fhm\u0259dov qeyd edib ki, jurnalistl\u0259r \u00fc\u00e7\u00fcn tikil\u0259n \u00fc\u00e7\u00fcnc\u00fc binadak\u0131 m\u0259nzill\u0259rin paylan\u0131lmas\u0131 zaman\u0131 \u015f\u0259ffafl\u0131q olaca\u011f\u0131n\u0131 g\u00f6zl\u0259yir:<\/p>\n<p>\u201cD\u00fc\u015f\u00fcn\u00fcr\u0259m ki, h\u0259r k\u0259s ba\u015f ver\u0259nl\u0259rd\u0259n \u00f6z\u00fcn\u0259 pay g\u00f6t\u00fcr\u00fcr. D\u00f6vl\u0259t ba\u015f\u00e7\u0131s\u0131 yeni t\u0259yinatlar zaman\u0131 da \u00f6z tap\u015f\u0131r\u0131q v\u0259 t\u00f6vsiy\u0259l\u0259rini verir. Ona g\u00f6r\u0259 d\u0259 bundan sonra h\u0259r \u015fey \u015f\u0259ffaf olmal\u0131d\u0131r. Buna q\u0259d\u0259r \u015f\u0259ffafl\u0131\u011f\u0131 t\u0259min etm\u0259y\u0259nl\u0259r is\u0259 qanun qar\u015f\u0131s\u0131nda cavab verm\u0259lidirl\u0259r\u201d.<\/p>\n<p>Qeyd ed\u0259k ki, Prezident \u0130lham \u018fliyevin aprelin 4-d\u0259 imzalad\u0131\u011f\u0131 s\u0259r\u0259ncamla V\u00fcqar S\u0259f\u0259rli Az\u0259rbaycan Respublikas\u0131n\u0131n Prezidenti yan\u0131nda K\u00fctl\u0259vi \u0130nformasiya Vasit\u0259l\u0259rinin \u0130nki\u015faf\u0131na D\u00f6vl\u0259t D\u0259st\u0259yi Fondunun (K\u0130VDF) \u0130cra\u00e7\u0131 direktoru v\u0259zif\u0259sind\u0259n azad olunub.<\/p>\n<p>Prezidentin dig\u0259r s\u0259r\u0259ncam\u0131 il\u0259 \u018fhm\u0259d M\u0259h\u0259mm\u0259d o\u011flu \u0130smay\u0131lov K\u0130VDF-nin icra\u00e7\u0131 direktoru v\u0259zif\u0259sin\u0259 t\u0259yin olunub.<\/p>\n","protected":false},"excerpt":{"rendered":"<p>\u201cK\u00fctl\u0259vi \u0130nformasiya Vasit\u0259l\u0259rinin \u0130nki\u015faf\u0131na D\u00f6vl\u0259t D\u0259st\u0259yi Fondunda (K\u0130VDF) yoxlamalar apar\u0131lmal\u0131d\u0131r. Bununla ba\u011fl\u0131 m\u0259s\u0259l\u0259 Milli M\u0259clisd\u0259 m\u00fczakir\u0259 edil\u0259c\u0259k\u201d. Bu s\u00f6zl\u0259ri Modern.az-a a\u00e7\u0131qlamas\u0131nda Milli M\u0259clisin \u0130qtisadi siyas\u0259t, s\u0259naye v\u0259 sahibkarl\u0131q komit\u0259sinin \u00fczv\u00fc Vahid \u018fhm\u0259dov bildirib. Deputat h\u0259l\u0259 xeyli \u0259vv\u0259l bununla ba\u011fl\u0131 fikir bildirdiyini d\u0259 xat\u0131rlad\u0131b: \u201cM\u0259n h\u0259l\u0259\u00a0V\u00fcqar S\u0259f\u0259rli icra\u00e7\u0131 direktor olanda fikrimi bildirmi\u015fdim ki, orada haqs\u0131zl\u0131qlar var. Buna g\u00f6r\u0259 d\u0259 onlara m\u0259xsus saytlarda \u0259leyhim\u0259 yaz\u0131lar gedirdi. D\u00f6vl\u0259td\u0259n ayr\u0131lan v\u0259saitin paylanmas\u0131nda, jurnalistl\u0259rin ev b\u00f6lg\u00fcs\u00fcnd\u0259, lap el\u0259 yaz\u0131 m\u00fcsabiq\u0259l\u0259rind\u0259 haqs\u0131zl\u0131qlara yol verilirdi. Fondda yoxlamalar\u0131n apar\u0131lmas\u0131na \u00e7ox ciddi ehtiyac var. Ke\u00e7\u0259n m\u00fcdd\u0259td\u0259 ev alanlarla ba\u011fl\u0131&hellip;<\/p>\n","protected":false},"author":2,"featured_media":152406,"comment_status":"closed","ping_status":"closed","sticky":false,"template":"","format":"standard","meta":{"om_disable_all_campaigns":false,"_monsterinsights_skip_tracking":false,"_monsterinsights_sitenote_active":false,"_monsterinsights_sitenote_note":"","_monsterinsights_sitenote_category":0},"categories":[19],"tags":[],"aioseo_notices":[],"gutentor_comment":0,"rttpg_featured_image_url":{"full":["https:\/\/arantv.az\/wp-content\/uploads\/2020\/04\/FotoJet-5-1.jpg",620,424,false],"landscape":["https:\/\/arantv.az\/wp-content\/uploads\/2020\/04\/FotoJet-5-1.jpg",620,424,false],"portraits":["https:\/\/arantv.az\/wp-content\/uploads\/2020\/04\/FotoJet-5-1.jpg",620,424,false],"thumbnail":["https:\/\/arantv.az\/wp-content\/uploads\/2020\/04\/FotoJet-5-1-150x150.jpg",150,150,true],"medium":["https:\/\/arantv.az\/wp-content\/uploads\/2020\/04\/FotoJet-5-1-300x205.jpg",300,205,true],"large":["https:\/\/arantv.az\/wp-content\/uploads\/2020\/04\/FotoJet-5-1.jpg",620,424,false],"1536x1536":["https:\/\/arantv.az\/wp-content\/uploads\/2020\/04\/FotoJet-5-1.jpg",620,424,false],"2048x2048":["https:\/\/arantv.az\/wp-content\/uploads\/2020\/04\/FotoJet-5-1.jpg",620,424,false],"post-thumbnail":["https:\/\/arantv.az\/wp-content\/uploads\/2020\/04\/FotoJet-5-1-240x172.jpg",240,172,true],"advps-thumb-one":["https:\/\/arantv.az\/wp-content\/uploads\/2020\/04\/FotoJet-5-1.jpg",620,424,false]},"rttpg_author":{"display_name":"V\u00fcsal Rafiqo\u011flu","author_link":"https:\/\/arantv.az\/?author=2"},"rttpg_comment":0,"rttpg_category":"<a href=\"https:\/\/arantv.az\/?cat=19\" rel=\"category\">G\u00fcnd\u0259m<\/a>","rttpg_excerpt":"\u201cK\u00fctl\u0259vi \u0130nformasiya Vasit\u0259l\u0259rinin \u0130nki\u015faf\u0131na D\u00f6vl\u0259t D\u0259st\u0259yi Fondunda (K\u0130VDF) yoxlamalar apar\u0131lmal\u0131d\u0131r. Bununla ba\u011fl\u0131 m\u0259s\u0259l\u0259 Milli M\u0259clisd\u0259 m\u00fczakir\u0259 edil\u0259c\u0259k\u201d. Bu s\u00f6zl\u0259ri Modern.az-a a\u00e7\u0131qlamas\u0131nda Milli M\u0259clisin \u0130qtisadi siyas\u0259t, s\u0259naye v\u0259 sahibkarl\u0131q komit\u0259sinin \u00fczv\u00fc Vahid \u018fhm\u0259dov bildirib. Deputat h\u0259l\u0259 xeyli \u0259vv\u0259l bununla ba\u011fl\u0131 fikir bildirdiyini d\u0259 xat\u0131rlad\u0131b: \u201cM\u0259n h\u0259l\u0259\u00a0V\u00fcqar S\u0259f\u0259rli icra\u00e7\u0131 direktor olanda fikrimi bildirmi\u015fdim ki, orada haqs\u0131zl\u0131qlar var.&hellip;","_links":{"self":[{"href":"https:\/\/arantv.az\/index.php?rest_route=\/wp\/v2\/posts\/152405"}],"collection":[{"href":"https:\/\/arantv.az\/index.php?rest_route=\/wp\/v2\/posts"}],"about":[{"href":"https:\/\/arantv.az\/index.php?rest_route=\/wp\/v2\/types\/post"}],"author":[{"embeddable":true,"href":"https:\/\/arantv.az\/index.php?rest_route=\/wp\/v2\/users\/2"}],"replies":[{"embeddable":true,"href":"https:\/\/arantv.az\/index.php?rest_route=%2Fwp%2Fv2%2Fcomments&post=152405"}],"version-history":[{"count":0,"href":"https:\/\/arantv.az\/index.php?rest_route=\/wp\/v2\/posts\/152405\/revisions"}],"wp:featuredmedia":[{"embeddable":true,"href":"https:\/\/arantv.az\/index.php?rest_route=\/wp\/v2\/media\/152406"}],"wp:attachment":[{"href":"https:\/\/arantv.az\/index.php?rest_route=%2Fwp%2Fv2%2Fmedia&parent=152405"}],"wp:term":[{"taxonomy":"category","embeddable":true,"href":"https:\/\/arantv.az\/index.php?rest_route=%2Fwp%2Fv2%2Fcategories&post=152405"},{"taxonomy":"post_tag","embeddable":true,"href":"https:\/\/arantv.az\/index.php?rest_route=%2Fwp%2Fv2%2Ftags&post=152405"}],"curies":[{"name":"wp","href":"https:\/\/api.w.org\/{rel}","templated":true}]}}