{"id":152455,"date":"2020-04-21T17:25:10","date_gmt":"2020-04-21T14:25:10","guid":{"rendered":"http:\/\/arantv.az\/?p=152455"},"modified":"2020-04-21T17:25:10","modified_gmt":"2020-04-21T14:25:10","slug":"sergey-lavrovdan-qarabag-munaqis%c9%99sinin-m%c9%99rh%c9%99l%c9%99li-h%c9%99lli-il%c9%99-bagli-aciqlama","status":"publish","type":"post","link":"https:\/\/arantv.az\/?p=152455","title":{"rendered":"Sergey Lavrovdan Qaraba\u011f m\u00fcnaqi\u015f\u0259sinin m\u0259rh\u0259l\u0259li h\u0259lli il\u0259 ba\u011fl\u0131 A\u00c7IQLAMA"},"content":{"rendered":"<p>\u201c\u00d6t\u0259n il Moskvada Rusiya, Az\u0259rbaycan\u00a0v\u0259 Erm\u0259nistan Xarici \u0130\u015fl\u0259r nazirl\u0259rinin\u00a0g\u00f6r\u00fc\u015f\u00fcnd\u0259 Da\u011fl\u0131q Qaraba\u011f m\u00fcnaqi\u015f\u0259sinin h\u0259lli istiqam\u0259tind\u0259 t\u0259klifl\u0259r m\u00fczakir\u0259 olunub. Bunlar\u0131n imzalanmas\u0131 BMT T\u0259hl\u00fck\u0259sizlik \u015euras\u0131n\u0131n q\u0259tnam\u0259l\u0259rinin icras\u0131 istiqam\u0259tind\u0259 m\u00fch\u00fcm add\u0131m olard\u0131\u201d.<\/p>\n<p>TASS agentliyi x\u0259b\u0259r verir ki, bunu Qor\u00e7akov Fondunun t\u0259\u015fkil etdiyi onlayn \u201cd\u0259yirmi masa\u201d zaman\u0131 Rusiyan\u0131n Xarici \u0130\u015fl\u0259r naziri Sergey Lavrov BMT T\u0259hl\u00fck\u0259sizlik \u015euras\u0131n\u0131n Da\u011fl\u0131q Qaraba\u011f m\u00fcnaqi\u015f\u0259si il\u0259 ba\u011fl\u0131 q\u0259tnam\u0259l\u0259ri\u00a0bar\u0259d\u0259 dan\u0131\u015fark\u0259n bildirib.<\/p>\n<p>S.Lavrov deyib ki, Qaraba\u011f m\u00fcnaqi\u015f\u0259sinin h\u0259llind\u0259 Madrid prinsipl\u0259ri, Rusiyan\u0131n 2010-2011-ci ill\u0259rd\u0259 haz\u0131rlad\u0131\u011f\u0131 s\u0259n\u0259dl\u0259r, o c\u00fcml\u0259d\u0259n Kazan s\u0259n\u0259di, h\u0259m\u00e7inin\u00a0Az\u0259rbaycan, Erm\u0259nistan v\u0259 Rusiya X\u0130N r\u0259hb\u0259rl\u0259rinin 2019-cu ilin aprelind\u0259 q\u0259bul etdikl\u0259ri ortaq s\u0259n\u0259d var v\u0259 bu, indi d\u0259 f\u0259al m\u00fczakir\u0259 olunur.<\/p>\n<div id=\"AdviadNativeVideo0\" class=\"AdviadNativeVideo\"><\/div>\n<p>Rusiyan\u0131n Xarici \u0130\u015fl\u0259r Naziri h\u0259min s\u0259n\u0259dl\u0259rin m\u00fcnaqi\u015f\u0259nin m\u0259rh\u0259l\u0259li yolla h\u0259llini n\u0259z\u0259rd\u0259 tutdu\u011funu qeyd edib: \u201cM\u00fcnaqi\u015f\u0259nin h\u0259llind\u0259 m\u0259rh\u0259l\u0259li h\u0259ll n\u0259z\u0259rd\u0259 tutulur. \u0130lk m\u0259rh\u0259l\u0259d\u0259 \u0259n aktual m\u0259s\u0259l\u0259l\u0259rin \u2013 Da\u011fl\u0131q Qaraba\u011f \u0259traf\u0131ndak\u0131 bir s\u0131ra rayonlar\u0131n azad olunmas\u0131,\u00a0kommunikasiya, n\u0259qliyyat v\u0259 iqtisadi \u0259laq\u0259l\u0259rin b\u0259rpas\u0131 n\u0259z\u0259rd\u0259 tutulur\u201d.<\/p>\n<p>S.Lavrov s\u00f6yl\u0259yib ki, Da\u011fl\u0131q Qaraba\u011f m\u00fcnaqi\u015f\u0259sinin h\u0259lli prosesinin AT\u018fT-in Minsk Qrupunun t\u0259klif etdiyi formatda qurulmas\u0131 yax\u015f\u0131 v\u0259 faydal\u0131d\u0131r:<\/p>\n<p>\u201cBMT-nin T\u0259hl\u00fck\u0259sizlik \u015euras\u0131n\u0131n m\u00fcharib\u0259ni dayand\u0131rmaq v\u0259 dan\u0131\u015f\u0131qlara ba\u015flamaq haqq\u0131nda t\u0259l\u0259bl\u0259ri m\u0259hz bu \u00e7\u0259r\u00e7iv\u0259d\u0259\u00a0h\u0259yata ke\u00e7irilib\u201d.<\/p>\n","protected":false},"excerpt":{"rendered":"<p>\u201c\u00d6t\u0259n il Moskvada Rusiya, Az\u0259rbaycan\u00a0v\u0259 Erm\u0259nistan Xarici \u0130\u015fl\u0259r nazirl\u0259rinin\u00a0g\u00f6r\u00fc\u015f\u00fcnd\u0259 Da\u011fl\u0131q Qaraba\u011f m\u00fcnaqi\u015f\u0259sinin h\u0259lli istiqam\u0259tind\u0259 t\u0259klifl\u0259r m\u00fczakir\u0259 olunub. Bunlar\u0131n imzalanmas\u0131 BMT T\u0259hl\u00fck\u0259sizlik \u015euras\u0131n\u0131n q\u0259tnam\u0259l\u0259rinin icras\u0131 istiqam\u0259tind\u0259 m\u00fch\u00fcm add\u0131m olard\u0131\u201d. TASS agentliyi x\u0259b\u0259r verir ki, bunu Qor\u00e7akov Fondunun t\u0259\u015fkil etdiyi onlayn \u201cd\u0259yirmi masa\u201d zaman\u0131 Rusiyan\u0131n Xarici \u0130\u015fl\u0259r naziri Sergey Lavrov BMT T\u0259hl\u00fck\u0259sizlik \u015euras\u0131n\u0131n Da\u011fl\u0131q Qaraba\u011f m\u00fcnaqi\u015f\u0259si il\u0259 ba\u011fl\u0131 q\u0259tnam\u0259l\u0259ri\u00a0bar\u0259d\u0259 dan\u0131\u015fark\u0259n bildirib. S.Lavrov deyib ki, Qaraba\u011f m\u00fcnaqi\u015f\u0259sinin h\u0259llind\u0259 Madrid prinsipl\u0259ri, Rusiyan\u0131n 2010-2011-ci ill\u0259rd\u0259 haz\u0131rlad\u0131\u011f\u0131 s\u0259n\u0259dl\u0259r, o c\u00fcml\u0259d\u0259n Kazan s\u0259n\u0259di, h\u0259m\u00e7inin\u00a0Az\u0259rbaycan, Erm\u0259nistan v\u0259 Rusiya X\u0130N r\u0259hb\u0259rl\u0259rinin 2019-cu ilin aprelind\u0259 q\u0259bul etdikl\u0259ri ortaq s\u0259n\u0259d var&hellip;<\/p>\n","protected":false},"author":2,"featured_media":152456,"comment_status":"closed","ping_status":"closed","sticky":false,"template":"","format":"standard","meta":{"om_disable_all_campaigns":false,"_monsterinsights_skip_tracking":false,"_monsterinsights_sitenote_active":false,"_monsterinsights_sitenote_note":"","_monsterinsights_sitenote_category":0},"categories":[7],"tags":[],"aioseo_notices":[],"gutentor_comment":0,"rttpg_featured_image_url":{"full":["https:\/\/arantv.az\/wp-content\/uploads\/2020\/04\/lavrov-o-sankcijah-vada-est-zhelajuschie-postavit-rossiju-v-polozhenie-obvinjaemoj_15747782861656579676.jpg",620,413,false],"landscape":["https:\/\/arantv.az\/wp-content\/uploads\/2020\/04\/lavrov-o-sankcijah-vada-est-zhelajuschie-postavit-rossiju-v-polozhenie-obvinjaemoj_15747782861656579676.jpg",620,413,false],"portraits":["https:\/\/arantv.az\/wp-content\/uploads\/2020\/04\/lavrov-o-sankcijah-vada-est-zhelajuschie-postavit-rossiju-v-polozhenie-obvinjaemoj_15747782861656579676.jpg",620,413,false],"thumbnail":["https:\/\/arantv.az\/wp-content\/uploads\/2020\/04\/lavrov-o-sankcijah-vada-est-zhelajuschie-postavit-rossiju-v-polozhenie-obvinjaemoj_15747782861656579676-150x150.jpg",150,150,true],"medium":["https:\/\/arantv.az\/wp-content\/uploads\/2020\/04\/lavrov-o-sankcijah-vada-est-zhelajuschie-postavit-rossiju-v-polozhenie-obvinjaemoj_15747782861656579676-300x200.jpg",300,200,true],"large":["https:\/\/arantv.az\/wp-content\/uploads\/2020\/04\/lavrov-o-sankcijah-vada-est-zhelajuschie-postavit-rossiju-v-polozhenie-obvinjaemoj_15747782861656579676.jpg",620,413,false],"1536x1536":["https:\/\/arantv.az\/wp-content\/uploads\/2020\/04\/lavrov-o-sankcijah-vada-est-zhelajuschie-postavit-rossiju-v-polozhenie-obvinjaemoj_15747782861656579676.jpg",620,413,false],"2048x2048":["https:\/\/arantv.az\/wp-content\/uploads\/2020\/04\/lavrov-o-sankcijah-vada-est-zhelajuschie-postavit-rossiju-v-polozhenie-obvinjaemoj_15747782861656579676.jpg",620,413,false],"post-thumbnail":["https:\/\/arantv.az\/wp-content\/uploads\/2020\/04\/lavrov-o-sankcijah-vada-est-zhelajuschie-postavit-rossiju-v-polozhenie-obvinjaemoj_15747782861656579676-240x172.jpg",240,172,true],"advps-thumb-one":["https:\/\/arantv.az\/wp-content\/uploads\/2020\/04\/lavrov-o-sankcijah-vada-est-zhelajuschie-postavit-rossiju-v-polozhenie-obvinjaemoj_15747782861656579676.jpg",620,413,false]},"rttpg_author":{"display_name":"V\u00fcsal Rafiqo\u011flu","author_link":"https:\/\/arantv.az\/?author=2"},"rttpg_comment":0,"rttpg_category":"<a href=\"https:\/\/arantv.az\/?cat=7\" rel=\"category\">D\u00fcnya<\/a>","rttpg_excerpt":"\u201c\u00d6t\u0259n il Moskvada Rusiya, Az\u0259rbaycan\u00a0v\u0259 Erm\u0259nistan Xarici \u0130\u015fl\u0259r nazirl\u0259rinin\u00a0g\u00f6r\u00fc\u015f\u00fcnd\u0259 Da\u011fl\u0131q Qaraba\u011f m\u00fcnaqi\u015f\u0259sinin h\u0259lli istiqam\u0259tind\u0259 t\u0259klifl\u0259r m\u00fczakir\u0259 olunub. Bunlar\u0131n imzalanmas\u0131 BMT T\u0259hl\u00fck\u0259sizlik \u015euras\u0131n\u0131n q\u0259tnam\u0259l\u0259rinin icras\u0131 istiqam\u0259tind\u0259 m\u00fch\u00fcm add\u0131m olard\u0131\u201d. TASS agentliyi x\u0259b\u0259r verir ki, bunu Qor\u00e7akov Fondunun t\u0259\u015fkil etdiyi onlayn \u201cd\u0259yirmi masa\u201d zaman\u0131 Rusiyan\u0131n Xarici \u0130\u015fl\u0259r naziri Sergey Lavrov BMT T\u0259hl\u00fck\u0259sizlik \u015euras\u0131n\u0131n Da\u011fl\u0131q Qaraba\u011f m\u00fcnaqi\u015f\u0259si il\u0259&hellip;","_links":{"self":[{"href":"https:\/\/arantv.az\/index.php?rest_route=\/wp\/v2\/posts\/152455"}],"collection":[{"href":"https:\/\/arantv.az\/index.php?rest_route=\/wp\/v2\/posts"}],"about":[{"href":"https:\/\/arantv.az\/index.php?rest_route=\/wp\/v2\/types\/post"}],"author":[{"embeddable":true,"href":"https:\/\/arantv.az\/index.php?rest_route=\/wp\/v2\/users\/2"}],"replies":[{"embeddable":true,"href":"https:\/\/arantv.az\/index.php?rest_route=%2Fwp%2Fv2%2Fcomments&post=152455"}],"version-history":[{"count":0,"href":"https:\/\/arantv.az\/index.php?rest_route=\/wp\/v2\/posts\/152455\/revisions"}],"wp:featuredmedia":[{"embeddable":true,"href":"https:\/\/arantv.az\/index.php?rest_route=\/wp\/v2\/media\/152456"}],"wp:attachment":[{"href":"https:\/\/arantv.az\/index.php?rest_route=%2Fwp%2Fv2%2Fmedia&parent=152455"}],"wp:term":[{"taxonomy":"category","embeddable":true,"href":"https:\/\/arantv.az\/index.php?rest_route=%2Fwp%2Fv2%2Fcategories&post=152455"},{"taxonomy":"post_tag","embeddable":true,"href":"https:\/\/arantv.az\/index.php?rest_route=%2Fwp%2Fv2%2Ftags&post=152455"}],"curies":[{"name":"wp","href":"https:\/\/api.w.org\/{rel}","templated":true}]}}