{"id":152463,"date":"2020-04-21T17:27:05","date_gmt":"2020-04-21T14:27:05","guid":{"rendered":"http:\/\/arantv.az\/?p=152463"},"modified":"2020-04-21T17:27:05","modified_gmt":"2020-04-21T14:27:05","slug":"az%c9%99rbaycanda-bu-tarixl%c9%99rd%c9%99-immunlasdirma-h%c9%99ft%c9%99si-keciril%c9%99c%c9%99k","status":"publish","type":"post","link":"https:\/\/arantv.az\/?p=152463","title":{"rendered":"Az\u0259rbaycanda bu tarixl\u0259rd\u0259 \u201c\u0130mmunla\u015fd\u0131rma h\u0259ft\u0259si\u201d ke\u00e7iril\u0259c\u0259k"},"content":{"rendered":"<p>Aprelin 20-26-da respublikan\u0131n b\u00fct\u00fcn \u015f\u0259h\u0259r v\u0259 rayonlar\u0131nda \u201c\u0130mmunla\u015fd\u0131rma h\u0259ft\u0259si\u201d\u00a0t\u0259\u015fkil olunacaq. Bununla ba\u011fl\u0131 S\u0259hiyy\u0259 naziri Oqtay \u015eir\u0259liyev\u00a0\u0259mr imzalay\u0131b.<\/p>\n<div id=\"AdviadNativeVideo0\" class=\"AdviadNativeVideo\"><\/div>\n<p>S\u0259hiyy\u0259 Nazirliyind\u0259n veril\u0259n m\u0259lumata g\u00f6r\u0259, \u0259mr \u00dcmumd\u00fcnya S\u0259hiyy\u0259 T\u0259\u015fkilat\u0131n\u0131n (\u00dcST) t\u0259\u015f\u0259bb\u00fcs\u00fc il\u0259 2006-c\u0131 ild\u0259n etibar\u0259n Avropa regionunda ke\u00e7iril\u0259n \u201c\u0130mmunla\u015fd\u0131rma h\u0259ft\u0259si\u201dnin \u00f6lk\u0259mizd\u0259 d\u0259 y\u00fcks\u0259k s\u0259viyy\u0259d\u0259 t\u0259\u015fkil olunmas\u0131\u00a0m\u0259qs\u0259dini da\u015f\u0131y\u0131r.<\/p>\n<p>H\u0259r hans\u0131 s\u0259b\u0259b\u0259 g\u00f6r\u0259 immunla\u015fd\u0131rmadan k\u0259narda qalan u\u015faqlar\u0131n \u201c\u0130mmunla\u015fd\u0131rma h\u0259ft\u0259si\u201d \u0259rzind\u0259 peyv\u0259ndl\u0259r\u0259 c\u0259lb edilm\u0259si, COVID-19 infeksiyas\u0131na g\u00f6r\u0259 epidemioloji v\u0259ziyy\u0259ti n\u0259z\u0259r\u0259 alaraq,\u00a0u\u015faqlar\u0131n k\u00fctl\u0259vi ax\u0131n\u0131n\u0131n qar\u015f\u0131s\u0131n\u0131n al\u0131nmas\u0131 m\u0259qs\u0259dil\u0259 onlar\u0131n peyv\u0259ndl\u0259r\u0259 n\u00f6vb\u0259li d\u0259v\u0259t olunmas\u0131, \u00dcST-\u00fcn d\u0259st\u0259yi il\u0259 \u201c\u0130mmunla\u015fd\u0131rma h\u0259ft\u0259si\u201d \u0259rzind\u0259 peyv\u0259ndl\u0259rl\u0259 \u0259hat\u0259 s\u0259viyy\u0259sin\u0259 n\u0259zar\u0259t m\u0259qs\u0259dil\u0259 respublikan\u0131n rayonlar\u0131nda monitorinqin ke\u00e7irilm\u0259si, \u0259halinin bu bar\u0259d\u0259 maarifl\u0259ndirilm\u0259sinin t\u0259minat\u0131 kimi m\u00fch\u00fcm m\u0259s\u0259l\u0259l\u0259r d\u0259 s\u0259n\u0259dd\u0259 \u00f6z \u0259ksini tap\u0131b.<\/p>\n","protected":false},"excerpt":{"rendered":"<p>Aprelin 20-26-da respublikan\u0131n b\u00fct\u00fcn \u015f\u0259h\u0259r v\u0259 rayonlar\u0131nda \u201c\u0130mmunla\u015fd\u0131rma h\u0259ft\u0259si\u201d\u00a0t\u0259\u015fkil olunacaq. Bununla ba\u011fl\u0131 S\u0259hiyy\u0259 naziri Oqtay \u015eir\u0259liyev\u00a0\u0259mr imzalay\u0131b. S\u0259hiyy\u0259 Nazirliyind\u0259n veril\u0259n m\u0259lumata g\u00f6r\u0259, \u0259mr \u00dcmumd\u00fcnya S\u0259hiyy\u0259 T\u0259\u015fkilat\u0131n\u0131n (\u00dcST) t\u0259\u015f\u0259bb\u00fcs\u00fc il\u0259 2006-c\u0131 ild\u0259n etibar\u0259n Avropa regionunda ke\u00e7iril\u0259n \u201c\u0130mmunla\u015fd\u0131rma h\u0259ft\u0259si\u201dnin \u00f6lk\u0259mizd\u0259 d\u0259 y\u00fcks\u0259k s\u0259viyy\u0259d\u0259 t\u0259\u015fkil olunmas\u0131\u00a0m\u0259qs\u0259dini da\u015f\u0131y\u0131r. H\u0259r hans\u0131 s\u0259b\u0259b\u0259 g\u00f6r\u0259 immunla\u015fd\u0131rmadan k\u0259narda qalan u\u015faqlar\u0131n \u201c\u0130mmunla\u015fd\u0131rma h\u0259ft\u0259si\u201d \u0259rzind\u0259 peyv\u0259ndl\u0259r\u0259 c\u0259lb edilm\u0259si, COVID-19 infeksiyas\u0131na g\u00f6r\u0259 epidemioloji v\u0259ziyy\u0259ti n\u0259z\u0259r\u0259 alaraq,\u00a0u\u015faqlar\u0131n k\u00fctl\u0259vi ax\u0131n\u0131n\u0131n qar\u015f\u0131s\u0131n\u0131n al\u0131nmas\u0131 m\u0259qs\u0259dil\u0259 onlar\u0131n peyv\u0259ndl\u0259r\u0259 n\u00f6vb\u0259li d\u0259v\u0259t olunmas\u0131, \u00dcST-\u00fcn d\u0259st\u0259yi il\u0259 \u201c\u0130mmunla\u015fd\u0131rma h\u0259ft\u0259si\u201d \u0259rzind\u0259 peyv\u0259ndl\u0259rl\u0259 \u0259hat\u0259 s\u0259viyy\u0259sin\u0259 n\u0259zar\u0259t m\u0259qs\u0259dil\u0259 respublikan\u0131n rayonlar\u0131nda monitorinqin ke\u00e7irilm\u0259si,&hellip;<\/p>\n","protected":false},"author":2,"featured_media":152464,"comment_status":"closed","ping_status":"closed","sticky":false,"template":"","format":"standard","meta":{"om_disable_all_campaigns":false,"_monsterinsights_skip_tracking":false,"_monsterinsights_sitenote_active":false,"_monsterinsights_sitenote_note":"","_monsterinsights_sitenote_category":0},"categories":[13],"tags":[],"aioseo_notices":[],"gutentor_comment":0,"rttpg_featured_image_url":{"full":["https:\/\/arantv.az\/wp-content\/uploads\/2020\/04\/immun.jpg",620,414,false],"landscape":["https:\/\/arantv.az\/wp-content\/uploads\/2020\/04\/immun.jpg",620,414,false],"portraits":["https:\/\/arantv.az\/wp-content\/uploads\/2020\/04\/immun.jpg",620,414,false],"thumbnail":["https:\/\/arantv.az\/wp-content\/uploads\/2020\/04\/immun-150x150.jpg",150,150,true],"medium":["https:\/\/arantv.az\/wp-content\/uploads\/2020\/04\/immun-300x200.jpg",300,200,true],"large":["https:\/\/arantv.az\/wp-content\/uploads\/2020\/04\/immun.jpg",620,414,false],"1536x1536":["https:\/\/arantv.az\/wp-content\/uploads\/2020\/04\/immun.jpg",620,414,false],"2048x2048":["https:\/\/arantv.az\/wp-content\/uploads\/2020\/04\/immun.jpg",620,414,false],"post-thumbnail":["https:\/\/arantv.az\/wp-content\/uploads\/2020\/04\/immun-240x172.jpg",240,172,true],"advps-thumb-one":["https:\/\/arantv.az\/wp-content\/uploads\/2020\/04\/immun.jpg",620,414,false]},"rttpg_author":{"display_name":"V\u00fcsal Rafiqo\u011flu","author_link":"https:\/\/arantv.az\/?author=2"},"rttpg_comment":0,"rttpg_category":"<a href=\"https:\/\/arantv.az\/?cat=13\" rel=\"category\">Bizim h\u0259kim<\/a>","rttpg_excerpt":"Aprelin 20-26-da respublikan\u0131n b\u00fct\u00fcn \u015f\u0259h\u0259r v\u0259 rayonlar\u0131nda \u201c\u0130mmunla\u015fd\u0131rma h\u0259ft\u0259si\u201d\u00a0t\u0259\u015fkil olunacaq. Bununla ba\u011fl\u0131 S\u0259hiyy\u0259 naziri Oqtay \u015eir\u0259liyev\u00a0\u0259mr imzalay\u0131b. S\u0259hiyy\u0259 Nazirliyind\u0259n veril\u0259n m\u0259lumata g\u00f6r\u0259, \u0259mr \u00dcmumd\u00fcnya S\u0259hiyy\u0259 T\u0259\u015fkilat\u0131n\u0131n (\u00dcST) t\u0259\u015f\u0259bb\u00fcs\u00fc il\u0259 2006-c\u0131 ild\u0259n etibar\u0259n Avropa regionunda ke\u00e7iril\u0259n \u201c\u0130mmunla\u015fd\u0131rma h\u0259ft\u0259si\u201dnin \u00f6lk\u0259mizd\u0259 d\u0259 y\u00fcks\u0259k s\u0259viyy\u0259d\u0259 t\u0259\u015fkil olunmas\u0131\u00a0m\u0259qs\u0259dini da\u015f\u0131y\u0131r. H\u0259r hans\u0131 s\u0259b\u0259b\u0259 g\u00f6r\u0259 immunla\u015fd\u0131rmadan k\u0259narda qalan u\u015faqlar\u0131n \u201c\u0130mmunla\u015fd\u0131rma h\u0259ft\u0259si\u201d \u0259rzind\u0259&hellip;","_links":{"self":[{"href":"https:\/\/arantv.az\/index.php?rest_route=\/wp\/v2\/posts\/152463"}],"collection":[{"href":"https:\/\/arantv.az\/index.php?rest_route=\/wp\/v2\/posts"}],"about":[{"href":"https:\/\/arantv.az\/index.php?rest_route=\/wp\/v2\/types\/post"}],"author":[{"embeddable":true,"href":"https:\/\/arantv.az\/index.php?rest_route=\/wp\/v2\/users\/2"}],"replies":[{"embeddable":true,"href":"https:\/\/arantv.az\/index.php?rest_route=%2Fwp%2Fv2%2Fcomments&post=152463"}],"version-history":[{"count":0,"href":"https:\/\/arantv.az\/index.php?rest_route=\/wp\/v2\/posts\/152463\/revisions"}],"wp:featuredmedia":[{"embeddable":true,"href":"https:\/\/arantv.az\/index.php?rest_route=\/wp\/v2\/media\/152464"}],"wp:attachment":[{"href":"https:\/\/arantv.az\/index.php?rest_route=%2Fwp%2Fv2%2Fmedia&parent=152463"}],"wp:term":[{"taxonomy":"category","embeddable":true,"href":"https:\/\/arantv.az\/index.php?rest_route=%2Fwp%2Fv2%2Fcategories&post=152463"},{"taxonomy":"post_tag","embeddable":true,"href":"https:\/\/arantv.az\/index.php?rest_route=%2Fwp%2Fv2%2Ftags&post=152463"}],"curies":[{"name":"wp","href":"https:\/\/api.w.org\/{rel}","templated":true}]}}