{"id":152467,"date":"2020-04-21T17:28:47","date_gmt":"2020-04-21T14:28:47","guid":{"rendered":"http:\/\/arantv.az\/?p=152467"},"modified":"2020-04-21T17:28:47","modified_gmt":"2020-04-21T14:28:47","slug":"prezident-ilham-%c9%99liyev-ismayillinin-icra-bascisina-tohm%c9%99t-verib","status":"publish","type":"post","link":"https:\/\/arantv.az\/?p=152467","title":{"rendered":"Prezident \u0130lham \u018fliyev \u0130smay\u0131ll\u0131n\u0131n icra ba\u015f\u00e7\u0131s\u0131na t\u00f6hm\u0259t verib"},"content":{"rendered":"<p><strong>Prezident \u0130lham \u018fliyev Nahid Ba\u011f\u0131rova t\u00f6hm\u0259t elan edilm\u0259si haqq\u0131nda S\u0259r\u0259ncam imzalay\u0131b.<\/strong><\/p>\n<p>ARANTV.AZ\u00a0<a href=\"http:\/\/azertag.az\/\" target=\"_blank\" rel=\"noopener\">AZ\u018fRTAC<\/a>-a istinad\u0259n bildirir ki,\u00a0S\u0259r\u0259ncama \u0259sas\u0259n, \u0130smay\u0131ll\u0131 Rayon \u0130cra Hakimiyy\u0259tinin ba\u015f\u00e7\u0131s\u0131 Nahid Rza o\u011flu Ba\u011f\u0131rova Az\u0259rbaycan Respublikas\u0131n\u0131n \u0259razisind\u0259 koronavirus infeksiyas\u0131n\u0131n (COV\u0130D-19) yay\u0131lmas\u0131n\u0131n qar\u015f\u0131s\u0131n\u0131n al\u0131nmas\u0131 m\u0259qs\u0259dil\u0259 t\u0259tbiq olunmu\u015f x\u00fcsusi karantin rejimi qaydalar\u0131n\u0131 pozdu\u011funa g\u00f6r\u0259 t\u00f6hm\u0259t elan edilir.<\/p>\n","protected":false},"excerpt":{"rendered":"<p>Prezident \u0130lham \u018fliyev Nahid Ba\u011f\u0131rova t\u00f6hm\u0259t elan edilm\u0259si haqq\u0131nda S\u0259r\u0259ncam imzalay\u0131b. ARANTV.AZ\u00a0AZ\u018fRTAC-a istinad\u0259n bildirir ki,\u00a0S\u0259r\u0259ncama \u0259sas\u0259n, \u0130smay\u0131ll\u0131 Rayon \u0130cra Hakimiyy\u0259tinin ba\u015f\u00e7\u0131s\u0131 Nahid Rza o\u011flu Ba\u011f\u0131rova Az\u0259rbaycan Respublikas\u0131n\u0131n \u0259razisind\u0259 koronavirus infeksiyas\u0131n\u0131n (COV\u0130D-19) yay\u0131lmas\u0131n\u0131n qar\u015f\u0131s\u0131n\u0131n al\u0131nmas\u0131 m\u0259qs\u0259dil\u0259 t\u0259tbiq olunmu\u015f x\u00fcsusi karantin rejimi qaydalar\u0131n\u0131 pozdu\u011funa g\u00f6r\u0259 t\u00f6hm\u0259t elan edilir.<\/p>\n","protected":false},"author":2,"featured_media":152468,"comment_status":"closed","ping_status":"closed","sticky":false,"template":"","format":"standard","meta":{"om_disable_all_campaigns":false,"_monsterinsights_skip_tracking":false,"_monsterinsights_sitenote_active":false,"_monsterinsights_sitenote_note":"","_monsterinsights_sitenote_category":0},"categories":[1],"tags":[],"aioseo_notices":[],"gutentor_comment":0,"rttpg_featured_image_url":{"full":["https:\/\/arantv.az\/wp-content\/uploads\/2020\/04\/ilham_aliyev_2020_51-9.jpg",800,600,false],"landscape":["https:\/\/arantv.az\/wp-content\/uploads\/2020\/04\/ilham_aliyev_2020_51-9.jpg",800,600,false],"portraits":["https:\/\/arantv.az\/wp-content\/uploads\/2020\/04\/ilham_aliyev_2020_51-9.jpg",800,600,false],"thumbnail":["https:\/\/arantv.az\/wp-content\/uploads\/2020\/04\/ilham_aliyev_2020_51-9-150x150.jpg",150,150,true],"medium":["https:\/\/arantv.az\/wp-content\/uploads\/2020\/04\/ilham_aliyev_2020_51-9-300x225.jpg",300,225,true],"large":["https:\/\/arantv.az\/wp-content\/uploads\/2020\/04\/ilham_aliyev_2020_51-9.jpg",640,480,false],"1536x1536":["https:\/\/arantv.az\/wp-content\/uploads\/2020\/04\/ilham_aliyev_2020_51-9.jpg",800,600,false],"2048x2048":["https:\/\/arantv.az\/wp-content\/uploads\/2020\/04\/ilham_aliyev_2020_51-9.jpg",800,600,false],"post-thumbnail":["https:\/\/arantv.az\/wp-content\/uploads\/2020\/04\/ilham_aliyev_2020_51-9-240x172.jpg",240,172,true],"advps-thumb-one":["https:\/\/arantv.az\/wp-content\/uploads\/2020\/04\/ilham_aliyev_2020_51-9.jpg",800,600,false]},"rttpg_author":{"display_name":"V\u00fcsal Rafiqo\u011flu","author_link":"https:\/\/arantv.az\/?author=2"},"rttpg_comment":0,"rttpg_category":"<a href=\"https:\/\/arantv.az\/?cat=1\" rel=\"category\">C\u0259miyy\u0259t<\/a>","rttpg_excerpt":"Prezident \u0130lham \u018fliyev Nahid Ba\u011f\u0131rova t\u00f6hm\u0259t elan edilm\u0259si haqq\u0131nda S\u0259r\u0259ncam imzalay\u0131b. ARANTV.AZ\u00a0AZ\u018fRTAC-a istinad\u0259n bildirir ki,\u00a0S\u0259r\u0259ncama \u0259sas\u0259n, \u0130smay\u0131ll\u0131 Rayon \u0130cra Hakimiyy\u0259tinin ba\u015f\u00e7\u0131s\u0131 Nahid Rza o\u011flu Ba\u011f\u0131rova Az\u0259rbaycan Respublikas\u0131n\u0131n \u0259razisind\u0259 koronavirus infeksiyas\u0131n\u0131n (COV\u0130D-19) yay\u0131lmas\u0131n\u0131n qar\u015f\u0131s\u0131n\u0131n al\u0131nmas\u0131 m\u0259qs\u0259dil\u0259 t\u0259tbiq olunmu\u015f x\u00fcsusi karantin rejimi qaydalar\u0131n\u0131 pozdu\u011funa g\u00f6r\u0259 t\u00f6hm\u0259t elan edilir.","_links":{"self":[{"href":"https:\/\/arantv.az\/index.php?rest_route=\/wp\/v2\/posts\/152467"}],"collection":[{"href":"https:\/\/arantv.az\/index.php?rest_route=\/wp\/v2\/posts"}],"about":[{"href":"https:\/\/arantv.az\/index.php?rest_route=\/wp\/v2\/types\/post"}],"author":[{"embeddable":true,"href":"https:\/\/arantv.az\/index.php?rest_route=\/wp\/v2\/users\/2"}],"replies":[{"embeddable":true,"href":"https:\/\/arantv.az\/index.php?rest_route=%2Fwp%2Fv2%2Fcomments&post=152467"}],"version-history":[{"count":0,"href":"https:\/\/arantv.az\/index.php?rest_route=\/wp\/v2\/posts\/152467\/revisions"}],"wp:featuredmedia":[{"embeddable":true,"href":"https:\/\/arantv.az\/index.php?rest_route=\/wp\/v2\/media\/152468"}],"wp:attachment":[{"href":"https:\/\/arantv.az\/index.php?rest_route=%2Fwp%2Fv2%2Fmedia&parent=152467"}],"wp:term":[{"taxonomy":"category","embeddable":true,"href":"https:\/\/arantv.az\/index.php?rest_route=%2Fwp%2Fv2%2Fcategories&post=152467"},{"taxonomy":"post_tag","embeddable":true,"href":"https:\/\/arantv.az\/index.php?rest_route=%2Fwp%2Fv2%2Ftags&post=152467"}],"curies":[{"name":"wp","href":"https:\/\/api.w.org\/{rel}","templated":true}]}}