{"id":152716,"date":"2020-04-22T20:00:25","date_gmt":"2020-04-22T17:00:25","guid":{"rendered":"http:\/\/arantv.az\/?p=152716"},"modified":"2020-04-22T20:00:25","modified_gmt":"2020-04-22T17:00:25","slug":"z%c9%99rdab-rayonunun-80-yasli-sakini-c%c9%99nab-prezident-%c9%99min%c9%99m-ki-xalqimiz-bu-z%c9%99hm%c9%99tinizi-hec-vaxt-unutmayacaq","status":"publish","type":"post","link":"https:\/\/arantv.az\/?p=152716","title":{"rendered":"Z\u0259rdab rayonunun 80 ya\u015fl\u0131 sakini: C\u0259nab Prezident, \u0259min\u0259m ki, xalq\u0131m\u0131z bu z\u0259hm\u0259tinizi he\u00e7 vaxt unutmayacaq"},"content":{"rendered":"<p>Az\u0259rbaycan Prezidenti \u0130lham \u018fliyev\u0259 minn\u0259tdarl\u0131q m\u0259ktubu g\u00f6nd\u0259r\u0259n v\u0259t\u0259nda\u015flar aras\u0131nda Z\u0259rdab rayonunun Qoruqba\u011f\u0131 k\u0259ndinin 80 ya\u015fl\u0131 sakini Mustafa Mustafayev d\u0259 var.<\/p>\n<p>ARANTV.AZ\u00a0<a href=\"http:\/\/azertag.az\/\" target=\"_blank\" rel=\"noopener\">AZ\u018fRTAC<\/a>-a istinad\u0259n bildirir ki,\u00a0o, m\u0259ktubunda yaz\u0131r:<\/p>\n<p>&#8220;H\u00f6rm\u0259tli c\u0259nab Prezident, m\u0259nim 80, h\u0259yat yolda\u015f\u0131m\u0131n is\u0259 68 ya\u015f\u0131 var. Karantin rejimin\u0259 \u0259m\u0259l ed\u0259r\u0259k evd\u0259n \u00e7\u0131xm\u0131r\u0131q. T\u0259qa\u00fcd v\u0259 m\u00fcavin\u0259tl\u0259r alsaq da, he\u00e7 bir maddi s\u0131x\u0131nt\u0131m\u0131z olmasa da, bu g\u00fcnl\u0259rd\u0259 x\u00fcsusi diqq\u0259t v\u0259 qay\u011f\u0131 il\u0259 \u0259hat\u0259 olunmu\u015fuq. Tez-tez \u0259rzaq yard\u0131m\u0131, m\u00fcxt\u0259lif h\u0259diyy\u0259l\u0259r al\u0131r\u0131q. C\u0259nab Prezident, d\u00f6vl\u0259timizin q\u0259rarlar\u0131 bizim \u00fc\u00e7\u00fcn qanundur. Allah tezlikl\u0259 bu b\u0259lan\u0131 \u00f6lk\u0259mizin ba\u015f\u0131n\u0131n \u00fcst\u00fcnd\u0259n yox etsin. Sizin \u0259m\u0259yiniz qar\u015f\u0131s\u0131nda ba\u015f \u0259yir, xalq\u0131m\u0131z\u0131n bu z\u0259hm\u0259tinizi he\u00e7 vaxt unutmayaca\u011f\u0131na \u0259min\u0259m. \u00c7\u00fcnki bilir\u0259m ki, bu \u0259m\u0259yi, bu z\u0259hm\u0259ti unudan Allah\u0131 unudar. Allah Sizi Az\u0259rbaycan xalq\u0131na \u00e7ox g\u00f6rm\u0259sin!&#8221;.<\/p>\n","protected":false},"excerpt":{"rendered":"<p>Az\u0259rbaycan Prezidenti \u0130lham \u018fliyev\u0259 minn\u0259tdarl\u0131q m\u0259ktubu g\u00f6nd\u0259r\u0259n v\u0259t\u0259nda\u015flar aras\u0131nda Z\u0259rdab rayonunun Qoruqba\u011f\u0131 k\u0259ndinin 80 ya\u015fl\u0131 sakini Mustafa Mustafayev d\u0259 var. ARANTV.AZ\u00a0AZ\u018fRTAC-a istinad\u0259n bildirir ki,\u00a0o, m\u0259ktubunda yaz\u0131r: &#8220;H\u00f6rm\u0259tli c\u0259nab Prezident, m\u0259nim 80, h\u0259yat yolda\u015f\u0131m\u0131n is\u0259 68 ya\u015f\u0131 var. Karantin rejimin\u0259 \u0259m\u0259l ed\u0259r\u0259k evd\u0259n \u00e7\u0131xm\u0131r\u0131q. T\u0259qa\u00fcd v\u0259 m\u00fcavin\u0259tl\u0259r alsaq da, he\u00e7 bir maddi s\u0131x\u0131nt\u0131m\u0131z olmasa da, bu g\u00fcnl\u0259rd\u0259 x\u00fcsusi diqq\u0259t v\u0259 qay\u011f\u0131 il\u0259 \u0259hat\u0259 olunmu\u015fuq. Tez-tez \u0259rzaq yard\u0131m\u0131, m\u00fcxt\u0259lif h\u0259diyy\u0259l\u0259r al\u0131r\u0131q. C\u0259nab Prezident, d\u00f6vl\u0259timizin q\u0259rarlar\u0131 bizim \u00fc\u00e7\u00fcn qanundur. Allah tezlikl\u0259 bu b\u0259lan\u0131 \u00f6lk\u0259mizin ba\u015f\u0131n\u0131n \u00fcst\u00fcnd\u0259n yox etsin. Sizin \u0259m\u0259yiniz qar\u015f\u0131s\u0131nda ba\u015f \u0259yir,&hellip;<\/p>\n","protected":false},"author":2,"featured_media":152717,"comment_status":"closed","ping_status":"closed","sticky":false,"template":"","format":"standard","meta":{"om_disable_all_campaigns":false,"_monsterinsights_skip_tracking":false,"_monsterinsights_sitenote_active":false,"_monsterinsights_sitenote_note":"","_monsterinsights_sitenote_category":0},"categories":[19],"tags":[],"aioseo_notices":[],"gutentor_comment":0,"rttpg_featured_image_url":{"full":["https:\/\/arantv.az\/wp-content\/uploads\/2020\/04\/ilham_aliyev_2020_55.jpg",800,600,false],"landscape":["https:\/\/arantv.az\/wp-content\/uploads\/2020\/04\/ilham_aliyev_2020_55.jpg",800,600,false],"portraits":["https:\/\/arantv.az\/wp-content\/uploads\/2020\/04\/ilham_aliyev_2020_55.jpg",800,600,false],"thumbnail":["https:\/\/arantv.az\/wp-content\/uploads\/2020\/04\/ilham_aliyev_2020_55-150x150.jpg",150,150,true],"medium":["https:\/\/arantv.az\/wp-content\/uploads\/2020\/04\/ilham_aliyev_2020_55-300x225.jpg",300,225,true],"large":["https:\/\/arantv.az\/wp-content\/uploads\/2020\/04\/ilham_aliyev_2020_55.jpg",640,480,false],"1536x1536":["https:\/\/arantv.az\/wp-content\/uploads\/2020\/04\/ilham_aliyev_2020_55.jpg",800,600,false],"2048x2048":["https:\/\/arantv.az\/wp-content\/uploads\/2020\/04\/ilham_aliyev_2020_55.jpg",800,600,false],"post-thumbnail":["https:\/\/arantv.az\/wp-content\/uploads\/2020\/04\/ilham_aliyev_2020_55-240x172.jpg",240,172,true],"advps-thumb-one":["https:\/\/arantv.az\/wp-content\/uploads\/2020\/04\/ilham_aliyev_2020_55.jpg",800,600,false]},"rttpg_author":{"display_name":"V\u00fcsal Rafiqo\u011flu","author_link":"https:\/\/arantv.az\/?author=2"},"rttpg_comment":0,"rttpg_category":"<a href=\"https:\/\/arantv.az\/?cat=19\" rel=\"category\">G\u00fcnd\u0259m<\/a>","rttpg_excerpt":"Az\u0259rbaycan Prezidenti \u0130lham \u018fliyev\u0259 minn\u0259tdarl\u0131q m\u0259ktubu g\u00f6nd\u0259r\u0259n v\u0259t\u0259nda\u015flar aras\u0131nda Z\u0259rdab rayonunun Qoruqba\u011f\u0131 k\u0259ndinin 80 ya\u015fl\u0131 sakini Mustafa Mustafayev d\u0259 var. ARANTV.AZ\u00a0AZ\u018fRTAC-a istinad\u0259n bildirir ki,\u00a0o, m\u0259ktubunda yaz\u0131r: &#8220;H\u00f6rm\u0259tli c\u0259nab Prezident, m\u0259nim 80, h\u0259yat yolda\u015f\u0131m\u0131n is\u0259 68 ya\u015f\u0131 var. Karantin rejimin\u0259 \u0259m\u0259l ed\u0259r\u0259k evd\u0259n \u00e7\u0131xm\u0131r\u0131q. T\u0259qa\u00fcd v\u0259 m\u00fcavin\u0259tl\u0259r alsaq da, he\u00e7 bir maddi s\u0131x\u0131nt\u0131m\u0131z olmasa da, bu&hellip;","_links":{"self":[{"href":"https:\/\/arantv.az\/index.php?rest_route=\/wp\/v2\/posts\/152716"}],"collection":[{"href":"https:\/\/arantv.az\/index.php?rest_route=\/wp\/v2\/posts"}],"about":[{"href":"https:\/\/arantv.az\/index.php?rest_route=\/wp\/v2\/types\/post"}],"author":[{"embeddable":true,"href":"https:\/\/arantv.az\/index.php?rest_route=\/wp\/v2\/users\/2"}],"replies":[{"embeddable":true,"href":"https:\/\/arantv.az\/index.php?rest_route=%2Fwp%2Fv2%2Fcomments&post=152716"}],"version-history":[{"count":0,"href":"https:\/\/arantv.az\/index.php?rest_route=\/wp\/v2\/posts\/152716\/revisions"}],"wp:featuredmedia":[{"embeddable":true,"href":"https:\/\/arantv.az\/index.php?rest_route=\/wp\/v2\/media\/152717"}],"wp:attachment":[{"href":"https:\/\/arantv.az\/index.php?rest_route=%2Fwp%2Fv2%2Fmedia&parent=152716"}],"wp:term":[{"taxonomy":"category","embeddable":true,"href":"https:\/\/arantv.az\/index.php?rest_route=%2Fwp%2Fv2%2Fcategories&post=152716"},{"taxonomy":"post_tag","embeddable":true,"href":"https:\/\/arantv.az\/index.php?rest_route=%2Fwp%2Fv2%2Ftags&post=152716"}],"curies":[{"name":"wp","href":"https:\/\/api.w.org\/{rel}","templated":true}]}}