{"id":152720,"date":"2020-04-22T20:01:40","date_gmt":"2020-04-22T17:01:40","guid":{"rendered":"http:\/\/arantv.az\/?p=152720"},"modified":"2020-04-22T20:01:40","modified_gmt":"2020-04-22T17:01:40","slug":"masalli-rayonunun-sakinl%c9%99ri-prezident%c9%99-yazirlar-biz-sizin-q%c9%99tiyy%c9%99tli-addimlarinizi-d%c9%99st%c9%99kl%c9%99yirik","status":"publish","type":"post","link":"https:\/\/arantv.az\/?p=152720","title":{"rendered":"Masall\u0131 rayonunun sakinl\u0259ri Prezident\u0259 yaz\u0131rlar: Biz Sizin q\u0259tiyy\u0259tli add\u0131mlar\u0131n\u0131z\u0131 d\u0259st\u0259kl\u0259yirik"},"content":{"rendered":"<p>M\u00f6ht\u0259r\u0259m c\u0259nab Prezident, Sizi Masall\u0131 rayonunun a\u011fsaqqallar\u0131, ziyal\u0131lar\u0131, ictimai f\u0259allar\u0131 ad\u0131ndan salamlay\u0131r v\u0259 \u0259halinin sosial rifah\u0131 namin\u0259 g\u00f6r\u00fcl\u0259n i\u015fl\u0259ri \u00fcr\u0259kd\u0259n b\u0259y\u0259ndiyimizi b\u0259yan edirik.<\/p>\n<p>ARANTV.AZ\u00a0<a href=\"http:\/\/azertag.az\/\" target=\"_blank\" rel=\"noopener\">AZ\u018fRTAC<\/a>-a istinad\u0259n bildirir ki, bu s\u00f6zl\u0259r Masall\u0131 rayonunun sakinl\u0259ri \u018fl\u0259\u015fr\u0259f Niftiyev v\u0259 F\u00fczuli Abdullayevin m\u0259ktubunda yer al\u0131b.<\/p>\n<p>M\u0259ktubda daha sonra deyilir: &#8220;Siz Az\u0259rbaycan\u0131m\u0131z\u0131n xilaskar\u0131 Heyd\u0259r \u018fliyevin yolu il\u0259 ged\u0259r\u0259k \u00f6lk\u0259mizi daim t\u0259r\u0259qqiy\u0259 do\u011fru apar\u0131rs\u0131n\u0131z. Siz d\u00fcnyan\u0131 b\u00fcr\u00fcy\u0259n amans\u0131z d\u00fc\u015fm\u0259n &#8211; koronavirusa qar\u015f\u0131 uzaqg\u00f6r\u0259n siyas\u0259tinizl\u0259 bu xilaskarl\u0131q missiyas\u0131n\u0131 davam etdirirsiniz. C\u0259nab Prezident, Siz daim xalqla birlikd\u0259siniz, xalq\u0131m\u0131z da \u00e7a\u011f\u0131r\u0131\u015flar\u0131n\u0131za, t\u00f6vsiy\u0259l\u0259riniz\u0259 \u0259m\u0259l edir. \u00c7\u00fcnki bilirik ki, Sizin yolunuz nicat yoludur. Biz Sizin q\u0259tiyy\u0259tli add\u0131mlar\u0131n\u0131z\u0131 d\u0259st\u0259kl\u0259yirik v\u0259 tezlikl\u0259 pandemiya \u00fcz\u0259rind\u0259 q\u0259l\u0259b\u0259 qazanaca\u011f\u0131n\u0131za \u0259minik&#8221;.<\/p>\n","protected":false},"excerpt":{"rendered":"<p>M\u00f6ht\u0259r\u0259m c\u0259nab Prezident, Sizi Masall\u0131 rayonunun a\u011fsaqqallar\u0131, ziyal\u0131lar\u0131, ictimai f\u0259allar\u0131 ad\u0131ndan salamlay\u0131r v\u0259 \u0259halinin sosial rifah\u0131 namin\u0259 g\u00f6r\u00fcl\u0259n i\u015fl\u0259ri \u00fcr\u0259kd\u0259n b\u0259y\u0259ndiyimizi b\u0259yan edirik. ARANTV.AZ\u00a0AZ\u018fRTAC-a istinad\u0259n bildirir ki, bu s\u00f6zl\u0259r Masall\u0131 rayonunun sakinl\u0259ri \u018fl\u0259\u015fr\u0259f Niftiyev v\u0259 F\u00fczuli Abdullayevin m\u0259ktubunda yer al\u0131b. M\u0259ktubda daha sonra deyilir: &#8220;Siz Az\u0259rbaycan\u0131m\u0131z\u0131n xilaskar\u0131 Heyd\u0259r \u018fliyevin yolu il\u0259 ged\u0259r\u0259k \u00f6lk\u0259mizi daim t\u0259r\u0259qqiy\u0259 do\u011fru apar\u0131rs\u0131n\u0131z. Siz d\u00fcnyan\u0131 b\u00fcr\u00fcy\u0259n amans\u0131z d\u00fc\u015fm\u0259n &#8211; koronavirusa qar\u015f\u0131 uzaqg\u00f6r\u0259n siyas\u0259tinizl\u0259 bu xilaskarl\u0131q missiyas\u0131n\u0131 davam etdirirsiniz. C\u0259nab Prezident, Siz daim xalqla birlikd\u0259siniz, xalq\u0131m\u0131z da \u00e7a\u011f\u0131r\u0131\u015flar\u0131n\u0131za, t\u00f6vsiy\u0259l\u0259riniz\u0259 \u0259m\u0259l edir. \u00c7\u00fcnki bilirik ki, Sizin yolunuz nicat&hellip;<\/p>\n","protected":false},"author":2,"featured_media":152721,"comment_status":"closed","ping_status":"closed","sticky":false,"template":"","format":"standard","meta":{"om_disable_all_campaigns":false,"_monsterinsights_skip_tracking":false,"_monsterinsights_sitenote_active":false,"_monsterinsights_sitenote_note":"","_monsterinsights_sitenote_category":0},"categories":[1],"tags":[],"aioseo_notices":[],"gutentor_comment":0,"rttpg_featured_image_url":{"full":["https:\/\/arantv.az\/wp-content\/uploads\/2020\/04\/ilham_aliyev_2020_54-2.jpg",800,600,false],"landscape":["https:\/\/arantv.az\/wp-content\/uploads\/2020\/04\/ilham_aliyev_2020_54-2.jpg",800,600,false],"portraits":["https:\/\/arantv.az\/wp-content\/uploads\/2020\/04\/ilham_aliyev_2020_54-2.jpg",800,600,false],"thumbnail":["https:\/\/arantv.az\/wp-content\/uploads\/2020\/04\/ilham_aliyev_2020_54-2-150x150.jpg",150,150,true],"medium":["https:\/\/arantv.az\/wp-content\/uploads\/2020\/04\/ilham_aliyev_2020_54-2-300x225.jpg",300,225,true],"large":["https:\/\/arantv.az\/wp-content\/uploads\/2020\/04\/ilham_aliyev_2020_54-2.jpg",640,480,false],"1536x1536":["https:\/\/arantv.az\/wp-content\/uploads\/2020\/04\/ilham_aliyev_2020_54-2.jpg",800,600,false],"2048x2048":["https:\/\/arantv.az\/wp-content\/uploads\/2020\/04\/ilham_aliyev_2020_54-2.jpg",800,600,false],"post-thumbnail":["https:\/\/arantv.az\/wp-content\/uploads\/2020\/04\/ilham_aliyev_2020_54-2-240x172.jpg",240,172,true],"advps-thumb-one":["https:\/\/arantv.az\/wp-content\/uploads\/2020\/04\/ilham_aliyev_2020_54-2.jpg",800,600,false]},"rttpg_author":{"display_name":"V\u00fcsal Rafiqo\u011flu","author_link":"https:\/\/arantv.az\/?author=2"},"rttpg_comment":0,"rttpg_category":"<a href=\"https:\/\/arantv.az\/?cat=1\" rel=\"category\">C\u0259miyy\u0259t<\/a>","rttpg_excerpt":"M\u00f6ht\u0259r\u0259m c\u0259nab Prezident, Sizi Masall\u0131 rayonunun a\u011fsaqqallar\u0131, ziyal\u0131lar\u0131, ictimai f\u0259allar\u0131 ad\u0131ndan salamlay\u0131r v\u0259 \u0259halinin sosial rifah\u0131 namin\u0259 g\u00f6r\u00fcl\u0259n i\u015fl\u0259ri \u00fcr\u0259kd\u0259n b\u0259y\u0259ndiyimizi b\u0259yan edirik. ARANTV.AZ\u00a0AZ\u018fRTAC-a istinad\u0259n bildirir ki, bu s\u00f6zl\u0259r Masall\u0131 rayonunun sakinl\u0259ri \u018fl\u0259\u015fr\u0259f Niftiyev v\u0259 F\u00fczuli Abdullayevin m\u0259ktubunda yer al\u0131b. M\u0259ktubda daha sonra deyilir: &#8220;Siz Az\u0259rbaycan\u0131m\u0131z\u0131n xilaskar\u0131 Heyd\u0259r \u018fliyevin yolu il\u0259 ged\u0259r\u0259k \u00f6lk\u0259mizi daim t\u0259r\u0259qqiy\u0259&hellip;","_links":{"self":[{"href":"https:\/\/arantv.az\/index.php?rest_route=\/wp\/v2\/posts\/152720"}],"collection":[{"href":"https:\/\/arantv.az\/index.php?rest_route=\/wp\/v2\/posts"}],"about":[{"href":"https:\/\/arantv.az\/index.php?rest_route=\/wp\/v2\/types\/post"}],"author":[{"embeddable":true,"href":"https:\/\/arantv.az\/index.php?rest_route=\/wp\/v2\/users\/2"}],"replies":[{"embeddable":true,"href":"https:\/\/arantv.az\/index.php?rest_route=%2Fwp%2Fv2%2Fcomments&post=152720"}],"version-history":[{"count":0,"href":"https:\/\/arantv.az\/index.php?rest_route=\/wp\/v2\/posts\/152720\/revisions"}],"wp:featuredmedia":[{"embeddable":true,"href":"https:\/\/arantv.az\/index.php?rest_route=\/wp\/v2\/media\/152721"}],"wp:attachment":[{"href":"https:\/\/arantv.az\/index.php?rest_route=%2Fwp%2Fv2%2Fmedia&parent=152720"}],"wp:term":[{"taxonomy":"category","embeddable":true,"href":"https:\/\/arantv.az\/index.php?rest_route=%2Fwp%2Fv2%2Fcategories&post=152720"},{"taxonomy":"post_tag","embeddable":true,"href":"https:\/\/arantv.az\/index.php?rest_route=%2Fwp%2Fv2%2Ftags&post=152720"}],"curies":[{"name":"wp","href":"https:\/\/api.w.org\/{rel}","templated":true}]}}