{"id":152724,"date":"2020-04-22T20:02:52","date_gmt":"2020-04-22T17:02:52","guid":{"rendered":"http:\/\/arantv.az\/?p=152724"},"modified":"2020-04-22T20:02:52","modified_gmt":"2020-04-22T17:02:52","slug":"zaqatala-sakini-c%c9%99nab-prezident-h%c9%99r-zaman-c%c9%99tin-m%c9%99qamlarda-v%c9%99t%c9%99ndaslarin-yaninda-oldugunuzu-bir-daha-subut-etdiniz","status":"publish","type":"post","link":"https:\/\/arantv.az\/?p=152724","title":{"rendered":"Zaqatala sakini: C\u0259nab Prezident, h\u0259r zaman \u00e7\u0259tin m\u0259qamlarda v\u0259t\u0259nda\u015flar\u0131n yan\u0131nda oldu\u011funuzu bir daha s\u00fcbut etdiniz"},"content":{"rendered":"<p>Zaqatala rayonunun sakini Famil R\u0259himov Prezident \u0130lham \u018fliyev\u0259 minn\u0259tdarl\u0131q m\u0259ktubunda d\u00f6vl\u0259timizin ba\u015f\u00e7\u0131s\u0131n\u0131n h\u0259r bir yax\u015f\u0131 v\u0259 \u00e7\u0259tin g\u00fcnd\u0259 xalq\u0131m\u0131z\u0131n, o c\u00fcml\u0259d\u0259n g\u0259ncl\u0259rimizin yan\u0131nda oldu\u011funu qeyd edir.<\/p>\n<p>ARANTV.AZ AZ\u018fRTAC-a istinad\u0259n bildirir ki, F.R\u0259himov m\u0259ktubunda yaz\u0131r:<\/p>\n<p>&#8220;\u018fziz v\u0259 h\u00f6rm\u0259tli Prezidentimiz, h\u0259r bir yax\u015f\u0131 v\u0259 \u00e7\u0259tin g\u00fcnd\u0259 Siz xalq\u0131m\u0131z\u0131n, g\u0259ncl\u0259rimizin yan\u0131nda olmusunuz v\u0259 h\u0259r zaman Az\u0259rbaycan xalq\u0131n\u0131n sa\u011flaml\u0131\u011f\u0131n\u0131, t\u0259hl\u00fck\u0259sizliyini d\u00fc\u015f\u00fcn\u00fcrs\u00fcn\u00fcz. Sizin xalq\u0131m\u0131za etdiyiniz m\u00fcraci\u0259tl\u0259r bizd\u0259 y\u00fcks\u0259k \u0259hvali-ruhiyy\u0259 yarad\u0131r. Bu g\u0259rgin v\u0259 m\u0259suliyy\u0259tli g\u00fcnl\u0259rd\u0259 etdiyiniz &#8220;Biz birlikd\u0259 g\u00fccl\u00fcy\u00fck!&#8221; \u00e7a\u011f\u0131r\u0131\u015f\u0131n\u0131 biz Zaqatala rayonunun g\u0259ncl\u0259ri yekdillikl\u0259 d\u0259st\u0259kl\u0259yirik. T\u0259r\u0259finizd\u0259n koronavirus pandemiyas\u0131 il\u0259 ba\u011fl\u0131 g\u00f6r\u00fcl\u0259n b\u00fct\u00fcn t\u0259dbirl\u0259r\u0259, v\u0259t\u0259nda\u015flar\u0131n sa\u011flaml\u0131\u011f\u0131na v\u0259 sosial rifah\u0131na g\u00f6st\u0259rdiyiniz y\u00fcks\u0259k diqq\u0259t v\u0259 qay\u011f\u0131ya g\u00f6r\u0259 Siz\u0259 t\u0259\u015f\u0259kk\u00fcr edirik. H\u0259r zaman \u00e7\u0259tin m\u0259qamlarda \u00f6lk\u0259 v\u0259t\u0259nda\u015flar\u0131n\u0131n yan\u0131nda oldu\u011funuzu bir daha s\u00fcbut etdiniz. Sizin siyas\u0259tinizin \u0259sas\u0131nda Az\u0259rbaycan xalq\u0131 v\u0259 onun rifah\u0131 dayan\u0131r. Bu g\u00fcn biz inamla v\u0259 f\u0259xrl\u0259 dey\u0259 bil\u0259rik ki, \u00fcmummilli lider Heyd\u0259r \u018fliyevin qurdu\u011fu, c\u0259nab Prezidentimizin inki\u015faf etdirdiyi q\u00fcdr\u0259tli v\u0259 m\u00fcst\u0259qil Az\u0259rbaycan\u0131n v\u0259t\u0259nda\u015f\u0131y\u0131q. Zaqatala rayon g\u0259ncl\u0259ri ad\u0131ndan xalq\u0131m\u0131z\u0131n, g\u0259l\u0259c\u0259k n\u0259sill\u0259rin xo\u015fb\u0259xtliyi namin\u0259 f\u0259aliyy\u0259tinizd\u0259 Siz\u0259 v\u0259 ail\u0259niz\u0259 cansa\u011fl\u0131\u011f\u0131 v\u0259 uzun \u00f6m\u00fcr arzulay\u0131ram&#8221;.<\/p>\n","protected":false},"excerpt":{"rendered":"<p>Zaqatala rayonunun sakini Famil R\u0259himov Prezident \u0130lham \u018fliyev\u0259 minn\u0259tdarl\u0131q m\u0259ktubunda d\u00f6vl\u0259timizin ba\u015f\u00e7\u0131s\u0131n\u0131n h\u0259r bir yax\u015f\u0131 v\u0259 \u00e7\u0259tin g\u00fcnd\u0259 xalq\u0131m\u0131z\u0131n, o c\u00fcml\u0259d\u0259n g\u0259ncl\u0259rimizin yan\u0131nda oldu\u011funu qeyd edir. ARANTV.AZ AZ\u018fRTAC-a istinad\u0259n bildirir ki, F.R\u0259himov m\u0259ktubunda yaz\u0131r: &#8220;\u018fziz v\u0259 h\u00f6rm\u0259tli Prezidentimiz, h\u0259r bir yax\u015f\u0131 v\u0259 \u00e7\u0259tin g\u00fcnd\u0259 Siz xalq\u0131m\u0131z\u0131n, g\u0259ncl\u0259rimizin yan\u0131nda olmusunuz v\u0259 h\u0259r zaman Az\u0259rbaycan xalq\u0131n\u0131n sa\u011flaml\u0131\u011f\u0131n\u0131, t\u0259hl\u00fck\u0259sizliyini d\u00fc\u015f\u00fcn\u00fcrs\u00fcn\u00fcz. Sizin xalq\u0131m\u0131za etdiyiniz m\u00fcraci\u0259tl\u0259r bizd\u0259 y\u00fcks\u0259k \u0259hvali-ruhiyy\u0259 yarad\u0131r. Bu g\u0259rgin v\u0259 m\u0259suliyy\u0259tli g\u00fcnl\u0259rd\u0259 etdiyiniz &#8220;Biz birlikd\u0259 g\u00fccl\u00fcy\u00fck!&#8221; \u00e7a\u011f\u0131r\u0131\u015f\u0131n\u0131 biz Zaqatala rayonunun g\u0259ncl\u0259ri yekdillikl\u0259 d\u0259st\u0259kl\u0259yirik. T\u0259r\u0259finizd\u0259n koronavirus pandemiyas\u0131 il\u0259 ba\u011fl\u0131 g\u00f6r\u00fcl\u0259n b\u00fct\u00fcn t\u0259dbirl\u0259r\u0259, v\u0259t\u0259nda\u015flar\u0131n&hellip;<\/p>\n","protected":false},"author":2,"featured_media":152725,"comment_status":"closed","ping_status":"closed","sticky":false,"template":"","format":"standard","meta":{"om_disable_all_campaigns":false,"_monsterinsights_skip_tracking":false,"_monsterinsights_sitenote_active":false,"_monsterinsights_sitenote_note":"","_monsterinsights_sitenote_category":0},"categories":[19],"tags":[],"aioseo_notices":[],"gutentor_comment":0,"rttpg_featured_image_url":{"full":["https:\/\/arantv.az\/wp-content\/uploads\/2020\/04\/ilham_aliyev_2020_53-5.jpg",800,600,false],"landscape":["https:\/\/arantv.az\/wp-content\/uploads\/2020\/04\/ilham_aliyev_2020_53-5.jpg",800,600,false],"portraits":["https:\/\/arantv.az\/wp-content\/uploads\/2020\/04\/ilham_aliyev_2020_53-5.jpg",800,600,false],"thumbnail":["https:\/\/arantv.az\/wp-content\/uploads\/2020\/04\/ilham_aliyev_2020_53-5-150x150.jpg",150,150,true],"medium":["https:\/\/arantv.az\/wp-content\/uploads\/2020\/04\/ilham_aliyev_2020_53-5-300x225.jpg",300,225,true],"large":["https:\/\/arantv.az\/wp-content\/uploads\/2020\/04\/ilham_aliyev_2020_53-5.jpg",640,480,false],"1536x1536":["https:\/\/arantv.az\/wp-content\/uploads\/2020\/04\/ilham_aliyev_2020_53-5.jpg",800,600,false],"2048x2048":["https:\/\/arantv.az\/wp-content\/uploads\/2020\/04\/ilham_aliyev_2020_53-5.jpg",800,600,false],"post-thumbnail":["https:\/\/arantv.az\/wp-content\/uploads\/2020\/04\/ilham_aliyev_2020_53-5-240x172.jpg",240,172,true],"advps-thumb-one":["https:\/\/arantv.az\/wp-content\/uploads\/2020\/04\/ilham_aliyev_2020_53-5.jpg",800,600,false]},"rttpg_author":{"display_name":"V\u00fcsal Rafiqo\u011flu","author_link":"https:\/\/arantv.az\/?author=2"},"rttpg_comment":0,"rttpg_category":"<a href=\"https:\/\/arantv.az\/?cat=19\" rel=\"category\">G\u00fcnd\u0259m<\/a>","rttpg_excerpt":"Zaqatala rayonunun sakini Famil R\u0259himov Prezident \u0130lham \u018fliyev\u0259 minn\u0259tdarl\u0131q m\u0259ktubunda d\u00f6vl\u0259timizin ba\u015f\u00e7\u0131s\u0131n\u0131n h\u0259r bir yax\u015f\u0131 v\u0259 \u00e7\u0259tin g\u00fcnd\u0259 xalq\u0131m\u0131z\u0131n, o c\u00fcml\u0259d\u0259n g\u0259ncl\u0259rimizin yan\u0131nda oldu\u011funu qeyd edir. ARANTV.AZ AZ\u018fRTAC-a istinad\u0259n bildirir ki, F.R\u0259himov m\u0259ktubunda yaz\u0131r: &#8220;\u018fziz v\u0259 h\u00f6rm\u0259tli Prezidentimiz, h\u0259r bir yax\u015f\u0131 v\u0259 \u00e7\u0259tin g\u00fcnd\u0259 Siz xalq\u0131m\u0131z\u0131n, g\u0259ncl\u0259rimizin yan\u0131nda olmusunuz v\u0259 h\u0259r zaman Az\u0259rbaycan xalq\u0131n\u0131n sa\u011flaml\u0131\u011f\u0131n\u0131,&hellip;","_links":{"self":[{"href":"https:\/\/arantv.az\/index.php?rest_route=\/wp\/v2\/posts\/152724"}],"collection":[{"href":"https:\/\/arantv.az\/index.php?rest_route=\/wp\/v2\/posts"}],"about":[{"href":"https:\/\/arantv.az\/index.php?rest_route=\/wp\/v2\/types\/post"}],"author":[{"embeddable":true,"href":"https:\/\/arantv.az\/index.php?rest_route=\/wp\/v2\/users\/2"}],"replies":[{"embeddable":true,"href":"https:\/\/arantv.az\/index.php?rest_route=%2Fwp%2Fv2%2Fcomments&post=152724"}],"version-history":[{"count":0,"href":"https:\/\/arantv.az\/index.php?rest_route=\/wp\/v2\/posts\/152724\/revisions"}],"wp:featuredmedia":[{"embeddable":true,"href":"https:\/\/arantv.az\/index.php?rest_route=\/wp\/v2\/media\/152725"}],"wp:attachment":[{"href":"https:\/\/arantv.az\/index.php?rest_route=%2Fwp%2Fv2%2Fmedia&parent=152724"}],"wp:term":[{"taxonomy":"category","embeddable":true,"href":"https:\/\/arantv.az\/index.php?rest_route=%2Fwp%2Fv2%2Fcategories&post=152724"},{"taxonomy":"post_tag","embeddable":true,"href":"https:\/\/arantv.az\/index.php?rest_route=%2Fwp%2Fv2%2Ftags&post=152724"}],"curies":[{"name":"wp","href":"https:\/\/api.w.org\/{rel}","templated":true}]}}