{"id":152728,"date":"2020-04-22T20:04:07","date_gmt":"2020-04-22T17:04:07","guid":{"rendered":"http:\/\/arantv.az\/?p=152728"},"modified":"2020-04-22T20:04:07","modified_gmt":"2020-04-22T17:04:07","slug":"unec-in-t%c9%99l%c9%99b%c9%99si-biz-cox-xosb%c9%99xt-xalqiq-ki-sizin-kimi-boyuk-liderimiz-var","status":"publish","type":"post","link":"https:\/\/arantv.az\/?p=152728","title":{"rendered":"UNEC-in t\u0259l\u0259b\u0259si: Biz \u00e7ox xo\u015fb\u0259xt xalq\u0131q ki, Sizin kimi b\u00f6y\u00fck liderimiz var"},"content":{"rendered":"<p>C\u0259nab Prezident, \u0259minik ki, Sizin u\u011furlu v\u0259 d\u00fc\u015f\u00fcn\u00fclm\u00fc\u015f siyas\u0259tiniz biz az\u0259rbaycanl\u0131lara b\u00fct\u00fcn \u00e7\u0259tin s\u0131naqlardan \u00e7\u0131xma\u011fa k\u00f6m\u0259k ed\u0259c\u0259k.<\/p>\n<p>ARANTV.AZ\u00a0<a href=\"http:\/\/azertag.az\/\" target=\"_blank\" rel=\"noopener\">AZ\u018fRTAC<\/a>-a istinad\u0259n bildirir ki, bu fikir Az\u0259rbaycan D\u00f6vl\u0259t \u0130qtisad Universitetinin t\u0259l\u0259b\u0259si, &#8220;UNEC K\u00f6n\u00fcll\u00fcl\u0259ri&#8221; T\u0259\u015fkilat\u0131n\u0131n s\u0259dri Orxan V\u0259liyevin Prezident \u0130lham \u018fliyev\u0259 m\u0259ktubunda yer al\u0131b.<\/p>\n<p>M\u0259ktubda deyilir: &#8220;M\u00f6ht\u0259r\u0259m c\u0259nab Prezident, m\u0259n bir az\u0259rbaycanl\u0131 g\u0259nc t\u0259l\u0259b\u0259 kimi bu m\u0259ktubu yazma\u011f\u0131 \u00f6z\u00fcm\u0259 borc bildim. H\u0259r \u015feyd\u0259n \u0259vv\u0259l onu bildirim ki, biz Az\u0259rbaycan g\u0259ncl\u0259ri, eyni zamanda, b\u00fct\u00fcn Az\u0259rbaycan v\u0259t\u0259nda\u015flar\u0131 Sizinl\u0259 q\u00fcrur duyuruq. Biz h\u0259r zaman Sizin b\u00fct\u00fcn q\u0259rarlar\u0131n\u0131z\u0131 d\u0259st\u0259kl\u0259yir v\u0259 f\u0259aliyy\u0259timizd\u0259 onlar\u0131 r\u0259hb\u0259r tutaraq add\u0131m at\u0131r\u0131q. Biz bilirik ki, h\u0259r zaman bizim arxam\u0131zda Sizin kimi liderimiz dayan\u0131b. \u018fminik ki, Sizin u\u011furlu v\u0259 d\u00fc\u015f\u00fcn\u00fclm\u00fc\u015f siyas\u0259tiniz biz az\u0259rbaycanl\u0131lara b\u00fct\u00fcn \u00e7\u0259tin s\u0131naqlardan \u00e7\u0131xma\u011fa k\u00f6m\u0259k ed\u0259c\u0259kdir. M\u0259n \u015f\u0259xs\u0259n \u00f6z ad\u0131mdan v\u0259 t\u0259hsil ald\u0131\u011f\u0131m Az\u0259rbaycan D\u00f6vl\u0259t \u0130qtisad Universitetinin t\u0259l\u0259b\u0259l\u0259ri ad\u0131ndan Siz\u0259 d\u0259rin minn\u0259tdarl\u0131\u011f\u0131m\u0131 bildirir\u0259m. M\u0259lumdur ki, d\u00fcnyan\u0131 c\u0259ngin\u0259 alm\u0131\u015f yeni n\u00f6v koronavirus pandemiyas\u0131 Az\u0259rbaycan\u0131m\u0131zdan da yan ke\u00e7m\u0259mi\u015fdir. Lakin biz \u00e7ox xo\u015fb\u0259xt xalq\u0131q ki, Sizin kimi b\u00f6y\u00fck liderimiz var. D\u00fcnyan\u0131n bir \u00e7ox inki\u015faf etmi\u015f \u00f6lk\u0259l\u0259ri bu virusun qurban\u0131na \u00e7evrils\u0259 d\u0259 dey\u0259 bil\u0259rik ki, Az\u0259rbaycan bu g\u00fcn tale \u0259h\u0259miyy\u0259tli s\u0131naqdan u\u011furla \u00e7\u0131xmaqdad\u0131r. T\u0259bii ki, bu Sizin uzaqg\u00f6r\u0259n siyas\u0259tinizin u\u011furlu n\u0259tic\u0259sidir. C\u0259nab Prezident, Siz\u0259, h\u0259r zaman xalq\u0131n\u0131z\u0131n yan\u0131nda oldu\u011funuz \u00fc\u00e7\u00fcn, b\u00fct\u00fcn g\u0259ncl\u0259r ad\u0131ndan t\u0259\u015f\u0259kk\u00fcr\u00fcm\u00fc bildirir\u0259m. Var olun! Allah Sizi xalq\u0131m\u0131za \u00e7ox g\u00f6rm\u0259sin. Siz d\u00fcnya liderl\u0259rinin aras\u0131nda \u0259v\u0259zolunmazs\u0131n\u0131z v\u0259 biz g\u0259ncl\u0259rin ideal\u0131s\u0131n\u0131z. Biz Sizinl\u0259 f\u0259xr edirik&#8221;.<\/p>\n","protected":false},"excerpt":{"rendered":"<p>C\u0259nab Prezident, \u0259minik ki, Sizin u\u011furlu v\u0259 d\u00fc\u015f\u00fcn\u00fclm\u00fc\u015f siyas\u0259tiniz biz az\u0259rbaycanl\u0131lara b\u00fct\u00fcn \u00e7\u0259tin s\u0131naqlardan \u00e7\u0131xma\u011fa k\u00f6m\u0259k ed\u0259c\u0259k. ARANTV.AZ\u00a0AZ\u018fRTAC-a istinad\u0259n bildirir ki, bu fikir Az\u0259rbaycan D\u00f6vl\u0259t \u0130qtisad Universitetinin t\u0259l\u0259b\u0259si, &#8220;UNEC K\u00f6n\u00fcll\u00fcl\u0259ri&#8221; T\u0259\u015fkilat\u0131n\u0131n s\u0259dri Orxan V\u0259liyevin Prezident \u0130lham \u018fliyev\u0259 m\u0259ktubunda yer al\u0131b. M\u0259ktubda deyilir: &#8220;M\u00f6ht\u0259r\u0259m c\u0259nab Prezident, m\u0259n bir az\u0259rbaycanl\u0131 g\u0259nc t\u0259l\u0259b\u0259 kimi bu m\u0259ktubu yazma\u011f\u0131 \u00f6z\u00fcm\u0259 borc bildim. H\u0259r \u015feyd\u0259n \u0259vv\u0259l onu bildirim ki, biz Az\u0259rbaycan g\u0259ncl\u0259ri, eyni zamanda, b\u00fct\u00fcn Az\u0259rbaycan v\u0259t\u0259nda\u015flar\u0131 Sizinl\u0259 q\u00fcrur duyuruq. Biz h\u0259r zaman Sizin b\u00fct\u00fcn q\u0259rarlar\u0131n\u0131z\u0131 d\u0259st\u0259kl\u0259yir v\u0259 f\u0259aliyy\u0259timizd\u0259 onlar\u0131 r\u0259hb\u0259r tutaraq add\u0131m at\u0131r\u0131q. Biz bilirik&hellip;<\/p>\n","protected":false},"author":2,"featured_media":152729,"comment_status":"closed","ping_status":"closed","sticky":false,"template":"","format":"standard","meta":{"om_disable_all_campaigns":false,"_monsterinsights_skip_tracking":false,"_monsterinsights_sitenote_active":false,"_monsterinsights_sitenote_note":"","_monsterinsights_sitenote_category":0},"categories":[19],"tags":[],"aioseo_notices":[],"gutentor_comment":0,"rttpg_featured_image_url":{"full":["https:\/\/arantv.az\/wp-content\/uploads\/2020\/04\/ilham_aliyev_2020_56-2.jpg",800,600,false],"landscape":["https:\/\/arantv.az\/wp-content\/uploads\/2020\/04\/ilham_aliyev_2020_56-2.jpg",800,600,false],"portraits":["https:\/\/arantv.az\/wp-content\/uploads\/2020\/04\/ilham_aliyev_2020_56-2.jpg",800,600,false],"thumbnail":["https:\/\/arantv.az\/wp-content\/uploads\/2020\/04\/ilham_aliyev_2020_56-2-150x150.jpg",150,150,true],"medium":["https:\/\/arantv.az\/wp-content\/uploads\/2020\/04\/ilham_aliyev_2020_56-2-300x225.jpg",300,225,true],"large":["https:\/\/arantv.az\/wp-content\/uploads\/2020\/04\/ilham_aliyev_2020_56-2.jpg",640,480,false],"1536x1536":["https:\/\/arantv.az\/wp-content\/uploads\/2020\/04\/ilham_aliyev_2020_56-2.jpg",800,600,false],"2048x2048":["https:\/\/arantv.az\/wp-content\/uploads\/2020\/04\/ilham_aliyev_2020_56-2.jpg",800,600,false],"post-thumbnail":["https:\/\/arantv.az\/wp-content\/uploads\/2020\/04\/ilham_aliyev_2020_56-2-240x172.jpg",240,172,true],"advps-thumb-one":["https:\/\/arantv.az\/wp-content\/uploads\/2020\/04\/ilham_aliyev_2020_56-2.jpg",800,600,false]},"rttpg_author":{"display_name":"V\u00fcsal Rafiqo\u011flu","author_link":"https:\/\/arantv.az\/?author=2"},"rttpg_comment":0,"rttpg_category":"<a href=\"https:\/\/arantv.az\/?cat=19\" rel=\"category\">G\u00fcnd\u0259m<\/a>","rttpg_excerpt":"C\u0259nab Prezident, \u0259minik ki, Sizin u\u011furlu v\u0259 d\u00fc\u015f\u00fcn\u00fclm\u00fc\u015f siyas\u0259tiniz biz az\u0259rbaycanl\u0131lara b\u00fct\u00fcn \u00e7\u0259tin s\u0131naqlardan \u00e7\u0131xma\u011fa k\u00f6m\u0259k ed\u0259c\u0259k. ARANTV.AZ\u00a0AZ\u018fRTAC-a istinad\u0259n bildirir ki, bu fikir Az\u0259rbaycan D\u00f6vl\u0259t \u0130qtisad Universitetinin t\u0259l\u0259b\u0259si, &#8220;UNEC K\u00f6n\u00fcll\u00fcl\u0259ri&#8221; T\u0259\u015fkilat\u0131n\u0131n s\u0259dri Orxan V\u0259liyevin Prezident \u0130lham \u018fliyev\u0259 m\u0259ktubunda yer al\u0131b. M\u0259ktubda deyilir: &#8220;M\u00f6ht\u0259r\u0259m c\u0259nab Prezident, m\u0259n bir az\u0259rbaycanl\u0131 g\u0259nc t\u0259l\u0259b\u0259 kimi bu m\u0259ktubu yazma\u011f\u0131 \u00f6z\u00fcm\u0259&hellip;","_links":{"self":[{"href":"https:\/\/arantv.az\/index.php?rest_route=\/wp\/v2\/posts\/152728"}],"collection":[{"href":"https:\/\/arantv.az\/index.php?rest_route=\/wp\/v2\/posts"}],"about":[{"href":"https:\/\/arantv.az\/index.php?rest_route=\/wp\/v2\/types\/post"}],"author":[{"embeddable":true,"href":"https:\/\/arantv.az\/index.php?rest_route=\/wp\/v2\/users\/2"}],"replies":[{"embeddable":true,"href":"https:\/\/arantv.az\/index.php?rest_route=%2Fwp%2Fv2%2Fcomments&post=152728"}],"version-history":[{"count":0,"href":"https:\/\/arantv.az\/index.php?rest_route=\/wp\/v2\/posts\/152728\/revisions"}],"wp:featuredmedia":[{"embeddable":true,"href":"https:\/\/arantv.az\/index.php?rest_route=\/wp\/v2\/media\/152729"}],"wp:attachment":[{"href":"https:\/\/arantv.az\/index.php?rest_route=%2Fwp%2Fv2%2Fmedia&parent=152728"}],"wp:term":[{"taxonomy":"category","embeddable":true,"href":"https:\/\/arantv.az\/index.php?rest_route=%2Fwp%2Fv2%2Fcategories&post=152728"},{"taxonomy":"post_tag","embeddable":true,"href":"https:\/\/arantv.az\/index.php?rest_route=%2Fwp%2Fv2%2Ftags&post=152728"}],"curies":[{"name":"wp","href":"https:\/\/api.w.org\/{rel}","templated":true}]}}