{"id":152732,"date":"2020-04-22T20:05:05","date_gmt":"2020-04-22T17:05:05","guid":{"rendered":"http:\/\/arantv.az\/?p=152732"},"modified":"2020-04-22T20:05:05","modified_gmt":"2020-04-22T17:05:05","slug":"qarabagin-az%c9%99rbaycanli-icmasinin-r%c9%99hb%c9%99ri-abs-in-numay%c9%99nd%c9%99l%c9%99r-palatasina-m%c9%99ktub-gond%c9%99rib","status":"publish","type":"post","link":"https:\/\/arantv.az\/?p=152732","title":{"rendered":"Qaraba\u011f\u0131n az\u0259rbaycanl\u0131 icmas\u0131n\u0131n r\u0259hb\u0259ri AB\u015e-\u0131n N\u00fcmay\u0259nd\u0259l\u0259r Palatas\u0131na m\u0259ktub g\u00f6nd\u0259rib"},"content":{"rendered":"<p>Az\u0259rbaycan Respublikas\u0131n\u0131n Da\u011fl\u0131q Qaraba\u011f b\u00f6lg\u0259sinin az\u0259rbaycanl\u0131 icmas\u0131n\u0131n r\u0259hb\u0259ri, mill\u0259t v\u0259kili Tural G\u0259nc\u0259liyev Amerika Birl\u0259\u015fmi\u015f \u015etatlar\u0131 N\u00fcmay\u0259nd\u0259l\u0259r Palatas\u0131na m\u0259ktub g\u00f6nd\u0259rib. M\u0259ktubu diqq\u0259tiniz\u0259 t\u0259qdim edirik.<\/p>\n<p>ARANTV.AZ\u00a0<a href=\"http:\/\/az.trend.az\/\" target=\"_blank\" rel=\"noopener\">Trend<\/a>-\u0259 istinad\u0259n bildirir ki, m\u0259ktubda deyilir:<\/p>\n<p>&#8220;H\u00f6rm\u0259tli Konqres \u00fczv\u00fc,<\/p>\n<p>M\u0259n, Amerika Birl\u0259\u015fmi\u015f Statlar\u0131 Konqresinin Erm\u0259ni lobbisin\u0259 yax\u0131n olan n\u00fcmay\u0259nd\u0259l\u0259ri &#8211; Frank Pallone, Jake Spayer, Qus Bilirakis v\u0259 Adam \u015eiff\u0259 &#8211; Erm\u0259nistan t\u0259r\u0259find\u0259n Az\u0259rbaycan\u0131n i\u015f\u011fal olunmu\u015f \u0259razil\u0259rind\u0259 t\u0259\u015fkil edilmi\u015f qondarma rejimin n\u00fcmay\u0259nd\u0259sin\u0259 m\u0259suliyy\u0259tsiz &#8220;t\u0259brik m\u0259ktubu&#8221; g\u00f6nd\u0259rm\u0259l\u0259rini q\u0131nay\u0131ram v\u0259 etiraz edir\u0259m.<\/p>\n<p>Erm\u0259nistan beyn\u0259lxalq h\u00fcququn \u0259sas prinsipl\u0259rin\u0259, BMT T\u0259hl\u00fck\u0259sizlik \u015euras\u0131n\u0131n v\u0259 dig\u0259r beyn\u0259lxalq t\u0259\u015fkilatlar\u0131n q\u0259rarlar\u0131na zidd olaraq Az\u0259rbaycan\u0131n Da\u011fl\u0131q Qaraba\u011f b\u00f6lg\u0259sinin v\u0259 ona biti\u015fik yeddi rayonun qeyri-qanuni \u015f\u0259kild\u0259 i\u015f\u011fal\u0131na davam ed\u0259rk\u0259n Az\u0259rbaycan icmas\u0131 28 ild\u0259n \u00e7oxdur ki etnik t\u0259mizl\u0259nm\u0259 yolu il\u0259 zorla evl\u0259rind\u0259n qovulmu\u015f v\u0259 t\u0259m\u0259l insan haqlar\u0131ndan m\u0259hrum edilmi\u015fdir.<\/p>\n<p>Bu kontekstd\u0259, 31 Mart v\u0259 14 Aprel tarixl\u0259rind\u0259 Az\u0259rbaycan\u0131n i\u015f\u011fal edilmi\u015f \u0259razil\u0259rind\u0259ki &#8220;se\u00e7ki \u015fousu&#8221;nu qanunil\u0259\u015fdirm\u0259y\u0259 c\u0259hd etm\u0259k m\u0259suliyy\u0259tsizlikdir, \u00e7\u00fcnki beyn\u0259lxalq ictimaiyy\u0259t, o c\u00fcml\u0259d\u0259n Amerika Birl\u0259\u015fmi\u015f \u015etatlar\u0131, yekdillikl\u0259 qanun v\u0259 \u0259dal\u0259tin t\u0259r\u0259fini tutaraq &#8220;se\u00e7ki \u015fousu&#8221; nu q\u0259ti \u015f\u0259kild\u0259 r\u0259dd etmi\u015f, Az\u0259rbaycanla h\u0259mr\u0259y oldu\u011funu ifad\u0259 etmi\u015fdir. Bu, beyn\u0259lxalq ictimaiyy\u0259tin Az\u0259rbaycan \u0259razil\u0259rinin etnik t\u0259mizl\u0259nm\u0259sinin v\u0259 qanunsuz i\u015f\u011fal\u0131n\u0131n n\u0259tic\u0259l\u0259rini q\u0259bul etm\u0259y\u0259c\u0259yi bar\u0259d\u0259 \u00e7ox g\u00fccl\u00fc bir mesaj g\u00f6nd\u0259rir.<\/p>\n<p>\u0130nsanlar\u0131n h\u00fcquqlar\u0131na, \u00fcmumb\u0259\u015f\u0259ri d\u0259y\u0259rl\u0259r\u0259 v\u0259 qanunun aliliyin\u0259 sadiq olduqlar\u0131n\u0131 s\u00fcbut etm\u0259k \u00fc\u00e7\u00fcn h\u0259min n\u00fcmay\u0259nd\u0259l\u0259r yax\u015f\u0131 olard\u0131 ki, Erm\u0259nistan\u0131 v\u0259ziyy\u0259ti daha da a\u011f\u0131rla\u015fd\u0131ran qanunsuz \u0259m\u0259ll\u0259rd\u0259n \u00e7\u0259kinm\u0259y\u0259, i\u015f\u011fal olunmu\u015f \u0259razil\u0259rd\u0259n \u00e7\u0259kilm\u0259y\u0259 v\u0259 konstruktiv \u015f\u0259kild\u0259 s\u00fclh dan\u0131\u015f\u0131qlar\u0131n\u0131 davam etdirm\u0259y\u0259 \u00e7a\u011f\u0131r\u0131\u015f ed\u0259 bil\u0259rdil\u0259r.<\/p>\n<p>Lakin, bunun \u0259ksin\u0259, yuxar\u0131da ad\u0131 \u00e7\u0259kil\u0259n n\u00fcmay\u0259nd\u0259l\u0259r AB\u015e-\u0131n \u0259sas insan haqlar\u0131na h\u00f6rm\u0259t v\u0259 \u00fcmumb\u0259\u015f\u0259ri d\u0259y\u0259rl\u0259r \u00fcz\u0259rind\u0259 qurulan d\u00f6vl\u0259t\u00e7iliyinin t\u0259m\u0259l prinsipl\u0259rin\u0259 zidd olaraq, Erm\u0259nistan t\u0259r\u0259find\u0259n Az\u0259rbaycanl\u0131lara qar\u015f\u0131 t\u00f6r\u0259dil\u0259rn etnik t\u0259mizl\u0259nm\u0259 siyas\u0259tini d\u0259st\u0259kl\u0259rini g\u00f6st\u0259rdil\u0259r. T\u0259\u0259ss\u00fcf ki, bu \u015f\u0259xsl\u0259rin h\u0259r\u0259k\u0259tl\u0259ri Erm\u0259nistan c\u0259miyy\u0259tind\u0259 tarix\u0259n bir etnik qrupun dig\u0259rind\u0259n \u00fcst\u00fcnl\u00fcy\u00fc haqq\u0131nda b\u0259dnam r\u0259vay\u0259tl\u0259r ir\u0259li s\u00fcr\u0259nl\u0259r t\u0259r\u0259find\u0259n d\u0259st\u0259kl\u0259nm\u0259kd\u0259dir. Bu is\u0259, n\u0259 Erm\u0259nistan \u00fc\u00e7\u00fcn v\u0259 n\u0259 d\u0259 \u00fcmumilikd\u0259 regionun g\u0259l\u0259c\u0259yi \u00fc\u00e7\u00fcn m\u00fcsb\u0259t he\u00e7 n\u0259 v\u0259d etmir.<\/p>\n<p>H\u0259tta h\u0259min n\u00fcmay\u0259nd\u0259l\u0259ri bu &#8220;se\u00e7ki \u015fousu&#8221;nun Az\u0259rbaycan\u0131n Da\u011fl\u0131q Qaraba\u011f b\u00f6lg\u0259sind\u0259ki sakinl\u0259rin COV\u0130D-19 infeksiyas\u0131na yoluxma riskinin y\u00fcks\u0259k oldu\u011fu bir vaxtda ke\u00e7irilm\u0259si bel\u0259 narahat etmirmi\u015f. Bu amill\u0259r is\u0259 h\u0259min n\u00fcmay\u0259nd\u0259l\u0259rin i\u015f\u011fal alt\u0131ndak\u0131 \u0259razil\u0259rd\u0259ki sakinl\u0259r\u0259 \u00fcmumiyy\u0259tl\u0259 \u0259h\u0259miyy\u0259t verm\u0259dikl\u0259rini, ancaq x\u00fcsusi bir siyasi qrupun maraqlar\u0131na xidm\u0259t etdikl\u0259rini g\u00f6st\u0259rir.<\/p>\n<p>T\u0259\u0259ss\u00fcf ki, faktlar v\u0259 arqumentl\u0259r s\u00fcbut edir ki, bel\u0259 bir m\u0259ktubun g\u00f6nd\u0259rilm\u0259sinin \u0259sl mahiyy\u0259ti AB\u015e-da ya\u015fayan erm\u0259ni diasporunun b\u0259zi \u00fczvl\u0259rinin t\u0259\u015fviqi il\u0259 b\u00fct\u00fcn m\u0259n\u0259vi v\u0259 siyasi prinsipl\u0259r\u0259, l\u0259yaq\u0259t\u0259 zidd olaraq, s\u0131rf \u015f\u0259xsi qazanc m\u0259qs\u0259di il\u0259 h\u0259yata ke\u00e7irilmi\u015fdir.<\/p>\n<p>Q\u0131sacas\u0131, Az\u0259rbaycan\u0131n suverenliyin\u0259 h\u00f6rm\u0259tsizlik n\u00fcmayi\u015f etdir\u0259n, Az\u0259rbaycanl\u0131lara qar\u015f\u0131 h\u0259yata ke\u00e7irilmi\u015f ayr\u0131se\u00e7kilik v\u0259 etnik t\u0259mizl\u0259m\u0259y\u0259 t\u0259\u015fviq ed\u0259n m\u0259suliyy\u0259tsiz &#8220;m\u0259ktub&#8221; h\u0259m m\u0259n\u0259vi, h\u0259m qanuni v\u0259 h\u0259m d\u0259 siyasi bax\u0131mdan tamamil\u0259 yaln\u0131\u015fd\u0131r. Konqres \u00fczvl\u0259rinin ed\u0259 bil\u0259c\u0259yi \u0259n yax\u015f\u0131 \u015fey, b\u00fct\u00fcn m\u0259cburi k\u00f6\u00e7k\u00fcnl\u0259rin \u0259sas insan h\u00fcquqlar\u0131n\u0131n\u0131n t\u0259min edilm\u0259si \u00fc\u00e7\u00fcn v\u0259 h\u0259m erm\u0259ni, h\u0259m d\u0259 az\u0259rbaycanl\u0131 icmalar\u0131 aras\u0131nda dinc yana\u015f\u0131 ya\u015fama\u011fa xidm\u0259t ed\u0259c\u0259k Erm\u0259nistan-Az\u0259rbaycan m\u00fcnaqi\u015f\u0259sinin s\u00fclh yolu il\u0259 h\u0259llin\u0259 k\u00f6m\u0259k ed\u0259c\u0259k add\u0131mlar atmaqd\u0131r. Bu AB\u015e-\u0131n siyasi r\u0259hb\u0259rliyi t\u0259r\u0259fd\u0259n h\u0259m m\u00fcsb\u0259t bir n\u00fcmun\u0259, h\u0259m d\u0259 davam ed\u0259n ayr\u0131se\u00e7kilik \u00fcz\u0259rind\u0259 insan haqlar\u0131n\u0131n q\u0259l\u0259b\u0259si olard\u0131.<\/p>\n<p>Sonda vur\u011fulay\u0131ram ki, Az\u0259rbaycan Respublikas\u0131 Da\u011fl\u0131q Qaraba\u011f b\u00f6lg\u0259sinin az\u0259rbaycanl\u0131 icmas\u0131 m\u00fcnaqi\u015f\u0259nin dinc yolla h\u0259llinin v\u0259 Az\u0259rbaycan\u0131n Da\u011fl\u0131q Qaraba\u011f b\u00f6lg\u0259sinin h\u0259r iki icmas\u0131n\u0131n dinc yana\u015f\u0131 ya\u015famas\u0131 v\u0259 inki\u015faf\u0131 yolunda s\u0259yl\u0259rini \u0259sirg\u0259mir, bu m\u0259qs\u0259d \u00fc\u00e7\u00fcn yorulmadan \u00e7al\u0131\u015f\u0131r. Beyn\u0259lxalq ictimaiyy\u0259t\u0259, o c\u00fcml\u0259d\u0259n AB\u015e-da bizim haqql\u0131 m\u00fcbariz\u0259mizi d\u0259st\u0259kl\u0259y\u0259nl\u0259r\u0259 minn\u0259tdarl\u0131\u011f\u0131m\u0131z\u0131 bildirir v\u0259 \u0259dal\u0259tin \u0259leyhin\u0259 olanlar\u0131 is\u0259 bu yaln\u0131\u015f yoldan \u00e7\u0259kinm\u0259y\u0259 \u00e7a\u011f\u0131r\u0131r\u0131q&#8221;.<\/p>\n","protected":false},"excerpt":{"rendered":"<p>Az\u0259rbaycan Respublikas\u0131n\u0131n Da\u011fl\u0131q Qaraba\u011f b\u00f6lg\u0259sinin az\u0259rbaycanl\u0131 icmas\u0131n\u0131n r\u0259hb\u0259ri, mill\u0259t v\u0259kili Tural G\u0259nc\u0259liyev Amerika Birl\u0259\u015fmi\u015f \u015etatlar\u0131 N\u00fcmay\u0259nd\u0259l\u0259r Palatas\u0131na m\u0259ktub g\u00f6nd\u0259rib. M\u0259ktubu diqq\u0259tiniz\u0259 t\u0259qdim edirik. ARANTV.AZ\u00a0Trend-\u0259 istinad\u0259n bildirir ki, m\u0259ktubda deyilir: &#8220;H\u00f6rm\u0259tli Konqres \u00fczv\u00fc, M\u0259n, Amerika Birl\u0259\u015fmi\u015f Statlar\u0131 Konqresinin Erm\u0259ni lobbisin\u0259 yax\u0131n olan n\u00fcmay\u0259nd\u0259l\u0259ri &#8211; Frank Pallone, Jake Spayer, Qus Bilirakis v\u0259 Adam \u015eiff\u0259 &#8211; Erm\u0259nistan t\u0259r\u0259find\u0259n Az\u0259rbaycan\u0131n i\u015f\u011fal olunmu\u015f \u0259razil\u0259rind\u0259 t\u0259\u015fkil edilmi\u015f qondarma rejimin n\u00fcmay\u0259nd\u0259sin\u0259 m\u0259suliyy\u0259tsiz &#8220;t\u0259brik m\u0259ktubu&#8221; g\u00f6nd\u0259rm\u0259l\u0259rini q\u0131nay\u0131ram v\u0259 etiraz edir\u0259m. Erm\u0259nistan beyn\u0259lxalq h\u00fcququn \u0259sas prinsipl\u0259rin\u0259, BMT T\u0259hl\u00fck\u0259sizlik \u015euras\u0131n\u0131n v\u0259 dig\u0259r beyn\u0259lxalq t\u0259\u015fkilatlar\u0131n q\u0259rarlar\u0131na zidd olaraq Az\u0259rbaycan\u0131n Da\u011fl\u0131q Qaraba\u011f&hellip;<\/p>\n","protected":false},"author":2,"featured_media":152733,"comment_status":"closed","ping_status":"closed","sticky":false,"template":"","format":"standard","meta":{"om_disable_all_campaigns":false,"_monsterinsights_skip_tracking":false,"_monsterinsights_sitenote_active":false,"_monsterinsights_sitenote_note":"","_monsterinsights_sitenote_category":0},"categories":[19],"tags":[],"aioseo_notices":[],"gutentor_comment":0,"rttpg_featured_image_url":{"full":["https:\/\/arantv.az\/wp-content\/uploads\/2020\/04\/844277.jpg",1000,633,false],"landscape":["https:\/\/arantv.az\/wp-content\/uploads\/2020\/04\/844277.jpg",1000,633,false],"portraits":["https:\/\/arantv.az\/wp-content\/uploads\/2020\/04\/844277.jpg",1000,633,false],"thumbnail":["https:\/\/arantv.az\/wp-content\/uploads\/2020\/04\/844277-150x150.jpg",150,150,true],"medium":["https:\/\/arantv.az\/wp-content\/uploads\/2020\/04\/844277-300x190.jpg",300,190,true],"large":["https:\/\/arantv.az\/wp-content\/uploads\/2020\/04\/844277.jpg",640,405,false],"1536x1536":["https:\/\/arantv.az\/wp-content\/uploads\/2020\/04\/844277.jpg",1000,633,false],"2048x2048":["https:\/\/arantv.az\/wp-content\/uploads\/2020\/04\/844277.jpg",1000,633,false],"post-thumbnail":["https:\/\/arantv.az\/wp-content\/uploads\/2020\/04\/844277-240x172.jpg",240,172,true],"advps-thumb-one":["https:\/\/arantv.az\/wp-content\/uploads\/2020\/04\/844277-1000x620.jpg",1000,620,true]},"rttpg_author":{"display_name":"V\u00fcsal Rafiqo\u011flu","author_link":"https:\/\/arantv.az\/?author=2"},"rttpg_comment":0,"rttpg_category":"<a href=\"https:\/\/arantv.az\/?cat=19\" rel=\"category\">G\u00fcnd\u0259m<\/a>","rttpg_excerpt":"Az\u0259rbaycan Respublikas\u0131n\u0131n Da\u011fl\u0131q Qaraba\u011f b\u00f6lg\u0259sinin az\u0259rbaycanl\u0131 icmas\u0131n\u0131n r\u0259hb\u0259ri, mill\u0259t v\u0259kili Tural G\u0259nc\u0259liyev Amerika Birl\u0259\u015fmi\u015f \u015etatlar\u0131 N\u00fcmay\u0259nd\u0259l\u0259r Palatas\u0131na m\u0259ktub g\u00f6nd\u0259rib. M\u0259ktubu diqq\u0259tiniz\u0259 t\u0259qdim edirik. ARANTV.AZ\u00a0Trend-\u0259 istinad\u0259n bildirir ki, m\u0259ktubda deyilir: &#8220;H\u00f6rm\u0259tli Konqres \u00fczv\u00fc, M\u0259n, Amerika Birl\u0259\u015fmi\u015f Statlar\u0131 Konqresinin Erm\u0259ni lobbisin\u0259 yax\u0131n olan n\u00fcmay\u0259nd\u0259l\u0259ri &#8211; Frank Pallone, Jake Spayer, Qus Bilirakis v\u0259 Adam \u015eiff\u0259 &#8211; Erm\u0259nistan t\u0259r\u0259find\u0259n&hellip;","_links":{"self":[{"href":"https:\/\/arantv.az\/index.php?rest_route=\/wp\/v2\/posts\/152732"}],"collection":[{"href":"https:\/\/arantv.az\/index.php?rest_route=\/wp\/v2\/posts"}],"about":[{"href":"https:\/\/arantv.az\/index.php?rest_route=\/wp\/v2\/types\/post"}],"author":[{"embeddable":true,"href":"https:\/\/arantv.az\/index.php?rest_route=\/wp\/v2\/users\/2"}],"replies":[{"embeddable":true,"href":"https:\/\/arantv.az\/index.php?rest_route=%2Fwp%2Fv2%2Fcomments&post=152732"}],"version-history":[{"count":0,"href":"https:\/\/arantv.az\/index.php?rest_route=\/wp\/v2\/posts\/152732\/revisions"}],"wp:featuredmedia":[{"embeddable":true,"href":"https:\/\/arantv.az\/index.php?rest_route=\/wp\/v2\/media\/152733"}],"wp:attachment":[{"href":"https:\/\/arantv.az\/index.php?rest_route=%2Fwp%2Fv2%2Fmedia&parent=152732"}],"wp:term":[{"taxonomy":"category","embeddable":true,"href":"https:\/\/arantv.az\/index.php?rest_route=%2Fwp%2Fv2%2Fcategories&post=152732"},{"taxonomy":"post_tag","embeddable":true,"href":"https:\/\/arantv.az\/index.php?rest_route=%2Fwp%2Fv2%2Ftags&post=152732"}],"curies":[{"name":"wp","href":"https:\/\/api.w.org\/{rel}","templated":true}]}}