{"id":152740,"date":"2020-04-22T20:07:10","date_gmt":"2020-04-22T17:07:10","guid":{"rendered":"http:\/\/arantv.az\/?p=152740"},"modified":"2020-04-22T20:07:10","modified_gmt":"2020-04-22T17:07:10","slug":"az%c9%99rbaycan-v%c9%99-turkm%c9%99nistan-xin-r%c9%99hb%c9%99rl%c9%99ri-arasinda-telefon-danisigi-olub","status":"publish","type":"post","link":"https:\/\/arantv.az\/?p=152740","title":{"rendered":"Az\u0259rbaycan v\u0259 T\u00fcrkm\u0259nistan X\u0130N r\u0259hb\u0259rl\u0259ri aras\u0131nda telefon dan\u0131\u015f\u0131\u011f\u0131 olub"},"content":{"rendered":"<p>22 aprel tarixind\u0259 Az\u0259rbaycan Respublikas\u0131n\u0131n Xarici i\u015fl\u0259r naziri Elmar M\u0259mm\u0259dyarovun T\u00fcrkm\u0259nistan Xarici i\u015fl\u0259r naziri R\u0259\u015fid Meredov il\u0259 telefon s\u00f6hb\u0259ti ba\u015f tutub.<\/p>\n<p>Xarici \u0130\u015fl\u0259r Nazirliyind\u0259n (X\u0130N) Milli.Az-a\u00a0bildirilib ki, s\u00f6hb\u0259t zaman\u0131 iki \u00f6lk\u0259 aras\u0131ndak\u0131 \u0259n\u0259n\u0259vi dostluq m\u00fcnasib\u0259tl\u0259rinin daha da m\u00f6hk\u0259ml\u0259ndirilm\u0259si il\u0259 ba\u011fl\u0131 bir s\u0131ra aktual m\u0259s\u0259l\u0259l\u0259r m\u00fczakir\u0259 edilib.<\/p>\n<p>\u0130lk n\u00f6vb\u0259d\u0259, Az\u0259rbaycan Respublikas\u0131n\u0131n Prezidenti \u0130lham \u018fliyev il\u0259 T\u00fcrkm\u0259nistan Prezidenti Qurbanqulu Berdim\u0259h\u0259mm\u0259dov aras\u0131nda T\u00fcrkm\u0259nistan d\u00f6vl\u0259t ba\u015f\u00e7\u0131s\u0131n\u0131n cari ilin 11 mart tarixind\u0259 Bak\u0131ya r\u0259smi s\u0259f\u0259ri zaman\u0131 raz\u0131la\u015fd\u0131r\u0131lan ikit\u0259r\u0259fli sazi\u015fl\u0259rin h\u0259yata ke\u00e7irilm\u0259sinin vaicbliyi qeyd olunub.<\/p>\n<p>Eyni zamanda, t\u0259r\u0259fl\u0259r n\u0259qliyyat-kommunikasiya sah\u0259sind\u0259 ikit\u0259r\u0259fli \u0259m\u0259kda\u015fl\u0131\u011f\u0131n x\u00fcsusi \u0259h\u0259miyy\u0259tini vur\u011fulay\u0131blar. X\u0259z\u0259r d\u0259nizinin \u018fl\u0259t-T\u00fcrkm\u0259nba\u015f\u0131 limanlar\u0131 aras\u0131nda birba\u015fa d\u0259niz \u0259laq\u0259sinin Avrasiya qit\u0259sind\u0259 iqtisadi-ticar\u0259t \u0259laq\u0259l\u0259rinin inki\u015faf\u0131n\u0131n m\u00fch\u00fcm elementi oldu\u011fu bildirilib. N\u0259qliyyat sah\u0259sind\u0259 qar\u015f\u0131l\u0131ql\u0131 \u0259laq\u0259l\u0259rin y\u00fcks\u0259k effektivliyini qeyd ed\u0259n diplomatlar, \u015e\u0259rq-Q\u0259rb istiqam\u0259ti boyunca n\u0259qliyyat d\u0259hlizl\u0259rinin s\u0259m\u0259r\u0259li f\u0259aliyy\u0259tinin t\u0259min olunmas\u0131na y\u00f6n\u0259lik yeni t\u0259r\u0259fda\u015fl\u0131q formalar\u0131n\u0131n axtar\u0131\u015f\u0131 v\u0259 t\u0259tbiq olunmas\u0131na diqq\u0259t ay\u0131rm\u0131\u015flar.<\/p>\n<p>Bu x\u00fcsusda nazirl\u0259r Az\u0259rbaycan v\u0259 T\u00fcrkm\u0259nistan xarici siyas\u0259t qurumlar\u0131 aras\u0131nda s\u0131x m\u00fct\u0259madi \u0259laq\u0259l\u0259rin saxlan\u0131lmas\u0131n\u0131 raz\u0131la\u015fd\u0131r\u0131blar.<\/p>\n","protected":false},"excerpt":{"rendered":"<p>22 aprel tarixind\u0259 Az\u0259rbaycan Respublikas\u0131n\u0131n Xarici i\u015fl\u0259r naziri Elmar M\u0259mm\u0259dyarovun T\u00fcrkm\u0259nistan Xarici i\u015fl\u0259r naziri R\u0259\u015fid Meredov il\u0259 telefon s\u00f6hb\u0259ti ba\u015f tutub. Xarici \u0130\u015fl\u0259r Nazirliyind\u0259n (X\u0130N) Milli.Az-a\u00a0bildirilib ki, s\u00f6hb\u0259t zaman\u0131 iki \u00f6lk\u0259 aras\u0131ndak\u0131 \u0259n\u0259n\u0259vi dostluq m\u00fcnasib\u0259tl\u0259rinin daha da m\u00f6hk\u0259ml\u0259ndirilm\u0259si il\u0259 ba\u011fl\u0131 bir s\u0131ra aktual m\u0259s\u0259l\u0259l\u0259r m\u00fczakir\u0259 edilib. \u0130lk n\u00f6vb\u0259d\u0259, Az\u0259rbaycan Respublikas\u0131n\u0131n Prezidenti \u0130lham \u018fliyev il\u0259 T\u00fcrkm\u0259nistan Prezidenti Qurbanqulu Berdim\u0259h\u0259mm\u0259dov aras\u0131nda T\u00fcrkm\u0259nistan d\u00f6vl\u0259t ba\u015f\u00e7\u0131s\u0131n\u0131n cari ilin 11 mart tarixind\u0259 Bak\u0131ya r\u0259smi s\u0259f\u0259ri zaman\u0131 raz\u0131la\u015fd\u0131r\u0131lan ikit\u0259r\u0259fli sazi\u015fl\u0259rin h\u0259yata ke\u00e7irilm\u0259sinin vaicbliyi qeyd olunub. Eyni zamanda, t\u0259r\u0259fl\u0259r n\u0259qliyyat-kommunikasiya sah\u0259sind\u0259 ikit\u0259r\u0259fli \u0259m\u0259kda\u015fl\u0131\u011f\u0131n x\u00fcsusi \u0259h\u0259miyy\u0259tini vur\u011fulay\u0131blar. X\u0259z\u0259r&hellip;<\/p>\n","protected":false},"author":2,"featured_media":152741,"comment_status":"closed","ping_status":"closed","sticky":false,"template":"","format":"standard","meta":{"om_disable_all_campaigns":false,"_monsterinsights_skip_tracking":false,"_monsterinsights_sitenote_active":false,"_monsterinsights_sitenote_note":"","_monsterinsights_sitenote_category":0},"categories":[4],"tags":[],"aioseo_notices":[],"gutentor_comment":0,"rttpg_featured_image_url":{"full":["https:\/\/arantv.az\/wp-content\/uploads\/2020\/04\/844272.jpg",587,440,false],"landscape":["https:\/\/arantv.az\/wp-content\/uploads\/2020\/04\/844272.jpg",587,440,false],"portraits":["https:\/\/arantv.az\/wp-content\/uploads\/2020\/04\/844272.jpg",587,440,false],"thumbnail":["https:\/\/arantv.az\/wp-content\/uploads\/2020\/04\/844272-150x150.jpg",150,150,true],"medium":["https:\/\/arantv.az\/wp-content\/uploads\/2020\/04\/844272-300x225.jpg",300,225,true],"large":["https:\/\/arantv.az\/wp-content\/uploads\/2020\/04\/844272.jpg",587,440,false],"1536x1536":["https:\/\/arantv.az\/wp-content\/uploads\/2020\/04\/844272.jpg",587,440,false],"2048x2048":["https:\/\/arantv.az\/wp-content\/uploads\/2020\/04\/844272.jpg",587,440,false],"post-thumbnail":["https:\/\/arantv.az\/wp-content\/uploads\/2020\/04\/844272-240x172.jpg",240,172,true],"advps-thumb-one":["https:\/\/arantv.az\/wp-content\/uploads\/2020\/04\/844272.jpg",587,440,false]},"rttpg_author":{"display_name":"V\u00fcsal Rafiqo\u011flu","author_link":"https:\/\/arantv.az\/?author=2"},"rttpg_comment":0,"rttpg_category":"<a href=\"https:\/\/arantv.az\/?cat=4\" rel=\"category\">Siyas\u0259t<\/a>","rttpg_excerpt":"22 aprel tarixind\u0259 Az\u0259rbaycan Respublikas\u0131n\u0131n Xarici i\u015fl\u0259r naziri Elmar M\u0259mm\u0259dyarovun T\u00fcrkm\u0259nistan Xarici i\u015fl\u0259r naziri R\u0259\u015fid Meredov il\u0259 telefon s\u00f6hb\u0259ti ba\u015f tutub. Xarici \u0130\u015fl\u0259r Nazirliyind\u0259n (X\u0130N) Milli.Az-a\u00a0bildirilib ki, s\u00f6hb\u0259t zaman\u0131 iki \u00f6lk\u0259 aras\u0131ndak\u0131 \u0259n\u0259n\u0259vi dostluq m\u00fcnasib\u0259tl\u0259rinin daha da m\u00f6hk\u0259ml\u0259ndirilm\u0259si il\u0259 ba\u011fl\u0131 bir s\u0131ra aktual m\u0259s\u0259l\u0259l\u0259r m\u00fczakir\u0259 edilib. \u0130lk n\u00f6vb\u0259d\u0259, Az\u0259rbaycan Respublikas\u0131n\u0131n Prezidenti \u0130lham \u018fliyev il\u0259 T\u00fcrkm\u0259nistan&hellip;","_links":{"self":[{"href":"https:\/\/arantv.az\/index.php?rest_route=\/wp\/v2\/posts\/152740"}],"collection":[{"href":"https:\/\/arantv.az\/index.php?rest_route=\/wp\/v2\/posts"}],"about":[{"href":"https:\/\/arantv.az\/index.php?rest_route=\/wp\/v2\/types\/post"}],"author":[{"embeddable":true,"href":"https:\/\/arantv.az\/index.php?rest_route=\/wp\/v2\/users\/2"}],"replies":[{"embeddable":true,"href":"https:\/\/arantv.az\/index.php?rest_route=%2Fwp%2Fv2%2Fcomments&post=152740"}],"version-history":[{"count":0,"href":"https:\/\/arantv.az\/index.php?rest_route=\/wp\/v2\/posts\/152740\/revisions"}],"wp:featuredmedia":[{"embeddable":true,"href":"https:\/\/arantv.az\/index.php?rest_route=\/wp\/v2\/media\/152741"}],"wp:attachment":[{"href":"https:\/\/arantv.az\/index.php?rest_route=%2Fwp%2Fv2%2Fmedia&parent=152740"}],"wp:term":[{"taxonomy":"category","embeddable":true,"href":"https:\/\/arantv.az\/index.php?rest_route=%2Fwp%2Fv2%2Fcategories&post=152740"},{"taxonomy":"post_tag","embeddable":true,"href":"https:\/\/arantv.az\/index.php?rest_route=%2Fwp%2Fv2%2Ftags&post=152740"}],"curies":[{"name":"wp","href":"https:\/\/api.w.org\/{rel}","templated":true}]}}