{"id":152744,"date":"2020-04-22T20:08:17","date_gmt":"2020-04-22T17:08:17","guid":{"rendered":"http:\/\/arantv.az\/?p=152744"},"modified":"2020-04-22T20:08:17","modified_gmt":"2020-04-22T17:08:17","slug":"aydin-huseynov-h%c9%99yata-keciril%c9%99n-t%c9%99dbirl%c9%99r-dovl%c9%99timizin-h%c9%99r-zaman-xalqin-yaninda-oldugunu-bir-daha-t%c9%99sdiql%c9%99yir","status":"publish","type":"post","link":"https:\/\/arantv.az\/?p=152744","title":{"rendered":"Ayd\u0131n H\u00fcseynov: H\u0259yata ke\u00e7iril\u0259n t\u0259dbirl\u0259r d\u00f6vl\u0259timizin h\u0259r zaman xalq\u0131n yan\u0131nda oldu\u011funu bir daha t\u0259sdiql\u0259yir"},"content":{"rendered":"<p><strong>Prezident \u0130lham \u018fliyevin r\u0259hb\u0259rliyi v\u0259 tap\u015f\u0131r\u0131\u011f\u0131 say\u0259sind\u0259 h\u0259yata ke\u00e7iril\u0259n b\u00fct\u00fcn t\u0259dbirl\u0259r d\u00f6vl\u0259timizin h\u0259r zaman xalq\u0131n yan\u0131nda oldu\u011funu bir daha t\u0259sdiql\u0259yir v\u0259 xalq\u0131m\u0131z t\u0259r\u0259find\u0259n y\u00fcks\u0259k d\u0259y\u0259rl\u0259ndirilir.<\/strong><\/p>\n<p>ARANTV.AZ bildirir ki, bunu\u00a0<a href=\"http:\/\/az.trend.az\/\" target=\"_blank\" rel=\"noopener\">Trend<\/a>-\u0259\u00a0a\u00e7\u0131qlamas\u0131nda Milli M\u0259clisin deputat\u0131 Ayd\u0131n H\u00fcseynov deyib.<\/p>\n<p>A.H\u00fcseynov bildirib ki, bu g\u00fcn planetimizd\u0259 COVID-19 pandemiyas\u0131n\u0131n yol a\u00e7d\u0131\u011f\u0131 d\u0259rin \u00e7\u0259tinlikl\u0259r ciddi problem yaratmaqdad\u0131r. H\u0259tta el\u0259 bir v\u0259ziyy\u0259t yaran\u0131b ki, d\u00fcnyan\u0131n inki\u015faf etmi\u015f \u0259ks\u0259r \u00f6lk\u0259l\u0259ri bel\u0259 aciz duruma d\u00fc\u015f\u00fcb:<\/p>\n<p>&#8220;Bel\u0259 bir \u00e7\u0259tin s\u0131naq qar\u015f\u0131s\u0131nda Az\u0259rbaycan Prezidenti \u0130lham \u018fliyevin r\u0259hb\u0259rliyi il\u0259 \u00f6lk\u0259mizd\u0259 qabaqlay\u0131c\u0131, fundamental t\u0259dbirl\u0259rin g\u00f6r\u00fclm\u0259si v\u0259 geni\u015fmiqyasl\u0131 sosial d\u0259st\u0259k t\u0259dbirl\u0259rinin h\u0259yata ke\u00e7irilm\u0259si, xalq\u0131m\u0131z t\u0259r\u0259find\u0259n minn\u0259tdarl\u0131q hissi il\u0259 qar\u015f\u0131lan\u0131b v\u0259 bir \u00e7ox \u00f6lk\u0259l\u0259r \u00fc\u00e7\u00fcn n\u00fcmun\u0259y\u0259 \u00e7evrilib. H\u0259yata ke\u00e7iril\u0259n t\u0259dbirl\u0259r d\u00f6vl\u0259timizin h\u0259r zaman xalq\u0131n yan\u0131nda oldu\u011funu bir daha t\u0259sdiql\u0259yir. Bu m\u0259qs\u0259dl\u0259 b\u00f6y\u00fck m\u0259bl\u0259\u011fd\u0259 v\u0259sait ayr\u0131l\u0131b v\u0259 pandemiyaya g\u00f6r\u0259 \u00f6z i\u015fini m\u00fcv\u0259qq\u0259ti olaraq itir\u0259n 600 mind\u0259n \u00e7ox insana d\u00f6vl\u0259t t\u0259r\u0259find\u0259n k\u00f6m\u0259klik g\u00f6st\u0259rilir. Eyni zamanda, i\u015fsizl\u0259rl\u0259 ba\u011fl\u0131 probleml\u0259r aradan qald\u0131r\u0131l\u0131r, \u0259halinin sosial rifah\u0131n\u0131 qorumaq \u00fc\u00e7\u00fcn dig\u0259r m\u00fch\u00fcm add\u0131mlar at\u0131l\u0131r. Prezident \u0130lham \u018fliyevin 2020-ci il 19 mart tarixli S\u0259r\u0259ncam\u0131n\u0131n icras\u0131 il\u0259 ba\u011fl\u0131 t\u0259sdiql\u0259nmi\u015f T\u0259dbirl\u0259r Plan\u0131nda m\u0259\u015f\u011fullu\u011fa v\u0259 sosial rifaha d\u0259st\u0259k m\u0259qs\u0259dil\u0259 4 istiqam\u0259t \u00fczr\u0259 10 t\u0259dbir \u0259ksini tap\u0131b. Aprelin 17-d\u0259 Az\u0259rbaycan Respublikas\u0131n\u0131n Prezidenti t\u0259r\u0259find\u0259n elan edil\u0259n yeni d\u0259st\u0259k t\u0259dbirl\u0259ri il\u0259 2,5 milyon v\u0259t\u0259nda\u015f\u0131 \u0259hat\u0259 ed\u0259n m\u0259\u015f\u011fulluq v\u0259 sosial rifah istiqam\u0259tin\u0259 600 milyon manat v\u0259sait ayr\u0131l\u0131b. \u0130nsanlar\u0131n sosial m\u00fcdafi\u0259si getdikc\u0259 daha da g\u00fccl\u0259ndirilir.<\/p>\n<p>Pandemiyadan \u0259n \u00e7ox z\u0259r\u0259r \u00e7\u0259k\u0259n sah\u0259l\u0259rd\u0259 i\u015fl\u0259y\u0259n insanlar\u0131n \u0259m\u0259khaqlar\u0131n\u0131n \u0259h\u0259miyy\u0259tli hiss\u0259si d\u00f6vl\u0259t t\u0259r\u0259find\u0259n qar\u015f\u0131lan\u0131r v\u0259 bu kateqoriyaya aid olan insanlar\u0131n say\u0131 300 mind\u0259n \u00e7oxdur. Eyni zamanda, 300 min\u0259 yax\u0131n mikro sahibkar\u0131n maliyy\u0259 v\u0259ziyy\u0259tinin t\u0259min edilm\u0259si \u00fc\u00e7\u00fcn d\u00f6vl\u0259t b\u00f6y\u00fck v\u0259sait ay\u0131r\u0131b. Bel\u0259likl\u0259, yaln\u0131z bu kateqoriyaya aid olan 600 min\u0259 yax\u0131n insan d\u00f6vl\u0259td\u0259n maddi d\u0259st\u0259k al\u0131r. D\u00f6vl\u0259t sektorunda i\u015fl\u0259y\u0259nl\u0259rin \u0259m\u0259khaqlar\u0131 tam \u00f6d\u0259nilir&#8221;.<\/p>\n<p>A.H\u00fcseynov vur\u011fulay\u0131b ki, bu v\u0259 dig\u0259r m\u00fch\u00fcm add\u0131mlar d\u00f6vl\u0259timizin humanizm\u0259 sadiqliyinin v\u0259 siyas\u0259tinin m\u0259rk\u0259zind\u0259 Az\u0259rbaycan v\u0259t\u0259nda\u015f\u0131n\u0131n dayand\u0131\u011f\u0131n\u0131 bir daha g\u00f6st\u0259rir:<\/p>\n<p>&#8220;Prezident \u0130lham \u018fliyevin tap\u015f\u0131r\u0131qlar\u0131na \u0259sas\u0259n, \u00fcmumilikd\u0259 1 milyon 629 min i\u015f\u00e7inin, o c\u00fcml\u0259d\u0259n d\u00f6vl\u0259t sektoru \u00fczr\u0259 910 min, \u00f6z\u0259l sektor \u00fczr\u0259 719 min i\u015f\u00e7inin \u0259m\u0259khaqq\u0131 saxlanmaqla m\u0259\u015f\u011fullu\u011fu t\u0259min edilib. D\u00f6vl\u0259t t\u0259r\u0259find\u0259n t\u0259qdim olunan d\u0259st\u0259k paketl\u0259ri v\u0259 inzibati t\u0259dbirl\u0259r n\u0259tic\u0259sind\u0259 \u0259m\u0259k m\u00fcqavil\u0259l\u0259rinin say\u0131nda aprelin 1-d\u0259n etibar\u0259n 55 minlik, yanvar\u0131n 1-i il\u0259 m\u00fcqayis\u0259d\u0259 is\u0259 77 minlik art\u0131ma nail olunub. Eyni zamanda koronavirus pandemiyas\u0131ndan z\u0259r\u0259r\u00e7\u0259kmi\u015f sah\u0259l\u0259rd\u0259 \u00e7al\u0131\u015fan muzdlu i\u015f\u00e7il\u0259r\u0259 v\u0259 f\u0259rdi (mikro) sahibkarlara maliyy\u0259 d\u0259st\u0259yi g\u00f6st\u0259rilir. Pandemiyan\u0131n z\u0259r\u0259r vurdu\u011fu f\u0259aliyy\u0259t sah\u0259l\u0259rind\u0259 \u00e7al\u0131\u015fan, \u0259m\u0259k m\u00fcqavil\u0259si olan 300 min muzdlu i\u015f\u00e7inin \u0259m\u0259khaqlar\u0131n\u0131n m\u00fc\u0259yy\u0259n hiss\u0259sinin \u00f6d\u0259nilm\u0259si \u00fc\u00e7\u00fcn sahibkarlara d\u00f6vl\u0259t t\u0259r\u0259find\u0259n 215 milyon manat maliyy\u0259 d\u0259st\u0259yinin g\u00f6st\u0259rilm\u0259si n\u0259z\u0259rd\u0259 tutulur&#8221;.<\/p>\n<p>Deputat \u0259lav\u0259 edib ki, bu g\u00fcn \u00f6lk\u0259mizd\u0259 \u0259halinin x\u00fcsusi h\u0259ssas t\u0259b\u0259q\u0259l\u0259rinin sosial m\u00fcdafi\u0259si d\u0259 prioritet istiqam\u0259tl\u0259rd\u0259n biridir:<\/p>\n<p>&#8220;D\u00f6vl\u0259t Sosial M\u00fcdafi\u0259 Fondunun 2019-cu il \u00fczr\u0259 yaranm\u0131\u015f 200 milyon manat ehtiyat\u0131 \u0259haliy\u0259 sosial \u00f6d\u0259ni\u015fl\u0259rin davaml\u0131l\u0131\u011f\u0131n\u0131n t\u0259min edilm\u0259sin\u0259 y\u00f6n\u0259ldilib. Bu \u00f6d\u0259ni\u015fl\u0259r &#8211; pensiyalar, m\u00fcavin\u0259tl\u0259r v\u0259 t\u0259qa\u00fcdl\u0259r 2,3 milyon \u015f\u0259xs\u0259 verilir. Aprelin 8-15-d\u0259 respublika \u00fczr\u0259 aprel ay\u0131 \u00fc\u00e7\u00fcn pensiyalar tam \u00f6d\u0259nilib. Ay\u0131n 20-21-d\u0259 is\u0259 m\u00fcavin\u0259t, t\u0259qa\u00fcd v\u0259 kompensasiyalar\u0131n, aprelin 28-d\u0259 is\u0259 \u00fcnvanl\u0131 d\u00f6vl\u0259t sosial yard\u0131mlar\u0131n\u0131n \u00f6d\u0259ni\u015fi apar\u0131lacaq. Bu ilin birinci r\u00fcb\u00fcnd\u0259 b\u00fct\u00fcn sosial \u00f6d\u0259ni\u015fl\u0259r vaxt\u0131nda icra olunub, 2,3 milyon v\u0259t\u0259nda\u015fa 1,5 milyard manat m\u0259bl\u0259\u011find\u0259 sosial \u00f6d\u0259ni\u015fl\u0259r h\u0259yata ke\u00e7irilib.<\/p>\n<p>Prezident \u0130lham \u018fliyevin r\u0259hb\u0259rliyi v\u0259 tap\u015f\u0131r\u0131\u011f\u0131 say\u0259sind\u0259 h\u0259yata ke\u00e7iril\u0259n b\u00fct\u00fcn bu t\u0259dbirl\u0259r d\u00f6vl\u0259timizin h\u0259r zaman xalq\u0131n yan\u0131nda oldu\u011funu bir daha t\u0259sdiql\u0259yir v\u0259 xalq\u0131m\u0131z t\u0259r\u0259find\u0259n y\u00fcks\u0259k d\u0259y\u0259rl\u0259ndirilir&#8221;.<\/p>\n","protected":false},"excerpt":{"rendered":"<p>Prezident \u0130lham \u018fliyevin r\u0259hb\u0259rliyi v\u0259 tap\u015f\u0131r\u0131\u011f\u0131 say\u0259sind\u0259 h\u0259yata ke\u00e7iril\u0259n b\u00fct\u00fcn t\u0259dbirl\u0259r d\u00f6vl\u0259timizin h\u0259r zaman xalq\u0131n yan\u0131nda oldu\u011funu bir daha t\u0259sdiql\u0259yir v\u0259 xalq\u0131m\u0131z t\u0259r\u0259find\u0259n y\u00fcks\u0259k d\u0259y\u0259rl\u0259ndirilir. ARANTV.AZ bildirir ki, bunu\u00a0Trend-\u0259\u00a0a\u00e7\u0131qlamas\u0131nda Milli M\u0259clisin deputat\u0131 Ayd\u0131n H\u00fcseynov deyib. A.H\u00fcseynov bildirib ki, bu g\u00fcn planetimizd\u0259 COVID-19 pandemiyas\u0131n\u0131n yol a\u00e7d\u0131\u011f\u0131 d\u0259rin \u00e7\u0259tinlikl\u0259r ciddi problem yaratmaqdad\u0131r. H\u0259tta el\u0259 bir v\u0259ziyy\u0259t yaran\u0131b ki, d\u00fcnyan\u0131n inki\u015faf etmi\u015f \u0259ks\u0259r \u00f6lk\u0259l\u0259ri bel\u0259 aciz duruma d\u00fc\u015f\u00fcb: &#8220;Bel\u0259 bir \u00e7\u0259tin s\u0131naq qar\u015f\u0131s\u0131nda Az\u0259rbaycan Prezidenti \u0130lham \u018fliyevin r\u0259hb\u0259rliyi il\u0259 \u00f6lk\u0259mizd\u0259 qabaqlay\u0131c\u0131, fundamental t\u0259dbirl\u0259rin g\u00f6r\u00fclm\u0259si v\u0259 geni\u015fmiqyasl\u0131 sosial d\u0259st\u0259k t\u0259dbirl\u0259rinin h\u0259yata ke\u00e7irilm\u0259si, xalq\u0131m\u0131z t\u0259r\u0259find\u0259n&hellip;<\/p>\n","protected":false},"author":2,"featured_media":152745,"comment_status":"closed","ping_status":"closed","sticky":false,"template":"","format":"standard","meta":{"om_disable_all_campaigns":false,"_monsterinsights_skip_tracking":false,"_monsterinsights_sitenote_active":false,"_monsterinsights_sitenote_note":"","_monsterinsights_sitenote_category":0},"categories":[24],"tags":[],"aioseo_notices":[],"gutentor_comment":0,"rttpg_featured_image_url":{"full":["https:\/\/arantv.az\/wp-content\/uploads\/2020\/04\/844265.jpg",1000,667,false],"landscape":["https:\/\/arantv.az\/wp-content\/uploads\/2020\/04\/844265.jpg",1000,667,false],"portraits":["https:\/\/arantv.az\/wp-content\/uploads\/2020\/04\/844265.jpg",1000,667,false],"thumbnail":["https:\/\/arantv.az\/wp-content\/uploads\/2020\/04\/844265-150x150.jpg",150,150,true],"medium":["https:\/\/arantv.az\/wp-content\/uploads\/2020\/04\/844265-300x200.jpg",300,200,true],"large":["https:\/\/arantv.az\/wp-content\/uploads\/2020\/04\/844265.jpg",640,427,false],"1536x1536":["https:\/\/arantv.az\/wp-content\/uploads\/2020\/04\/844265.jpg",1000,667,false],"2048x2048":["https:\/\/arantv.az\/wp-content\/uploads\/2020\/04\/844265.jpg",1000,667,false],"post-thumbnail":["https:\/\/arantv.az\/wp-content\/uploads\/2020\/04\/844265-240x172.jpg",240,172,true],"advps-thumb-one":["https:\/\/arantv.az\/wp-content\/uploads\/2020\/04\/844265-1000x620.jpg",1000,620,true]},"rttpg_author":{"display_name":"V\u00fcsal Rafiqo\u011flu","author_link":"https:\/\/arantv.az\/?author=2"},"rttpg_comment":0,"rttpg_category":"<a href=\"https:\/\/arantv.az\/?cat=24\" rel=\"category\">Maraql\u0131<\/a>","rttpg_excerpt":"Prezident \u0130lham \u018fliyevin r\u0259hb\u0259rliyi v\u0259 tap\u015f\u0131r\u0131\u011f\u0131 say\u0259sind\u0259 h\u0259yata ke\u00e7iril\u0259n b\u00fct\u00fcn t\u0259dbirl\u0259r d\u00f6vl\u0259timizin h\u0259r zaman xalq\u0131n yan\u0131nda oldu\u011funu bir daha t\u0259sdiql\u0259yir v\u0259 xalq\u0131m\u0131z t\u0259r\u0259find\u0259n y\u00fcks\u0259k d\u0259y\u0259rl\u0259ndirilir. ARANTV.AZ bildirir ki, bunu\u00a0Trend-\u0259\u00a0a\u00e7\u0131qlamas\u0131nda Milli M\u0259clisin deputat\u0131 Ayd\u0131n H\u00fcseynov deyib. A.H\u00fcseynov bildirib ki, bu g\u00fcn planetimizd\u0259 COVID-19 pandemiyas\u0131n\u0131n yol a\u00e7d\u0131\u011f\u0131 d\u0259rin \u00e7\u0259tinlikl\u0259r ciddi problem yaratmaqdad\u0131r. H\u0259tta el\u0259 bir v\u0259ziyy\u0259t yaran\u0131b&hellip;","_links":{"self":[{"href":"https:\/\/arantv.az\/index.php?rest_route=\/wp\/v2\/posts\/152744"}],"collection":[{"href":"https:\/\/arantv.az\/index.php?rest_route=\/wp\/v2\/posts"}],"about":[{"href":"https:\/\/arantv.az\/index.php?rest_route=\/wp\/v2\/types\/post"}],"author":[{"embeddable":true,"href":"https:\/\/arantv.az\/index.php?rest_route=\/wp\/v2\/users\/2"}],"replies":[{"embeddable":true,"href":"https:\/\/arantv.az\/index.php?rest_route=%2Fwp%2Fv2%2Fcomments&post=152744"}],"version-history":[{"count":0,"href":"https:\/\/arantv.az\/index.php?rest_route=\/wp\/v2\/posts\/152744\/revisions"}],"wp:featuredmedia":[{"embeddable":true,"href":"https:\/\/arantv.az\/index.php?rest_route=\/wp\/v2\/media\/152745"}],"wp:attachment":[{"href":"https:\/\/arantv.az\/index.php?rest_route=%2Fwp%2Fv2%2Fmedia&parent=152744"}],"wp:term":[{"taxonomy":"category","embeddable":true,"href":"https:\/\/arantv.az\/index.php?rest_route=%2Fwp%2Fv2%2Fcategories&post=152744"},{"taxonomy":"post_tag","embeddable":true,"href":"https:\/\/arantv.az\/index.php?rest_route=%2Fwp%2Fv2%2Ftags&post=152744"}],"curies":[{"name":"wp","href":"https:\/\/api.w.org\/{rel}","templated":true}]}}