{"id":152750,"date":"2020-04-22T21:37:37","date_gmt":"2020-04-22T18:37:37","guid":{"rendered":"http:\/\/arantv.az\/?p=152750"},"modified":"2020-04-22T21:37:37","modified_gmt":"2020-04-22T18:37:37","slug":"polad-bulbuloglu-v%c9%99t%c9%99ndaslar-konsulluq-sob%c9%99sind%c9%99-qeydiyyatdan-kecm%c9%99lidirl%c9%99r","status":"publish","type":"post","link":"https:\/\/arantv.az\/?p=152750","title":{"rendered":"Polad B\u00fclb\u00fclo\u011flu: \u201cV\u0259t\u0259nda\u015flar konsulluq \u015f\u00f6b\u0259sind\u0259 qeydiyyatdan ke\u00e7m\u0259lidirl\u0259r\u201d"},"content":{"rendered":"<p>Az\u0259rbaycan Respublikas\u0131n\u0131n Rusiya Federasiyas\u0131ndak\u0131 f\u00f6vq\u0259lad\u0259 v\u0259 s\u0259lahiyy\u0259tli s\u0259firi Polad B\u00fclb\u00fclo\u011flu\u00a0haz\u0131rda\u00a0Rusiya Federasiyas\u0131\u00a0\u0259razisind\u0259 olan Az\u0259rbaycan v\u0259t\u0259nda\u015flar\u0131na \u00e7a\u011f\u0131r\u0131\u015f edib.<\/p>\n<p>\u201cReport\u201dun m\u0259lumat\u0131na g\u00f6r\u0259,\u00a0s\u0259fir\u00a0\u201cReal TV\u201dy\u0259\u00a0m\u00fcsahib\u0259sind\u0259 bildirib ki,\u00a0Az\u0259rbaycan\u00a0v\u0259t\u0259nda\u015flar\u0131 konsulluq \u015f\u00f6b\u0259sind\u0259 qeydiyyatdan ke\u00e7m\u0259lidirl\u0259r.<\/p>\n<div id=\"AdviadNativeVideo0\" class=\"AdviadNativeVideo\"><\/div>\n<p>\u201cB\u0259zi v\u0259t\u0259nda\u015flar\u00a0konsulluqda qeydiyyatdan ke\u00e7m\u0259yib.\u00a0Bel\u0259 g\u0259rgin v\u0259ziyy\u0259tl\u0259r yarananda s\u0259firliyin i\u015fi \u00e7\u0259tinl\u0259\u015fir. Bu c\u00fcr \u015f\u0259raitl\u0259rd\u0259 bu, m\u00fctl\u0259q vacibdir. Biz s\u0259frilikd\u0259 \u201cQaynar x\u0259tt\u201d t\u0259\u015fkil etmi\u015fik. H\u0259min \u201cQaynar x\u0259tt\u201d h\u0259ft\u0259nin yeddi g\u00fcn\u00fc, 24 saat v\u0259t\u0259nda\u015flar\u0131n m\u00fcraci\u0259tini q\u0259bul edir.<\/p>\n<p>S\u0259firliyin f\u00f6vq\u0259lad\u0259 imkanlar\u0131 yoxdur. Biz sad\u0259c\u0259 m\u00fcraci\u0259tl\u0259rin ham\u0131s\u0131n\u0131 qeyd\u0259 al\u0131b m\u00fc\u0259yy\u0259n dair\u0259l\u0259r\u0259, Bak\u0131ya t\u0259qdim edirik. Bu \u015f\u0259raitd\u0259 ham\u0131 v\u0259t\u0259n\u0259 qay\u0131tmaq ist\u0259yir\u201d, &#8211; dey\u0259 diplomat bildirib.<\/p>\n","protected":false},"excerpt":{"rendered":"<p>Az\u0259rbaycan Respublikas\u0131n\u0131n Rusiya Federasiyas\u0131ndak\u0131 f\u00f6vq\u0259lad\u0259 v\u0259 s\u0259lahiyy\u0259tli s\u0259firi Polad B\u00fclb\u00fclo\u011flu\u00a0haz\u0131rda\u00a0Rusiya Federasiyas\u0131\u00a0\u0259razisind\u0259 olan Az\u0259rbaycan v\u0259t\u0259nda\u015flar\u0131na \u00e7a\u011f\u0131r\u0131\u015f edib. \u201cReport\u201dun m\u0259lumat\u0131na g\u00f6r\u0259,\u00a0s\u0259fir\u00a0\u201cReal TV\u201dy\u0259\u00a0m\u00fcsahib\u0259sind\u0259 bildirib ki,\u00a0Az\u0259rbaycan\u00a0v\u0259t\u0259nda\u015flar\u0131 konsulluq \u015f\u00f6b\u0259sind\u0259 qeydiyyatdan ke\u00e7m\u0259lidirl\u0259r. \u201cB\u0259zi v\u0259t\u0259nda\u015flar\u00a0konsulluqda qeydiyyatdan ke\u00e7m\u0259yib.\u00a0Bel\u0259 g\u0259rgin v\u0259ziyy\u0259tl\u0259r yarananda s\u0259firliyin i\u015fi \u00e7\u0259tinl\u0259\u015fir. Bu c\u00fcr \u015f\u0259raitl\u0259rd\u0259 bu, m\u00fctl\u0259q vacibdir. Biz s\u0259frilikd\u0259 \u201cQaynar x\u0259tt\u201d t\u0259\u015fkil etmi\u015fik. H\u0259min \u201cQaynar x\u0259tt\u201d h\u0259ft\u0259nin yeddi g\u00fcn\u00fc, 24 saat v\u0259t\u0259nda\u015flar\u0131n m\u00fcraci\u0259tini q\u0259bul edir. S\u0259firliyin f\u00f6vq\u0259lad\u0259 imkanlar\u0131 yoxdur. Biz sad\u0259c\u0259 m\u00fcraci\u0259tl\u0259rin ham\u0131s\u0131n\u0131 qeyd\u0259 al\u0131b m\u00fc\u0259yy\u0259n dair\u0259l\u0259r\u0259, Bak\u0131ya t\u0259qdim edirik. Bu \u015f\u0259raitd\u0259 ham\u0131 v\u0259t\u0259n\u0259 qay\u0131tmaq ist\u0259yir\u201d, &#8211; dey\u0259 diplomat bildirib.<\/p>\n","protected":false},"author":2,"featured_media":152751,"comment_status":"closed","ping_status":"closed","sticky":false,"template":"","format":"standard","meta":{"om_disable_all_campaigns":false,"_monsterinsights_skip_tracking":false,"_monsterinsights_sitenote_active":false,"_monsterinsights_sitenote_note":"","_monsterinsights_sitenote_category":0},"categories":[19],"tags":[],"aioseo_notices":[],"gutentor_comment":0,"rttpg_featured_image_url":{"full":["https:\/\/arantv.az\/wp-content\/uploads\/2020\/04\/qqqqq.jpg",620,412,false],"landscape":["https:\/\/arantv.az\/wp-content\/uploads\/2020\/04\/qqqqq.jpg",620,412,false],"portraits":["https:\/\/arantv.az\/wp-content\/uploads\/2020\/04\/qqqqq.jpg",620,412,false],"thumbnail":["https:\/\/arantv.az\/wp-content\/uploads\/2020\/04\/qqqqq-150x150.jpg",150,150,true],"medium":["https:\/\/arantv.az\/wp-content\/uploads\/2020\/04\/qqqqq-300x199.jpg",300,199,true],"large":["https:\/\/arantv.az\/wp-content\/uploads\/2020\/04\/qqqqq.jpg",620,412,false],"1536x1536":["https:\/\/arantv.az\/wp-content\/uploads\/2020\/04\/qqqqq.jpg",620,412,false],"2048x2048":["https:\/\/arantv.az\/wp-content\/uploads\/2020\/04\/qqqqq.jpg",620,412,false],"post-thumbnail":["https:\/\/arantv.az\/wp-content\/uploads\/2020\/04\/qqqqq-240x172.jpg",240,172,true],"advps-thumb-one":["https:\/\/arantv.az\/wp-content\/uploads\/2020\/04\/qqqqq.jpg",620,412,false]},"rttpg_author":{"display_name":"V\u00fcsal Rafiqo\u011flu","author_link":"https:\/\/arantv.az\/?author=2"},"rttpg_comment":0,"rttpg_category":"<a href=\"https:\/\/arantv.az\/?cat=19\" rel=\"category\">G\u00fcnd\u0259m<\/a>","rttpg_excerpt":"Az\u0259rbaycan Respublikas\u0131n\u0131n Rusiya Federasiyas\u0131ndak\u0131 f\u00f6vq\u0259lad\u0259 v\u0259 s\u0259lahiyy\u0259tli s\u0259firi Polad B\u00fclb\u00fclo\u011flu\u00a0haz\u0131rda\u00a0Rusiya Federasiyas\u0131\u00a0\u0259razisind\u0259 olan Az\u0259rbaycan v\u0259t\u0259nda\u015flar\u0131na \u00e7a\u011f\u0131r\u0131\u015f edib. \u201cReport\u201dun m\u0259lumat\u0131na g\u00f6r\u0259,\u00a0s\u0259fir\u00a0\u201cReal TV\u201dy\u0259\u00a0m\u00fcsahib\u0259sind\u0259 bildirib ki,\u00a0Az\u0259rbaycan\u00a0v\u0259t\u0259nda\u015flar\u0131 konsulluq \u015f\u00f6b\u0259sind\u0259 qeydiyyatdan ke\u00e7m\u0259lidirl\u0259r. \u201cB\u0259zi v\u0259t\u0259nda\u015flar\u00a0konsulluqda qeydiyyatdan ke\u00e7m\u0259yib.\u00a0Bel\u0259 g\u0259rgin v\u0259ziyy\u0259tl\u0259r yarananda s\u0259firliyin i\u015fi \u00e7\u0259tinl\u0259\u015fir. Bu c\u00fcr \u015f\u0259raitl\u0259rd\u0259 bu, m\u00fctl\u0259q vacibdir. Biz s\u0259frilikd\u0259 \u201cQaynar x\u0259tt\u201d t\u0259\u015fkil etmi\u015fik. H\u0259min \u201cQaynar x\u0259tt\u201d h\u0259ft\u0259nin yeddi g\u00fcn\u00fc, 24&hellip;","_links":{"self":[{"href":"https:\/\/arantv.az\/index.php?rest_route=\/wp\/v2\/posts\/152750"}],"collection":[{"href":"https:\/\/arantv.az\/index.php?rest_route=\/wp\/v2\/posts"}],"about":[{"href":"https:\/\/arantv.az\/index.php?rest_route=\/wp\/v2\/types\/post"}],"author":[{"embeddable":true,"href":"https:\/\/arantv.az\/index.php?rest_route=\/wp\/v2\/users\/2"}],"replies":[{"embeddable":true,"href":"https:\/\/arantv.az\/index.php?rest_route=%2Fwp%2Fv2%2Fcomments&post=152750"}],"version-history":[{"count":0,"href":"https:\/\/arantv.az\/index.php?rest_route=\/wp\/v2\/posts\/152750\/revisions"}],"wp:featuredmedia":[{"embeddable":true,"href":"https:\/\/arantv.az\/index.php?rest_route=\/wp\/v2\/media\/152751"}],"wp:attachment":[{"href":"https:\/\/arantv.az\/index.php?rest_route=%2Fwp%2Fv2%2Fmedia&parent=152750"}],"wp:term":[{"taxonomy":"category","embeddable":true,"href":"https:\/\/arantv.az\/index.php?rest_route=%2Fwp%2Fv2%2Fcategories&post=152750"},{"taxonomy":"post_tag","embeddable":true,"href":"https:\/\/arantv.az\/index.php?rest_route=%2Fwp%2Fv2%2Ftags&post=152750"}],"curies":[{"name":"wp","href":"https:\/\/api.w.org\/{rel}","templated":true}]}}