{"id":152757,"date":"2020-04-22T21:40:36","date_gmt":"2020-04-22T18:40:36","guid":{"rendered":"http:\/\/arantv.az\/?p=152757"},"modified":"2020-04-22T21:40:36","modified_gmt":"2020-04-22T18:40:36","slug":"n%c9%99sib%c9%99-zeynalovanin-adini-dasiyan-n%c9%99v%c9%99si-n%c9%99n%c9%99m-ol%c9%99nd%c9%99-saatimiz-dayandi","status":"publish","type":"post","link":"https:\/\/arantv.az\/?p=152757","title":{"rendered":"N\u0259sib\u0259 Zeynalovan\u0131n ad\u0131n\u0131 da\u015f\u0131yan n\u0259v\u0259si: &#8220;N\u0259n\u0259m \u00f6l\u0259nd\u0259 saat\u0131m\u0131z dayand\u0131&#8221;"},"content":{"rendered":"<p>M\u0259rhum Xalq artisti N\u0259sib\u0259 Zeynalovan\u0131n ad\u0131n\u0131 da\u015f\u0131yan n\u0259v\u0259si &#8220;5\/5&#8221; verili\u015fin\u0259 a\u00e7\u0131qlama verib.<br \/>\nAx\u015fam.az x\u0259b\u0259r verir ki, n\u0259v\u0259 N\u0259sib\u0259 n\u0259n\u0259sinin m\u0259zar\u0131n\u0131 ziyar\u0259t ed\u0259rk\u0259n g\u00f6r\u00fcnt\u00fcl\u0259nib. O, N.Zeynalova il\u0259 ba\u011fl\u0131 xatir\u0259l\u0259rini b\u00f6l\u00fc\u015f\u00fcb:<br \/>\n&#8220;\u018fsl xan\u0131m, g\u00f6z\u0259l h\u0259yat yolda\u015f\u0131, ana v\u0259 n\u0259n\u0259 idi. N\u0259n\u0259m m\u0259ni \u00f6vladl\u0131\u011fa g\u00f6t\u00fcrm\u00fc\u015fd\u00fc. Novruz bayram\u0131 \u0259r\u0259f\u0259sind\u0259 do\u011fulmu\u015fdum. Atam ad\u0131m\u0131 Bahar qoymaq ist\u0259yirdi. N\u0259n\u0259m deyib ki, \u00f6z ad\u0131m\u0131 qoyacam. \u0130ndi s\u0259n\u0259d \u00fcz\u0259rind\u0259 Cahangir m\u0259nim qarda\u015f\u0131m gedir. H\u0259m atam, h\u0259m qarda\u015f\u0131md\u0131r.<\/p>\n<p>N\u0259n\u0259m\u0259 son g\u00fcnl\u0259rind\u0259 m\u0259n bax\u0131rd\u0131m. Medal vermi\u015fdil\u0259r, g\u0259tirib g\u00f6st\u0259rdim. Kivi yedizdirdim, otaqdan \u00e7\u0131xd\u0131m. Yar\u0131m saat sonra v\u0259fat etdi. H\u0259min d\u0259qiq\u0259 d\u0259 evimizd\u0259ki saat dayand\u0131&#8221;.<\/p>\n","protected":false},"excerpt":{"rendered":"<p>M\u0259rhum Xalq artisti N\u0259sib\u0259 Zeynalovan\u0131n ad\u0131n\u0131 da\u015f\u0131yan n\u0259v\u0259si &#8220;5\/5&#8221; verili\u015fin\u0259 a\u00e7\u0131qlama verib. Ax\u015fam.az x\u0259b\u0259r verir ki, n\u0259v\u0259 N\u0259sib\u0259 n\u0259n\u0259sinin m\u0259zar\u0131n\u0131 ziyar\u0259t ed\u0259rk\u0259n g\u00f6r\u00fcnt\u00fcl\u0259nib. O, N.Zeynalova il\u0259 ba\u011fl\u0131 xatir\u0259l\u0259rini b\u00f6l\u00fc\u015f\u00fcb: &#8220;\u018fsl xan\u0131m, g\u00f6z\u0259l h\u0259yat yolda\u015f\u0131, ana v\u0259 n\u0259n\u0259 idi. N\u0259n\u0259m m\u0259ni \u00f6vladl\u0131\u011fa g\u00f6t\u00fcrm\u00fc\u015fd\u00fc. Novruz bayram\u0131 \u0259r\u0259f\u0259sind\u0259 do\u011fulmu\u015fdum. Atam ad\u0131m\u0131 Bahar qoymaq ist\u0259yirdi. N\u0259n\u0259m deyib ki, \u00f6z ad\u0131m\u0131 qoyacam. \u0130ndi s\u0259n\u0259d \u00fcz\u0259rind\u0259 Cahangir m\u0259nim qarda\u015f\u0131m gedir. H\u0259m atam, h\u0259m qarda\u015f\u0131md\u0131r. N\u0259n\u0259m\u0259 son g\u00fcnl\u0259rind\u0259 m\u0259n bax\u0131rd\u0131m. Medal vermi\u015fdil\u0259r, g\u0259tirib g\u00f6st\u0259rdim. Kivi yedizdirdim, otaqdan \u00e7\u0131xd\u0131m. Yar\u0131m saat sonra v\u0259fat etdi. H\u0259min d\u0259qiq\u0259 d\u0259 evimizd\u0259ki&hellip;<\/p>\n","protected":false},"author":2,"featured_media":152758,"comment_status":"closed","ping_status":"closed","sticky":false,"template":"","format":"standard","meta":{"om_disable_all_campaigns":false,"_monsterinsights_skip_tracking":false,"_monsterinsights_sitenote_active":false,"_monsterinsights_sitenote_note":"","_monsterinsights_sitenote_category":0},"categories":[24],"tags":[],"aioseo_notices":[],"gutentor_comment":0,"rttpg_featured_image_url":{"full":["https:\/\/arantv.az\/wp-content\/uploads\/2020\/04\/nesibe.jpg",650,401,false],"landscape":["https:\/\/arantv.az\/wp-content\/uploads\/2020\/04\/nesibe.jpg",650,401,false],"portraits":["https:\/\/arantv.az\/wp-content\/uploads\/2020\/04\/nesibe.jpg",650,401,false],"thumbnail":["https:\/\/arantv.az\/wp-content\/uploads\/2020\/04\/nesibe-150x150.jpg",150,150,true],"medium":["https:\/\/arantv.az\/wp-content\/uploads\/2020\/04\/nesibe-300x185.jpg",300,185,true],"large":["https:\/\/arantv.az\/wp-content\/uploads\/2020\/04\/nesibe.jpg",640,395,false],"1536x1536":["https:\/\/arantv.az\/wp-content\/uploads\/2020\/04\/nesibe.jpg",650,401,false],"2048x2048":["https:\/\/arantv.az\/wp-content\/uploads\/2020\/04\/nesibe.jpg",650,401,false],"post-thumbnail":["https:\/\/arantv.az\/wp-content\/uploads\/2020\/04\/nesibe-240x172.jpg",240,172,true],"advps-thumb-one":["https:\/\/arantv.az\/wp-content\/uploads\/2020\/04\/nesibe.jpg",650,401,false]},"rttpg_author":{"display_name":"V\u00fcsal Rafiqo\u011flu","author_link":"https:\/\/arantv.az\/?author=2"},"rttpg_comment":0,"rttpg_category":"<a href=\"https:\/\/arantv.az\/?cat=24\" rel=\"category\">Maraql\u0131<\/a>","rttpg_excerpt":"M\u0259rhum Xalq artisti N\u0259sib\u0259 Zeynalovan\u0131n ad\u0131n\u0131 da\u015f\u0131yan n\u0259v\u0259si &#8220;5\/5&#8221; verili\u015fin\u0259 a\u00e7\u0131qlama verib. Ax\u015fam.az x\u0259b\u0259r verir ki, n\u0259v\u0259 N\u0259sib\u0259 n\u0259n\u0259sinin m\u0259zar\u0131n\u0131 ziyar\u0259t ed\u0259rk\u0259n g\u00f6r\u00fcnt\u00fcl\u0259nib. O, N.Zeynalova il\u0259 ba\u011fl\u0131 xatir\u0259l\u0259rini b\u00f6l\u00fc\u015f\u00fcb: &#8220;\u018fsl xan\u0131m, g\u00f6z\u0259l h\u0259yat yolda\u015f\u0131, ana v\u0259 n\u0259n\u0259 idi. N\u0259n\u0259m m\u0259ni \u00f6vladl\u0131\u011fa g\u00f6t\u00fcrm\u00fc\u015fd\u00fc. Novruz bayram\u0131 \u0259r\u0259f\u0259sind\u0259 do\u011fulmu\u015fdum. Atam ad\u0131m\u0131 Bahar qoymaq ist\u0259yirdi. N\u0259n\u0259m deyib ki, \u00f6z&hellip;","_links":{"self":[{"href":"https:\/\/arantv.az\/index.php?rest_route=\/wp\/v2\/posts\/152757"}],"collection":[{"href":"https:\/\/arantv.az\/index.php?rest_route=\/wp\/v2\/posts"}],"about":[{"href":"https:\/\/arantv.az\/index.php?rest_route=\/wp\/v2\/types\/post"}],"author":[{"embeddable":true,"href":"https:\/\/arantv.az\/index.php?rest_route=\/wp\/v2\/users\/2"}],"replies":[{"embeddable":true,"href":"https:\/\/arantv.az\/index.php?rest_route=%2Fwp%2Fv2%2Fcomments&post=152757"}],"version-history":[{"count":0,"href":"https:\/\/arantv.az\/index.php?rest_route=\/wp\/v2\/posts\/152757\/revisions"}],"wp:featuredmedia":[{"embeddable":true,"href":"https:\/\/arantv.az\/index.php?rest_route=\/wp\/v2\/media\/152758"}],"wp:attachment":[{"href":"https:\/\/arantv.az\/index.php?rest_route=%2Fwp%2Fv2%2Fmedia&parent=152757"}],"wp:term":[{"taxonomy":"category","embeddable":true,"href":"https:\/\/arantv.az\/index.php?rest_route=%2Fwp%2Fv2%2Fcategories&post=152757"},{"taxonomy":"post_tag","embeddable":true,"href":"https:\/\/arantv.az\/index.php?rest_route=%2Fwp%2Fv2%2Ftags&post=152757"}],"curies":[{"name":"wp","href":"https:\/\/api.w.org\/{rel}","templated":true}]}}