{"id":152777,"date":"2020-04-22T21:50:57","date_gmt":"2020-04-22T18:50:57","guid":{"rendered":"http:\/\/arantv.az\/?p=152777"},"modified":"2020-04-22T21:50:57","modified_gmt":"2020-04-22T18:50:57","slug":"kinoteatrlar-v%c9%99-konsert-zallari-pandemiyaya-gor%c9%99-z%c9%99r%c9%99r-c%c9%99kib","status":"publish","type":"post","link":"https:\/\/arantv.az\/?p=152777","title":{"rendered":"Kinoteatrlar v\u0259 konsert zallar\u0131 pandemiyaya g\u00f6r\u0259 z\u0259r\u0259r \u00e7\u0259kib"},"content":{"rendered":"<p><strong>Koronavirus (COVID-19) pandemiyas\u0131n\u0131n, d\u00fcnya enerji v\u0259 s\u0259hm bazarlar\u0131ndak\u0131 k\u0259skin dal\u011falanmalar\u0131n \u00f6lk\u0259 iqtisadiyyat\u0131na, makroiqtisadi sabitliy\u0259, m\u0259\u015f\u011fullu\u011fa v\u0259 sahibkarl\u0131q subyektl\u0259rin\u0259 m\u0259nfi t\u0259sirinin azald\u0131lmas\u0131 il\u0259 ba\u011fl\u0131 bir s\u0131ra t\u0259dbirl\u0259r haqq\u0131nda Prezident \u0130lham \u018fliyevin 19 mart 2020-ci il tarixli s\u0259r\u0259ncam\u0131n\u0131n icras\u0131 \u00e7\u0259r\u00e7iv\u0259sind\u0259 q\u0259bul edilmi\u015f T\u0259dbirl\u0259r Plan\u0131 \u00fczr\u0259 apar\u0131lan i\u015fl\u0259r davam etdirilir.<\/strong><\/p>\n<p>&#8220;Report&#8221; x\u0259b\u0259r verir ki, T\u0259dbirl\u0259r Plan\u0131n\u0131n istiqam\u0259tl\u0259rind\u0259n biri pandemiyadan z\u0259r\u0259r \u00e7\u0259kmi\u015f sahibkarl\u0131q subyektl\u0259rin\u0259 d\u0259st\u0259k g\u00f6st\u0259rilm\u0259sidir. Bu m\u0259qs\u0259dl\u0259 Vergi M\u0259c\u0259ll\u0259sin\u0259 v\u0259 dig\u0259r qanunvericilik aktlar\u0131na d\u0259yi\u015fiklikl\u0259rl\u0259 ba\u011fl\u0131 t\u0259klif\u0259r haz\u0131rlan\u0131b.<\/p>\n<p>\u0130qtisadiyyat Nazirliyi yan\u0131nda D\u00f6vl\u0259t Vergi Xidm\u0259tinin Vergi siyas\u0259ti Ba\u015f \u0130dar\u0259sinin r\u0259isi Samir\u0259 Musayeva h\u0259min t\u0259klifl\u0259ri \u015f\u0259rh edib. O, bildirib ki, pandemiyadan z\u0259r\u0259r \u00e7\u0259kmi\u015f sahibkarlara vergi sah\u0259sind\u0259 m\u00fcvafiq t\u0259\u015fviql\u0259rin verilm\u0259si n\u0259z\u0259rd\u0259 tutulur. Bu m\u0259qs\u0259dl\u0259 Vergi M\u0259c\u0259ll\u0259sin\u0259 t\u0259klif olunan d\u0259yi\u015fiklikl\u0259r sahibkarl\u0131q subyektl\u0259ri, biznes icmalar\u0131 v\u0259 aidiyy\u0259ti d\u00f6vl\u0259t orqanlar\u0131n\u0131n n\u00fcmay\u0259nd\u0259l\u0259ri il\u0259 geni\u015f m\u00fczakir\u0259 edilib, biznesin t\u0259l\u0259bl\u0259ri v\u0259 ist\u0259kl\u0259ri n\u0259z\u0259r\u0259 al\u0131n\u0131b v\u0259 m\u00fcvafiq qanun layih\u0259si Milli M\u0259clis\u0259 t\u0259qdim olunub. Vergi M\u0259c\u0259ll\u0259sind\u0259 d\u0259yi\u015fiklik edilm\u0259si haqq\u0131nda qanun b\u00f6t\u00fcvl\u00fckd\u0259 pandemiyadan z\u0259r\u0259r \u00e7\u0259k\u0259n bir s\u0131ra f\u0259aliyy\u0259t sah\u0259l\u0259rin\u0259 geni\u015fh\u0259cmli t\u0259\u015fviql\u0259ri ehtiva edir.<\/p>\n<p>Onun s\u00f6zl\u0259rin\u0259 g\u00f6r\u0259, pandemiyadan z\u0259r\u0259r \u00e7\u0259kmi\u015f sahibkarl\u0131q f\u0259aliyy\u0259ti sah\u0259l\u0259rin\u0259 \u015f\u0259h\u0259rl\u0259raras\u0131(rayonlararas\u0131) s\u0259rni\u015finda\u015f\u0131ma f\u0259aliyy\u0259tini h\u0259yata ke\u00e7ir\u0259n subyektl\u0259r, yerl\u0259\u015fdirm\u0259 vasit\u0259l\u0259ri hesab olunan mehmanxana, otel, hostel kimi t\u0259s\u0259rr\u00fcfatlar, ictimai ia\u015f\u0259 f\u0259aliyy\u0259ti, s\u0259rgil\u0259rin t\u0259\u015fkili, s\u0259hn\u0259, istirah\u0259t v\u0259 \u0259yl\u0259nc\u0259 (oyun), kinoteatr, teatr, muzey v\u0259 konsert zallar\u0131n\u0131n f\u0259aliyy\u0259ti v\u0259 s. misal g\u00f6st\u0259ril\u0259 bil\u0259r. H\u0259m\u00e7inin, t\u0259dris m\u00fc\u0259ssis\u0259l\u0259ri, o c\u00fcml\u0259d\u0259n m\u0259kt\u0259b\u0259q\u0259d\u0259r t\u0259hsil m\u00fc\u0259ssis\u0259l\u0259ri, haz\u0131rl\u0131q m\u0259rk\u0259zl\u0259ri d\u0259 z\u0259r\u0259r \u00e7\u0259k\u0259n m\u00fc\u0259ssis\u0259l\u0259r kimi m\u00fc\u0259yy\u0259nl\u0259\u015fdirilib.<\/p>\n","protected":false},"excerpt":{"rendered":"<p>Koronavirus (COVID-19) pandemiyas\u0131n\u0131n, d\u00fcnya enerji v\u0259 s\u0259hm bazarlar\u0131ndak\u0131 k\u0259skin dal\u011falanmalar\u0131n \u00f6lk\u0259 iqtisadiyyat\u0131na, makroiqtisadi sabitliy\u0259, m\u0259\u015f\u011fullu\u011fa v\u0259 sahibkarl\u0131q subyektl\u0259rin\u0259 m\u0259nfi t\u0259sirinin azald\u0131lmas\u0131 il\u0259 ba\u011fl\u0131 bir s\u0131ra t\u0259dbirl\u0259r haqq\u0131nda Prezident \u0130lham \u018fliyevin 19 mart 2020-ci il tarixli s\u0259r\u0259ncam\u0131n\u0131n icras\u0131 \u00e7\u0259r\u00e7iv\u0259sind\u0259 q\u0259bul edilmi\u015f T\u0259dbirl\u0259r Plan\u0131 \u00fczr\u0259 apar\u0131lan i\u015fl\u0259r davam etdirilir. &#8220;Report&#8221; x\u0259b\u0259r verir ki, T\u0259dbirl\u0259r Plan\u0131n\u0131n istiqam\u0259tl\u0259rind\u0259n biri pandemiyadan z\u0259r\u0259r \u00e7\u0259kmi\u015f sahibkarl\u0131q subyektl\u0259rin\u0259 d\u0259st\u0259k g\u00f6st\u0259rilm\u0259sidir. Bu m\u0259qs\u0259dl\u0259 Vergi M\u0259c\u0259ll\u0259sin\u0259 v\u0259 dig\u0259r qanunvericilik aktlar\u0131na d\u0259yi\u015fiklikl\u0259rl\u0259 ba\u011fl\u0131 t\u0259klif\u0259r haz\u0131rlan\u0131b. \u0130qtisadiyyat Nazirliyi yan\u0131nda D\u00f6vl\u0259t Vergi Xidm\u0259tinin Vergi siyas\u0259ti Ba\u015f \u0130dar\u0259sinin r\u0259isi Samir\u0259 Musayeva h\u0259min t\u0259klifl\u0259ri \u015f\u0259rh&hellip;<\/p>\n","protected":false},"author":2,"featured_media":152781,"comment_status":"closed","ping_status":"closed","sticky":false,"template":"","format":"standard","meta":{"om_disable_all_campaigns":false,"_monsterinsights_skip_tracking":false,"_monsterinsights_sitenote_active":false,"_monsterinsights_sitenote_note":"","_monsterinsights_sitenote_category":0},"categories":[24],"tags":[],"aioseo_notices":[],"gutentor_comment":0,"rttpg_featured_image_url":{"full":["https:\/\/arantv.az\/wp-content\/uploads\/2020\/04\/159e205c196f3d145b37cd7b7fe66573.jpg",450,300,false],"landscape":["https:\/\/arantv.az\/wp-content\/uploads\/2020\/04\/159e205c196f3d145b37cd7b7fe66573.jpg",450,300,false],"portraits":["https:\/\/arantv.az\/wp-content\/uploads\/2020\/04\/159e205c196f3d145b37cd7b7fe66573.jpg",450,300,false],"thumbnail":["https:\/\/arantv.az\/wp-content\/uploads\/2020\/04\/159e205c196f3d145b37cd7b7fe66573-150x150.jpg",150,150,true],"medium":["https:\/\/arantv.az\/wp-content\/uploads\/2020\/04\/159e205c196f3d145b37cd7b7fe66573-300x200.jpg",300,200,true],"large":["https:\/\/arantv.az\/wp-content\/uploads\/2020\/04\/159e205c196f3d145b37cd7b7fe66573.jpg",450,300,false],"1536x1536":["https:\/\/arantv.az\/wp-content\/uploads\/2020\/04\/159e205c196f3d145b37cd7b7fe66573.jpg",450,300,false],"2048x2048":["https:\/\/arantv.az\/wp-content\/uploads\/2020\/04\/159e205c196f3d145b37cd7b7fe66573.jpg",450,300,false],"post-thumbnail":["https:\/\/arantv.az\/wp-content\/uploads\/2020\/04\/159e205c196f3d145b37cd7b7fe66573-240x172.jpg",240,172,true],"advps-thumb-one":["https:\/\/arantv.az\/wp-content\/uploads\/2020\/04\/159e205c196f3d145b37cd7b7fe66573.jpg",450,300,false]},"rttpg_author":{"display_name":"V\u00fcsal Rafiqo\u011flu","author_link":"https:\/\/arantv.az\/?author=2"},"rttpg_comment":0,"rttpg_category":"<a href=\"https:\/\/arantv.az\/?cat=24\" rel=\"category\">Maraql\u0131<\/a>","rttpg_excerpt":"Koronavirus (COVID-19) pandemiyas\u0131n\u0131n, d\u00fcnya enerji v\u0259 s\u0259hm bazarlar\u0131ndak\u0131 k\u0259skin dal\u011falanmalar\u0131n \u00f6lk\u0259 iqtisadiyyat\u0131na, makroiqtisadi sabitliy\u0259, m\u0259\u015f\u011fullu\u011fa v\u0259 sahibkarl\u0131q subyektl\u0259rin\u0259 m\u0259nfi t\u0259sirinin azald\u0131lmas\u0131 il\u0259 ba\u011fl\u0131 bir s\u0131ra t\u0259dbirl\u0259r haqq\u0131nda Prezident \u0130lham \u018fliyevin 19 mart 2020-ci il tarixli s\u0259r\u0259ncam\u0131n\u0131n icras\u0131 \u00e7\u0259r\u00e7iv\u0259sind\u0259 q\u0259bul edilmi\u015f T\u0259dbirl\u0259r Plan\u0131 \u00fczr\u0259 apar\u0131lan i\u015fl\u0259r davam etdirilir. &#8220;Report&#8221; x\u0259b\u0259r verir ki, T\u0259dbirl\u0259r Plan\u0131n\u0131n istiqam\u0259tl\u0259rind\u0259n biri&hellip;","_links":{"self":[{"href":"https:\/\/arantv.az\/index.php?rest_route=\/wp\/v2\/posts\/152777"}],"collection":[{"href":"https:\/\/arantv.az\/index.php?rest_route=\/wp\/v2\/posts"}],"about":[{"href":"https:\/\/arantv.az\/index.php?rest_route=\/wp\/v2\/types\/post"}],"author":[{"embeddable":true,"href":"https:\/\/arantv.az\/index.php?rest_route=\/wp\/v2\/users\/2"}],"replies":[{"embeddable":true,"href":"https:\/\/arantv.az\/index.php?rest_route=%2Fwp%2Fv2%2Fcomments&post=152777"}],"version-history":[{"count":0,"href":"https:\/\/arantv.az\/index.php?rest_route=\/wp\/v2\/posts\/152777\/revisions"}],"wp:featuredmedia":[{"embeddable":true,"href":"https:\/\/arantv.az\/index.php?rest_route=\/wp\/v2\/media\/152781"}],"wp:attachment":[{"href":"https:\/\/arantv.az\/index.php?rest_route=%2Fwp%2Fv2%2Fmedia&parent=152777"}],"wp:term":[{"taxonomy":"category","embeddable":true,"href":"https:\/\/arantv.az\/index.php?rest_route=%2Fwp%2Fv2%2Fcategories&post=152777"},{"taxonomy":"post_tag","embeddable":true,"href":"https:\/\/arantv.az\/index.php?rest_route=%2Fwp%2Fv2%2Ftags&post=152777"}],"curies":[{"name":"wp","href":"https:\/\/api.w.org\/{rel}","templated":true}]}}