{"id":152797,"date":"2020-04-22T23:07:58","date_gmt":"2020-04-22T20:07:58","guid":{"rendered":"http:\/\/arantv.az\/?p=152797"},"modified":"2020-04-22T23:07:58","modified_gmt":"2020-04-22T20:07:58","slug":"italiyada-sutkada-koronavirusdan-rekord-sayda-insan-sagalib","status":"publish","type":"post","link":"https:\/\/arantv.az\/?p=152797","title":{"rendered":"\u0130taliyada sutkada koronavirusdan rekord sayda insan sa\u011fal\u0131b"},"content":{"rendered":"<p>\u0130taliyada sutka \u0259rzind\u0259 yeni koronavirusun s\u0259b\u0259b oldu\u011fu x\u0259st\u0259liyin f\u0259sadlar\u0131ndan \u00f6l\u0259nl\u0259rin say\u0131 437 n\u0259f\u0259r, qurbanlar\u0131n \u00fcmumi say\u0131 is\u0259 25 085 n\u0259f\u0259r\u0259 \u00e7at\u0131b.<\/p>\n<p><strong>ARANTV.AZ<\/strong>\u00a0 Trend.az-a istinad\u0259n x\u0259b\u0259r verir ki, bu bar\u0259d\u0259 \u00f6lk\u0259nin M\u00fclki M\u00fcdafi\u0259 Departamenti bildirib.<\/p>\n<p>M\u0259lumata \u0259sas\u0259n, \u00f6t\u0259n sutkada rekord sayda sa\u011falan x\u0259st\u0259 &#8211; 2 443 n\u0259f\u0259r, reanimasiya \u015f\u00f6b\u0259l\u0259rind\u0259 is\u0259 \u0259n a\u015fa\u011f\u0131 koronavirus x\u0259st\u0259si qeyd\u0259 al\u0131n\u0131b &#8211; 2,384 n\u0259f\u0259r.<\/p>\n<div id=\"AdviadNativeVideo0\" class=\"AdviadNativeVideo\"><\/div>\n<p>Pandemiya ba\u015flayandan b\u0259ri \u00f6lk\u0259d\u0259 yoluxanlar\u0131n \u00fcmumi say\u0131 187 327 n\u0259f\u0259r\u0259 \u00e7at\u0131b. Sa\u011falanlar\u0131n say\u0131 is\u0259 54 543 n\u0259f\u0259r\u0259 \u00e7at\u0131b.<\/p>\n","protected":false},"excerpt":{"rendered":"<p>\u0130taliyada sutka \u0259rzind\u0259 yeni koronavirusun s\u0259b\u0259b oldu\u011fu x\u0259st\u0259liyin f\u0259sadlar\u0131ndan \u00f6l\u0259nl\u0259rin say\u0131 437 n\u0259f\u0259r, qurbanlar\u0131n \u00fcmumi say\u0131 is\u0259 25 085 n\u0259f\u0259r\u0259 \u00e7at\u0131b. ARANTV.AZ\u00a0 Trend.az-a istinad\u0259n x\u0259b\u0259r verir ki, bu bar\u0259d\u0259 \u00f6lk\u0259nin M\u00fclki M\u00fcdafi\u0259 Departamenti bildirib. M\u0259lumata \u0259sas\u0259n, \u00f6t\u0259n sutkada rekord sayda sa\u011falan x\u0259st\u0259 &#8211; 2 443 n\u0259f\u0259r, reanimasiya \u015f\u00f6b\u0259l\u0259rind\u0259 is\u0259 \u0259n a\u015fa\u011f\u0131 koronavirus x\u0259st\u0259si qeyd\u0259 al\u0131n\u0131b &#8211; 2,384 n\u0259f\u0259r. Pandemiya ba\u015flayandan b\u0259ri \u00f6lk\u0259d\u0259 yoluxanlar\u0131n \u00fcmumi say\u0131 187 327 n\u0259f\u0259r\u0259 \u00e7at\u0131b. Sa\u011falanlar\u0131n say\u0131 is\u0259 54 543 n\u0259f\u0259r\u0259 \u00e7at\u0131b.<\/p>\n","protected":false},"author":2,"featured_media":152798,"comment_status":"closed","ping_status":"closed","sticky":false,"template":"","format":"standard","meta":{"om_disable_all_campaigns":false,"_monsterinsights_skip_tracking":false,"_monsterinsights_sitenote_active":false,"_monsterinsights_sitenote_note":"","_monsterinsights_sitenote_category":0},"categories":[7],"tags":[],"aioseo_notices":[],"gutentor_comment":0,"rttpg_featured_image_url":{"full":["https:\/\/arantv.az\/wp-content\/uploads\/2020\/04\/italy_coronavirus_290320.jpg",1024,683,false],"landscape":["https:\/\/arantv.az\/wp-content\/uploads\/2020\/04\/italy_coronavirus_290320.jpg",1024,683,false],"portraits":["https:\/\/arantv.az\/wp-content\/uploads\/2020\/04\/italy_coronavirus_290320.jpg",1024,683,false],"thumbnail":["https:\/\/arantv.az\/wp-content\/uploads\/2020\/04\/italy_coronavirus_290320-150x150.jpg",150,150,true],"medium":["https:\/\/arantv.az\/wp-content\/uploads\/2020\/04\/italy_coronavirus_290320-300x200.jpg",300,200,true],"large":["https:\/\/arantv.az\/wp-content\/uploads\/2020\/04\/italy_coronavirus_290320-1024x683.jpg",640,427,true],"1536x1536":["https:\/\/arantv.az\/wp-content\/uploads\/2020\/04\/italy_coronavirus_290320.jpg",1024,683,false],"2048x2048":["https:\/\/arantv.az\/wp-content\/uploads\/2020\/04\/italy_coronavirus_290320.jpg",1024,683,false],"post-thumbnail":["https:\/\/arantv.az\/wp-content\/uploads\/2020\/04\/italy_coronavirus_290320-240x172.jpg",240,172,true],"advps-thumb-one":["https:\/\/arantv.az\/wp-content\/uploads\/2020\/04\/italy_coronavirus_290320-1024x620.jpg",1024,620,true]},"rttpg_author":{"display_name":"V\u00fcsal Rafiqo\u011flu","author_link":"https:\/\/arantv.az\/?author=2"},"rttpg_comment":0,"rttpg_category":"<a href=\"https:\/\/arantv.az\/?cat=7\" rel=\"category\">D\u00fcnya<\/a>","rttpg_excerpt":"\u0130taliyada sutka \u0259rzind\u0259 yeni koronavirusun s\u0259b\u0259b oldu\u011fu x\u0259st\u0259liyin f\u0259sadlar\u0131ndan \u00f6l\u0259nl\u0259rin say\u0131 437 n\u0259f\u0259r, qurbanlar\u0131n \u00fcmumi say\u0131 is\u0259 25 085 n\u0259f\u0259r\u0259 \u00e7at\u0131b. ARANTV.AZ\u00a0 Trend.az-a istinad\u0259n x\u0259b\u0259r verir ki, bu bar\u0259d\u0259 \u00f6lk\u0259nin M\u00fclki M\u00fcdafi\u0259 Departamenti bildirib. M\u0259lumata \u0259sas\u0259n, \u00f6t\u0259n sutkada rekord sayda sa\u011falan x\u0259st\u0259 &#8211; 2 443 n\u0259f\u0259r, reanimasiya \u015f\u00f6b\u0259l\u0259rind\u0259 is\u0259 \u0259n a\u015fa\u011f\u0131 koronavirus x\u0259st\u0259si qeyd\u0259 al\u0131n\u0131b&hellip;","_links":{"self":[{"href":"https:\/\/arantv.az\/index.php?rest_route=\/wp\/v2\/posts\/152797"}],"collection":[{"href":"https:\/\/arantv.az\/index.php?rest_route=\/wp\/v2\/posts"}],"about":[{"href":"https:\/\/arantv.az\/index.php?rest_route=\/wp\/v2\/types\/post"}],"author":[{"embeddable":true,"href":"https:\/\/arantv.az\/index.php?rest_route=\/wp\/v2\/users\/2"}],"replies":[{"embeddable":true,"href":"https:\/\/arantv.az\/index.php?rest_route=%2Fwp%2Fv2%2Fcomments&post=152797"}],"version-history":[{"count":0,"href":"https:\/\/arantv.az\/index.php?rest_route=\/wp\/v2\/posts\/152797\/revisions"}],"wp:featuredmedia":[{"embeddable":true,"href":"https:\/\/arantv.az\/index.php?rest_route=\/wp\/v2\/media\/152798"}],"wp:attachment":[{"href":"https:\/\/arantv.az\/index.php?rest_route=%2Fwp%2Fv2%2Fmedia&parent=152797"}],"wp:term":[{"taxonomy":"category","embeddable":true,"href":"https:\/\/arantv.az\/index.php?rest_route=%2Fwp%2Fv2%2Fcategories&post=152797"},{"taxonomy":"post_tag","embeddable":true,"href":"https:\/\/arantv.az\/index.php?rest_route=%2Fwp%2Fv2%2Ftags&post=152797"}],"curies":[{"name":"wp","href":"https:\/\/api.w.org\/{rel}","templated":true}]}}