{"id":152801,"date":"2020-04-22T23:10:43","date_gmt":"2020-04-22T20:10:43","guid":{"rendered":"http:\/\/arantv.az\/?p=152801"},"modified":"2020-04-22T23:10:43","modified_gmt":"2020-04-22T20:10:43","slug":"dovl%c9%99td%c9%99n-maliyy%c9%99-d%c9%99st%c9%99yi-almis-vergi-od%c9%99yicil%c9%99rinin-sayi-aciqlanib","status":"publish","type":"post","link":"https:\/\/arantv.az\/?p=152801","title":{"rendered":"D\u00f6vl\u0259td\u0259n maliyy\u0259 d\u0259st\u0259yi alm\u0131\u015f vergi \u00f6d\u0259yicil\u0259rinin say\u0131 a\u00e7\u0131qlan\u0131b"},"content":{"rendered":"<p>Az\u0259rbaycan Respublikas\u0131 Prezidentinin 2020-ci il 19 mart tarixli s\u0259r\u0259ncam\u0131n\u0131n 10.2-ci b\u0259ndinin icras\u0131 il\u0259 ba\u011fl\u0131 Nazirl\u0259r Kabineti t\u0259r\u0259find\u0259n t\u0259sdiq edilmi\u015f T\u0259dbirl\u0259r Plan\u0131na \u0259sas\u0259n, f\u0259rdi (mikro) sahibkarlara maliyy\u0259 d\u0259st\u0259yi proqram\u0131n\u0131n icras\u0131 davam etdirilir. Pandemiya il\u0259 \u0259laq\u0259dar f\u0259rdi (mikro) sahibkarlara verilm\u0259si n\u0259z\u0259rd\u0259 tutulan 80 milyon manatl\u0131q d\u0259st\u0259k t\u0259dbiri \u00fczr\u0259 bu g\u00fcn\u0259 q\u0259d\u0259r 44 mind\u0259n \u00e7ox i\u015f adam\u0131na 32 milyon manatdan \u00e7ox \u00f6d\u0259ni\u015f edilib ki, bu da ayr\u0131lm\u0131\u015f v\u0259saitin t\u0259xmin\u0259n 40 faizi q\u0259d\u0259rdir.<\/p>\n<p><strong>ARANTV.AZ\u00a0\u00a0<\/strong>Trend-\u0259 istinad\u0259n bildirir ki,bunu \u0130qtisadiyyat Nazirliyi yan\u0131nda D\u00f6vl\u0259t Vergi Xidm\u0259tinin Vergi siyas\u0259ti Ba\u015f \u0130dar\u0259sinin r\u0259isi Samir\u0259 Musayeva AzTV-nin &#8220;H\u0259d\u0259f&#8221; verili\u015find\u0259 deyib.<\/p>\n<p>O, h\u0259m\u00e7inin m\u0259lumat verib ki, muzdlu i\u015f\u00e7il\u0259r \u00fc\u00e7\u00fcn n\u0259z\u0259rd\u0259 tutulmu\u015f 215 milyon manatl\u0131q d\u0259st\u0259k t\u0259dbiri \u00fczr\u0259 15 mind\u0259n \u00e7ox sahibkar\u0131n 147 924 n\u0259f\u0259r i\u015f\u00e7isi \u00fczr\u0259 33 milyon manatdan \u00e7ox \u00f6d\u0259ni\u015f edilib. Bu is\u0259 ayr\u0131lan v\u0259saitin 16 faizi edir.<\/p>\n<p>Prosesin \u015f\u0259fafl\u0131\u011f\u0131n\u0131n t\u0259min edilm\u0259si m\u0259qs\u0259dil\u0259 \u0130qtisadiyyat Nazirliyi d\u00f6vl\u0259td\u0259n maliyy\u0259 d\u0259st\u0259yi alm\u0131\u015f vergi \u00f6d\u0259yicil\u0259rinin siyah\u0131s\u0131n\u0131 t\u0259qdim edirik (21.04.2020-ci il tarix\u04d9 olan m\u04d9lumat):<\/p>\n<p><strong>F\u0259rdi (mikro) sahibkarlara maliyy\u0259 d\u0259st\u0259yi \u00fczr\u0259 hesabat<\/strong><\/p>\n<p>T\u0259dbirin icras\u0131 \u00fczr\u0259 n\u0259z\u0259rd\u0259 tutulmu\u015f v\u0259saitin m\u0259bl\u0259\u011fi 80,0 milyon manat<\/p>\n<p>Maliyy\u0259 d\u0259st\u0259yinin m\u0259bl\u0259\u011fi 48.235 vergi \u00f6d\u0259yicisin\u0259 34.353,7 min manat<\/p>\n<p>Faktiki \u00f6d\u0259ni\u015f edilmi\u015f vergi \u00f6d\u0259yicil\u0259rinin say\u0131 44.148 vergi \u00f6d\u0259yicisi<\/p>\n<p>\u00d6d\u0259nilmi\u015f v\u0259saitin m\u0259bl\u0259\u011fi 32.068,8 min manat<\/p>\n<p>&nbsp;<\/p>\n<div class=\"inpage\">\n<div class=\"inpage-wrap\">\n<div class=\"inpage-top\">\n<div class=\"adsg-logo\"><\/div>\n<\/div>\n<\/div>\n<\/div>\n<p>&nbsp;<\/p>\n","protected":false},"excerpt":{"rendered":"<p>Az\u0259rbaycan Respublikas\u0131 Prezidentinin 2020-ci il 19 mart tarixli s\u0259r\u0259ncam\u0131n\u0131n 10.2-ci b\u0259ndinin icras\u0131 il\u0259 ba\u011fl\u0131 Nazirl\u0259r Kabineti t\u0259r\u0259find\u0259n t\u0259sdiq edilmi\u015f T\u0259dbirl\u0259r Plan\u0131na \u0259sas\u0259n, f\u0259rdi (mikro) sahibkarlara maliyy\u0259 d\u0259st\u0259yi proqram\u0131n\u0131n icras\u0131 davam etdirilir. Pandemiya il\u0259 \u0259laq\u0259dar f\u0259rdi (mikro) sahibkarlara verilm\u0259si n\u0259z\u0259rd\u0259 tutulan 80 milyon manatl\u0131q d\u0259st\u0259k t\u0259dbiri \u00fczr\u0259 bu g\u00fcn\u0259 q\u0259d\u0259r 44 mind\u0259n \u00e7ox i\u015f adam\u0131na 32 milyon manatdan \u00e7ox \u00f6d\u0259ni\u015f edilib ki, bu da ayr\u0131lm\u0131\u015f v\u0259saitin t\u0259xmin\u0259n 40 faizi q\u0259d\u0259rdir. ARANTV.AZ\u00a0\u00a0Trend-\u0259 istinad\u0259n bildirir ki,bunu \u0130qtisadiyyat Nazirliyi yan\u0131nda D\u00f6vl\u0259t Vergi Xidm\u0259tinin Vergi siyas\u0259ti Ba\u015f \u0130dar\u0259sinin r\u0259isi Samir\u0259 Musayeva AzTV-nin &#8220;H\u0259d\u0259f&#8221; verili\u015find\u0259 deyib.&hellip;<\/p>\n","protected":false},"author":2,"featured_media":152802,"comment_status":"closed","ping_status":"closed","sticky":false,"template":"","format":"standard","meta":{"om_disable_all_campaigns":false,"_monsterinsights_skip_tracking":false,"_monsterinsights_sitenote_active":false,"_monsterinsights_sitenote_note":"","_monsterinsights_sitenote_category":0},"categories":[19],"tags":[],"aioseo_notices":[],"gutentor_comment":0,"rttpg_featured_image_url":{"full":["https:\/\/arantv.az\/wp-content\/uploads\/2020\/04\/manat-2.jpg",750,500,false],"landscape":["https:\/\/arantv.az\/wp-content\/uploads\/2020\/04\/manat-2.jpg",750,500,false],"portraits":["https:\/\/arantv.az\/wp-content\/uploads\/2020\/04\/manat-2.jpg",750,500,false],"thumbnail":["https:\/\/arantv.az\/wp-content\/uploads\/2020\/04\/manat-2-150x150.jpg",150,150,true],"medium":["https:\/\/arantv.az\/wp-content\/uploads\/2020\/04\/manat-2-300x200.jpg",300,200,true],"large":["https:\/\/arantv.az\/wp-content\/uploads\/2020\/04\/manat-2.jpg",640,427,false],"1536x1536":["https:\/\/arantv.az\/wp-content\/uploads\/2020\/04\/manat-2.jpg",750,500,false],"2048x2048":["https:\/\/arantv.az\/wp-content\/uploads\/2020\/04\/manat-2.jpg",750,500,false],"post-thumbnail":["https:\/\/arantv.az\/wp-content\/uploads\/2020\/04\/manat-2-240x172.jpg",240,172,true],"advps-thumb-one":["https:\/\/arantv.az\/wp-content\/uploads\/2020\/04\/manat-2.jpg",750,500,false]},"rttpg_author":{"display_name":"V\u00fcsal Rafiqo\u011flu","author_link":"https:\/\/arantv.az\/?author=2"},"rttpg_comment":0,"rttpg_category":"<a href=\"https:\/\/arantv.az\/?cat=19\" rel=\"category\">G\u00fcnd\u0259m<\/a>","rttpg_excerpt":"Az\u0259rbaycan Respublikas\u0131 Prezidentinin 2020-ci il 19 mart tarixli s\u0259r\u0259ncam\u0131n\u0131n 10.2-ci b\u0259ndinin icras\u0131 il\u0259 ba\u011fl\u0131 Nazirl\u0259r Kabineti t\u0259r\u0259find\u0259n t\u0259sdiq edilmi\u015f T\u0259dbirl\u0259r Plan\u0131na \u0259sas\u0259n, f\u0259rdi (mikro) sahibkarlara maliyy\u0259 d\u0259st\u0259yi proqram\u0131n\u0131n icras\u0131 davam etdirilir. Pandemiya il\u0259 \u0259laq\u0259dar f\u0259rdi (mikro) sahibkarlara verilm\u0259si n\u0259z\u0259rd\u0259 tutulan 80 milyon manatl\u0131q d\u0259st\u0259k t\u0259dbiri \u00fczr\u0259 bu g\u00fcn\u0259 q\u0259d\u0259r 44 mind\u0259n \u00e7ox i\u015f adam\u0131na 32&hellip;","_links":{"self":[{"href":"https:\/\/arantv.az\/index.php?rest_route=\/wp\/v2\/posts\/152801"}],"collection":[{"href":"https:\/\/arantv.az\/index.php?rest_route=\/wp\/v2\/posts"}],"about":[{"href":"https:\/\/arantv.az\/index.php?rest_route=\/wp\/v2\/types\/post"}],"author":[{"embeddable":true,"href":"https:\/\/arantv.az\/index.php?rest_route=\/wp\/v2\/users\/2"}],"replies":[{"embeddable":true,"href":"https:\/\/arantv.az\/index.php?rest_route=%2Fwp%2Fv2%2Fcomments&post=152801"}],"version-history":[{"count":0,"href":"https:\/\/arantv.az\/index.php?rest_route=\/wp\/v2\/posts\/152801\/revisions"}],"wp:featuredmedia":[{"embeddable":true,"href":"https:\/\/arantv.az\/index.php?rest_route=\/wp\/v2\/media\/152802"}],"wp:attachment":[{"href":"https:\/\/arantv.az\/index.php?rest_route=%2Fwp%2Fv2%2Fmedia&parent=152801"}],"wp:term":[{"taxonomy":"category","embeddable":true,"href":"https:\/\/arantv.az\/index.php?rest_route=%2Fwp%2Fv2%2Fcategories&post=152801"},{"taxonomy":"post_tag","embeddable":true,"href":"https:\/\/arantv.az\/index.php?rest_route=%2Fwp%2Fv2%2Ftags&post=152801"}],"curies":[{"name":"wp","href":"https:\/\/api.w.org\/{rel}","templated":true}]}}