{"id":152825,"date":"2020-04-23T09:39:30","date_gmt":"2020-04-23T06:39:30","guid":{"rendered":"http:\/\/arantv.az\/?p=152825"},"modified":"2020-04-23T12:05:48","modified_gmt":"2020-04-23T09:05:48","slug":"b%c9%99rd%c9%99d%c9%99-icra-bascisi-qan-verdi-fotolar","status":"publish","type":"post","link":"https:\/\/arantv.az\/?p=152825","title":{"rendered":"B\u0259rd\u0259nin icra ba\u015f\u00e7\u0131s\u0131 qan verdi &#8211; FOTOLAR"},"content":{"rendered":"<p>\u0130cra ba\u015f\u00e7\u0131s\u0131 qan verm\u0259 aksiyas\u0131nda i\u015ftirak ed\u0259r\u0259k qan verib.<\/p>\n<p>Birinci vitse-prezident Mehriban \u018fliyevan\u0131n koronavirus (COVID-19) pandemiyas\u0131 il\u0259 \u0259laq\u0259dar \u00f6lk\u0259d\u0259 x\u00fcsusi karantin rejiminin t\u0259tbiq olundu\u011fu m\u00fcdd\u0259td\u0259 talassemiya v\u0259 hemofiliya, el\u0259c\u0259 d\u0259 leykoz x\u0259st\u0259liyind\u0259n \u0259ziyy\u0259t \u00e7\u0259k\u0259nl\u0259r \u00fc\u00e7\u00fcn qan ehtiyat\u0131n\u0131n yarad\u0131lmas\u0131na d\u0259st\u0259k \u00e7a\u011f\u0131r\u0131\u015f\u0131na B\u0259rd\u0259 d\u0259 qo\u015fulub.<\/p>\n<p><strong>ARANTV.AZ<\/strong> x\u0259b\u0259r verir ki ,B\u0259rd\u0259 rayon \u0130cra Hakimiyy\u0259tinin ba\u015f\u00e7\u0131s\u0131 Vidadi \u0130sayevin r\u0259hb\u0259rliyi il\u0259 k\u00f6n\u00fcll\u00fc qanverm\u0259 aksiyas\u0131 t\u0259\u015fkil olunub. Aksiyada B\u0259rd\u0259d\u0259n olan mill\u0259t v\u0259kili habel\u0259 rayon icra hakimiyy\u0259ti ba\u015f\u00e7\u0131s\u0131n\u0131n m\u00fcavinl\u0259rid\u0259 i\u015ftirak edibl\u0259r.<\/p>\n<p>Vidadi \u0130sayev mill\u0259t v\u0259kili Fatma Y\u0131ld\u0131r\u0131m icra ba\u015f\u00e7\u0131s\u0131n\u0131n m\u00fcavinl\u0259ri Vahid Qarayev, F\u0259q\u0259t \u015eadlinskaya B\u0259rd\u0259 rayon icra ba\u015f\u00e7\u0131s\u0131n\u0131n m\u00fcavini v\u0259 Yeni Az\u0259rbaycan Partiyas\u0131n\u0131n B\u0259rd\u0259 rayon t\u0259\u015fkilat\u0131n\u0131n s\u0259dri M\u0259zk\u0259zi Qan Bank\u0131n\u0131n B\u0259rd\u0259 Regional b\u00f6lm\u0259sin\u0259 g\u0259l\u0259r\u0259k qan veribl\u0259r. Aksiyada yerli icra strukturlar\u0131 il\u0259 yana\u015f\u0131, \u015f\u0259h\u0259rd\u0259 f\u0259aliyy\u0259t g\u00f6st\u0259r\u0259n idar\u0259, m\u00fc\u0259ssis\u0259, t\u0259\u015fkilatlar\u0131n i\u015fd\u0259 olan v\u0259 sa\u011flaml\u0131\u011f\u0131 imkan ver\u0259n \u0259m\u0259kda\u015flar\u0131 da i\u015ftirak edibl\u0259r.<\/p>\n<p>H\u0259kim hematoloqlar t\u0259r\u0259find\u0259n h\u0259r bir donorun sa\u011flaml\u0131q imkanlar\u0131 \u0259vv\u0259lc\u0259d\u0259n m\u00fc\u0259yy\u0259nl\u0259\u015fdirilib. H\u0259rt\u0259r\u0259fli tibbi m\u00fcayin\u0259d\u0259n sonra onlardan qan g\u00f6t\u00fcr\u00fcl\u00fcb. Toplanan qan ehtiyat\u0131 yoxlan\u0131laraq talassemiya, hemofiliya, el\u0259c\u0259 d\u0259 leykoz x\u0259st\u0259liyind\u0259n \u0259ziyy\u0259t \u00e7\u0259k\u0259n u\u015faqlar \u00fc\u00e7\u00fcn istifad\u0259 olunacaq.<\/p>\n<p><img loading=\"lazy\" class=\"alignnone size-medium wp-image-152830\" src=\"https:\/\/arantv.az\/wp-content\/uploads\/2020\/04\/25e19006-5c51-4aae-9928-f413873de7cf-300x225.jpg\" alt=\"\" width=\"300\" height=\"225\" \/><img loading=\"lazy\" class=\"alignnone size-medium wp-image-152831\" src=\"https:\/\/arantv.az\/wp-content\/uploads\/2020\/04\/a20582b0-2e44-4e27-8dc5-d734766da2b7-300x225.jpg\" alt=\"\" width=\"300\" height=\"225\" \/><img loading=\"lazy\" class=\"alignnone size-medium wp-image-152832\" src=\"https:\/\/arantv.az\/wp-content\/uploads\/2020\/04\/850d90f8-5541-4c78-acea-44f1b6176b9b-300x225.jpg\" alt=\"\" width=\"300\" height=\"225\" \/><img loading=\"lazy\" class=\"alignnone size-medium wp-image-152833\" src=\"https:\/\/arantv.az\/wp-content\/uploads\/2020\/04\/232f8b3a-2ca0-4a52-9bd8-208b71a6589b-300x225.jpg\" alt=\"\" width=\"300\" height=\"225\" \/><img loading=\"lazy\" class=\"alignnone size-medium wp-image-152833\" src=\"https:\/\/arantv.az\/wp-content\/uploads\/2020\/04\/232f8b3a-2ca0-4a52-9bd8-208b71a6589b-300x225.jpg\" alt=\"\" width=\"300\" height=\"225\" \/><img loading=\"lazy\" class=\"alignnone size-medium wp-image-152834\" src=\"https:\/\/arantv.az\/wp-content\/uploads\/2020\/04\/26f1dcf3-a7f8-4fc3-80d4-90bd6956e335-300x225.jpg\" alt=\"\" width=\"300\" height=\"225\" \/><img loading=\"lazy\" class=\"alignnone size-medium wp-image-152835\" src=\"https:\/\/arantv.az\/wp-content\/uploads\/2020\/04\/fa8bb7c0-de18-4d2f-8ffb-3836545a88f6-300x225.jpg\" alt=\"\" width=\"300\" height=\"225\" \/><img loading=\"lazy\" class=\"alignnone size-medium wp-image-152832\" src=\"https:\/\/arantv.az\/wp-content\/uploads\/2020\/04\/850d90f8-5541-4c78-acea-44f1b6176b9b-300x225.jpg\" alt=\"\" width=\"300\" height=\"225\" \/><img loading=\"lazy\" class=\"alignnone size-medium wp-image-152833\" src=\"https:\/\/arantv.az\/wp-content\/uploads\/2020\/04\/232f8b3a-2ca0-4a52-9bd8-208b71a6589b-300x225.jpg\" alt=\"\" width=\"300\" height=\"225\" \/><img loading=\"lazy\" class=\"alignnone size-medium wp-image-152834\" src=\"https:\/\/arantv.az\/wp-content\/uploads\/2020\/04\/26f1dcf3-a7f8-4fc3-80d4-90bd6956e335-300x225.jpg\" alt=\"\" width=\"300\" height=\"225\" \/><img loading=\"lazy\" class=\"alignnone size-medium wp-image-152835\" src=\"https:\/\/arantv.az\/wp-content\/uploads\/2020\/04\/fa8bb7c0-de18-4d2f-8ffb-3836545a88f6-300x225.jpg\" alt=\"\" width=\"300\" height=\"225\" \/><img loading=\"lazy\" class=\"alignnone size-medium wp-image-152836\" src=\"https:\/\/arantv.az\/wp-content\/uploads\/2020\/04\/83669c40-3771-4ace-bc09-61f5e32c6da0-300x225.jpg\" alt=\"\" width=\"300\" height=\"225\" \/><img loading=\"lazy\" class=\"alignnone size-medium wp-image-152838\" src=\"https:\/\/arantv.az\/wp-content\/uploads\/2020\/04\/b9ff9b3f-57e8-4c5f-9f93-116764c074ea-300x225.jpg\" alt=\"\" width=\"300\" height=\"225\" \/><img loading=\"lazy\" class=\"alignnone size-medium wp-image-152839\" src=\"https:\/\/arantv.az\/wp-content\/uploads\/2020\/04\/2f4535ff-17ae-4542-b50d-5302f2858787-300x225.jpg\" alt=\"\" width=\"300\" height=\"225\" \/><\/p>\n<p><img loading=\"lazy\" class=\"alignnone size-medium wp-image-152864\" src=\"https:\/\/arantv.az\/wp-content\/uploads\/2020\/04\/a974034f-baf9-416e-ab0d-57db890e352e-300x199.jpg\" alt=\"\" width=\"300\" height=\"199\" \/><\/p>\n","protected":false},"excerpt":{"rendered":"<p>\u0130cra ba\u015f\u00e7\u0131s\u0131 qan verm\u0259 aksiyas\u0131nda i\u015ftirak ed\u0259r\u0259k qan verib. Birinci vitse-prezident Mehriban \u018fliyevan\u0131n koronavirus (COVID-19) pandemiyas\u0131 il\u0259 \u0259laq\u0259dar \u00f6lk\u0259d\u0259 x\u00fcsusi karantin rejiminin t\u0259tbiq olundu\u011fu m\u00fcdd\u0259td\u0259 talassemiya v\u0259 hemofiliya, el\u0259c\u0259 d\u0259 leykoz x\u0259st\u0259liyind\u0259n \u0259ziyy\u0259t \u00e7\u0259k\u0259nl\u0259r \u00fc\u00e7\u00fcn qan ehtiyat\u0131n\u0131n yarad\u0131lmas\u0131na d\u0259st\u0259k \u00e7a\u011f\u0131r\u0131\u015f\u0131na B\u0259rd\u0259 d\u0259 qo\u015fulub. ARANTV.AZ x\u0259b\u0259r verir ki ,B\u0259rd\u0259 rayon \u0130cra Hakimiyy\u0259tinin ba\u015f\u00e7\u0131s\u0131 Vidadi \u0130sayevin r\u0259hb\u0259rliyi il\u0259 k\u00f6n\u00fcll\u00fc qanverm\u0259 aksiyas\u0131 t\u0259\u015fkil olunub. Aksiyada B\u0259rd\u0259d\u0259n olan mill\u0259t v\u0259kili habel\u0259 rayon icra hakimiyy\u0259ti ba\u015f\u00e7\u0131s\u0131n\u0131n m\u00fcavinl\u0259rid\u0259 i\u015ftirak edibl\u0259r. Vidadi \u0130sayev mill\u0259t v\u0259kili Fatma Y\u0131ld\u0131r\u0131m icra ba\u015f\u00e7\u0131s\u0131n\u0131n m\u00fcavinl\u0259ri Vahid Qarayev, F\u0259q\u0259t \u015eadlinskaya B\u0259rd\u0259 rayon icra&hellip;<\/p>\n","protected":false},"author":2,"featured_media":152838,"comment_status":"closed","ping_status":"closed","sticky":false,"template":"","format":"standard","meta":{"om_disable_all_campaigns":false,"_monsterinsights_skip_tracking":false,"_monsterinsights_sitenote_active":false,"_monsterinsights_sitenote_note":"","_monsterinsights_sitenote_category":0},"categories":[1,11],"tags":[],"aioseo_notices":[],"gutentor_comment":0,"rttpg_featured_image_url":{"full":["https:\/\/arantv.az\/wp-content\/uploads\/2020\/04\/b9ff9b3f-57e8-4c5f-9f93-116764c074ea.jpg",1040,780,false],"landscape":["https:\/\/arantv.az\/wp-content\/uploads\/2020\/04\/b9ff9b3f-57e8-4c5f-9f93-116764c074ea.jpg",1040,780,false],"portraits":["https:\/\/arantv.az\/wp-content\/uploads\/2020\/04\/b9ff9b3f-57e8-4c5f-9f93-116764c074ea.jpg",1040,780,false],"thumbnail":["https:\/\/arantv.az\/wp-content\/uploads\/2020\/04\/b9ff9b3f-57e8-4c5f-9f93-116764c074ea-150x150.jpg",150,150,true],"medium":["https:\/\/arantv.az\/wp-content\/uploads\/2020\/04\/b9ff9b3f-57e8-4c5f-9f93-116764c074ea-300x225.jpg",300,225,true],"large":["https:\/\/arantv.az\/wp-content\/uploads\/2020\/04\/b9ff9b3f-57e8-4c5f-9f93-116764c074ea-1024x768.jpg",640,480,true],"1536x1536":["https:\/\/arantv.az\/wp-content\/uploads\/2020\/04\/b9ff9b3f-57e8-4c5f-9f93-116764c074ea.jpg",1040,780,false],"2048x2048":["https:\/\/arantv.az\/wp-content\/uploads\/2020\/04\/b9ff9b3f-57e8-4c5f-9f93-116764c074ea.jpg",1040,780,false],"post-thumbnail":["https:\/\/arantv.az\/wp-content\/uploads\/2020\/04\/b9ff9b3f-57e8-4c5f-9f93-116764c074ea-240x172.jpg",240,172,true],"advps-thumb-one":["https:\/\/arantv.az\/wp-content\/uploads\/2020\/04\/b9ff9b3f-57e8-4c5f-9f93-116764c074ea-1040x620.jpg",1040,620,true]},"rttpg_author":{"display_name":"V\u00fcsal Rafiqo\u011flu","author_link":"https:\/\/arantv.az\/?author=2"},"rttpg_comment":0,"rttpg_category":"<a href=\"https:\/\/arantv.az\/?cat=1\" rel=\"category\">C\u0259miyy\u0259t<\/a> <a href=\"https:\/\/arantv.az\/?cat=11\" rel=\"category\">Manset<\/a>","rttpg_excerpt":"\u0130cra ba\u015f\u00e7\u0131s\u0131 qan verm\u0259 aksiyas\u0131nda i\u015ftirak ed\u0259r\u0259k qan verib. Birinci vitse-prezident Mehriban \u018fliyevan\u0131n koronavirus (COVID-19) pandemiyas\u0131 il\u0259 \u0259laq\u0259dar \u00f6lk\u0259d\u0259 x\u00fcsusi karantin rejiminin t\u0259tbiq olundu\u011fu m\u00fcdd\u0259td\u0259 talassemiya v\u0259 hemofiliya, el\u0259c\u0259 d\u0259 leykoz x\u0259st\u0259liyind\u0259n \u0259ziyy\u0259t \u00e7\u0259k\u0259nl\u0259r \u00fc\u00e7\u00fcn qan ehtiyat\u0131n\u0131n yarad\u0131lmas\u0131na d\u0259st\u0259k \u00e7a\u011f\u0131r\u0131\u015f\u0131na B\u0259rd\u0259 d\u0259 qo\u015fulub. ARANTV.AZ x\u0259b\u0259r verir ki ,B\u0259rd\u0259 rayon \u0130cra Hakimiyy\u0259tinin ba\u015f\u00e7\u0131s\u0131 Vidadi \u0130sayevin r\u0259hb\u0259rliyi&hellip;","_links":{"self":[{"href":"https:\/\/arantv.az\/index.php?rest_route=\/wp\/v2\/posts\/152825"}],"collection":[{"href":"https:\/\/arantv.az\/index.php?rest_route=\/wp\/v2\/posts"}],"about":[{"href":"https:\/\/arantv.az\/index.php?rest_route=\/wp\/v2\/types\/post"}],"author":[{"embeddable":true,"href":"https:\/\/arantv.az\/index.php?rest_route=\/wp\/v2\/users\/2"}],"replies":[{"embeddable":true,"href":"https:\/\/arantv.az\/index.php?rest_route=%2Fwp%2Fv2%2Fcomments&post=152825"}],"version-history":[{"count":0,"href":"https:\/\/arantv.az\/index.php?rest_route=\/wp\/v2\/posts\/152825\/revisions"}],"wp:featuredmedia":[{"embeddable":true,"href":"https:\/\/arantv.az\/index.php?rest_route=\/wp\/v2\/media\/152838"}],"wp:attachment":[{"href":"https:\/\/arantv.az\/index.php?rest_route=%2Fwp%2Fv2%2Fmedia&parent=152825"}],"wp:term":[{"taxonomy":"category","embeddable":true,"href":"https:\/\/arantv.az\/index.php?rest_route=%2Fwp%2Fv2%2Fcategories&post=152825"},{"taxonomy":"post_tag","embeddable":true,"href":"https:\/\/arantv.az\/index.php?rest_route=%2Fwp%2Fv2%2Ftags&post=152825"}],"curies":[{"name":"wp","href":"https:\/\/api.w.org\/{rel}","templated":true}]}}