{"id":152875,"date":"2020-04-23T11:07:28","date_gmt":"2020-04-23T08:07:28","guid":{"rendered":"http:\/\/arantv.az\/?p=152875"},"modified":"2020-04-23T11:07:28","modified_gmt":"2020-04-23T08:07:28","slug":"aleksandr-merejko-az%c9%99rbaycan-dostumuzdur-turkiy%c9%99-t%c9%99r%c9%99fdasimiz","status":"publish","type":"post","link":"https:\/\/arantv.az\/?p=152875","title":{"rendered":"Aleksandr Merejko: \u201cAz\u0259rbaycan dostumuzdur, T\u00fcrkiy\u0259 t\u0259r\u0259fda\u015f\u0131m\u0131z\u201d"},"content":{"rendered":"<p>Ukrayna Xarici \u0130\u015fl\u0259r nazirinin m\u00fcavini Vasili Bodnar r\u0259smi Kiyevin Osmanl\u0131 \u0130mperiyas\u0131ndak\u0131 qondarma \u201cerm\u0259ni soyq\u0131r\u0131m\u0131\u201dn\u0131 tan\u0131mad\u0131\u011f\u0131n\u0131 v\u0259 bu s\u0259b\u0259bd\u0259n d\u0259 bu terminin istifad\u0259 edilm\u0259y\u0259c\u0259yini bildirib.<\/p>\n<p>Ukrayna Ali Radas\u0131n\u0131n Xarici Siyas\u0259t Komit\u0259sinin r\u0259hb\u0259ri, h\u00fcquq elml\u0259ri doktoru, professor\u00a0Aleksandr Merejko\u00a0<a href=\"https:\/\/media.az\/politics\/1067773518\/turciya-nash-partner-azerbaydzhan-nash-drug-genocid-armyan-kommentiruet-glava-komiteta-verhovnoy-rady\/?fbclid=IwAR2XGZzNs_ZRHcrZzvPbJ9V8EI77Yni1-Ul7ddI2VA7ynAd_CKECyRuaw68\" target=\"_blank\" rel=\"noopener\">Media.Az<\/a>-a a\u00e7\u0131qlamas\u0131nda\u00a0qeyd edib:<\/p>\n<p>\u201cBiz T\u00fcrkiy\u0259nin vacib t\u0259r\u0259fda\u015f\u0131m\u0131z, Az\u0259rbaycan\u0131n dostumuz olmas\u0131 m\u00f6vqeyind\u0259n \u00e7\u0131x\u0131\u015f edirik. D\u00f6vl\u0259tl\u0259rimiz aras\u0131ndak\u0131 m\u00fcnasib\u0259tl\u0259r\u0259 z\u0259r\u0259r verm\u0259m\u0259y\u0259 \u00e7al\u0131\u015f\u0131r\u0131q. Bir daxili amil d\u0259 var, bizd\u0259 y\u00fcz minl\u0259rl\u0259 Az\u0259rbaycan diasporunun n\u00fcmay\u0259nd\u0259si var. He\u00e7 bir m\u0259s\u0259l\u0259nin a\u011f\u0131rla\u015fmas\u0131na, q\u00fctbl\u0259\u015fm\u0259sin\u0259 ehtiyac yoxdur\u201d.<\/p>\n<div id=\"AdviadNativeVideo0\" class=\"AdviadNativeVideo\"><\/div>\n<p>M\u00fcsahibimizin s\u00f6zl\u0259rin\u0259 g\u00f6r\u0259, Ukrayna Xarici \u0130\u015fl\u0259r Nazirliyinin m\u00f6vqeyi \u00f6lk\u0259nin milli maraqlar\u0131 bax\u0131m\u0131ndan \u00e7ox balansl\u0131 v\u0259 s\u0259lahiyy\u0259tlidir: \u201cUkrayna Prezidenti Vladimir Zelenskinin dediyi kimi, \u00f6lk\u0259miz\u0259 k\u00f6m\u0259k etm\u0259y\u0259 haz\u0131r olan Az\u0259rbaycan\u0131n m\u00f6vqeyini \u00e7ox y\u00fcks\u0259k qiym\u0259tl\u0259ndiririk\u201d.<\/p>\n<p>&#8211; Hesab edir\u0259m ki, 300 milyon dollardan dan\u0131\u015f\u0131r\u0131q&#8230;<\/p>\n<p>&#8211; Do\u011frudur. Bunu dostcas\u0131na davran\u0131\u015f kimi q\u0259bul edir, \u00e7ox y\u00fcks\u0259k qiym\u0259tl\u0259ndiririk. Ayr\u0131-ayr\u0131 deputatlar\u0131n siyasi motivli a\u00e7\u0131qlamalar\u0131 n\u0259tic\u0259sind\u0259 m\u00fcnasib\u0259tl\u0259rimizin pozulmas\u0131n\u0131 ist\u0259mirik. Ham\u0131m\u0131z \u00e7\u0259tin v\u0259ziyy\u0259td\u0259yik v\u0259 buna g\u00f6r\u0259 d\u0259 Az\u0259rbaycan\u0131n Ukrayna \u00fc\u00e7\u00fcn \u0259vv\u0259l v\u0259 indi etdikl\u0259rini y\u00fcks\u0259k qiym\u0259tl\u0259ndiririk. R\u0259smi Bak\u0131 bizim \u00fc\u00e7\u00fcn dost v\u0259 strateji t\u0259r\u0259fda\u015fd\u0131r.<\/p>\n","protected":false},"excerpt":{"rendered":"<p>Ukrayna Xarici \u0130\u015fl\u0259r nazirinin m\u00fcavini Vasili Bodnar r\u0259smi Kiyevin Osmanl\u0131 \u0130mperiyas\u0131ndak\u0131 qondarma \u201cerm\u0259ni soyq\u0131r\u0131m\u0131\u201dn\u0131 tan\u0131mad\u0131\u011f\u0131n\u0131 v\u0259 bu s\u0259b\u0259bd\u0259n d\u0259 bu terminin istifad\u0259 edilm\u0259y\u0259c\u0259yini bildirib. Ukrayna Ali Radas\u0131n\u0131n Xarici Siyas\u0259t Komit\u0259sinin r\u0259hb\u0259ri, h\u00fcquq elml\u0259ri doktoru, professor\u00a0Aleksandr Merejko\u00a0Media.Az-a a\u00e7\u0131qlamas\u0131nda\u00a0qeyd edib: \u201cBiz T\u00fcrkiy\u0259nin vacib t\u0259r\u0259fda\u015f\u0131m\u0131z, Az\u0259rbaycan\u0131n dostumuz olmas\u0131 m\u00f6vqeyind\u0259n \u00e7\u0131x\u0131\u015f edirik. D\u00f6vl\u0259tl\u0259rimiz aras\u0131ndak\u0131 m\u00fcnasib\u0259tl\u0259r\u0259 z\u0259r\u0259r verm\u0259m\u0259y\u0259 \u00e7al\u0131\u015f\u0131r\u0131q. Bir daxili amil d\u0259 var, bizd\u0259 y\u00fcz minl\u0259rl\u0259 Az\u0259rbaycan diasporunun n\u00fcmay\u0259nd\u0259si var. He\u00e7 bir m\u0259s\u0259l\u0259nin a\u011f\u0131rla\u015fmas\u0131na, q\u00fctbl\u0259\u015fm\u0259sin\u0259 ehtiyac yoxdur\u201d. M\u00fcsahibimizin s\u00f6zl\u0259rin\u0259 g\u00f6r\u0259, Ukrayna Xarici \u0130\u015fl\u0259r Nazirliyinin m\u00f6vqeyi \u00f6lk\u0259nin milli maraqlar\u0131 bax\u0131m\u0131ndan \u00e7ox balansl\u0131 v\u0259 s\u0259lahiyy\u0259tlidir: \u201cUkrayna&hellip;<\/p>\n","protected":false},"author":2,"featured_media":152876,"comment_status":"closed","ping_status":"closed","sticky":false,"template":"","format":"standard","meta":{"om_disable_all_campaigns":false,"_monsterinsights_skip_tracking":false,"_monsterinsights_sitenote_active":false,"_monsterinsights_sitenote_note":"","_monsterinsights_sitenote_category":0},"categories":[24],"tags":[],"aioseo_notices":[],"gutentor_comment":0,"rttpg_featured_image_url":{"full":["https:\/\/arantv.az\/wp-content\/uploads\/2020\/04\/1587613769_a_merezko2.jpg",620,331,false],"landscape":["https:\/\/arantv.az\/wp-content\/uploads\/2020\/04\/1587613769_a_merezko2.jpg",620,331,false],"portraits":["https:\/\/arantv.az\/wp-content\/uploads\/2020\/04\/1587613769_a_merezko2.jpg",620,331,false],"thumbnail":["https:\/\/arantv.az\/wp-content\/uploads\/2020\/04\/1587613769_a_merezko2-150x150.jpg",150,150,true],"medium":["https:\/\/arantv.az\/wp-content\/uploads\/2020\/04\/1587613769_a_merezko2-300x160.jpg",300,160,true],"large":["https:\/\/arantv.az\/wp-content\/uploads\/2020\/04\/1587613769_a_merezko2.jpg",620,331,false],"1536x1536":["https:\/\/arantv.az\/wp-content\/uploads\/2020\/04\/1587613769_a_merezko2.jpg",620,331,false],"2048x2048":["https:\/\/arantv.az\/wp-content\/uploads\/2020\/04\/1587613769_a_merezko2.jpg",620,331,false],"post-thumbnail":["https:\/\/arantv.az\/wp-content\/uploads\/2020\/04\/1587613769_a_merezko2-240x172.jpg",240,172,true],"advps-thumb-one":["https:\/\/arantv.az\/wp-content\/uploads\/2020\/04\/1587613769_a_merezko2.jpg",620,331,false]},"rttpg_author":{"display_name":"V\u00fcsal Rafiqo\u011flu","author_link":"https:\/\/arantv.az\/?author=2"},"rttpg_comment":0,"rttpg_category":"<a href=\"https:\/\/arantv.az\/?cat=24\" rel=\"category\">Maraql\u0131<\/a>","rttpg_excerpt":"Ukrayna Xarici \u0130\u015fl\u0259r nazirinin m\u00fcavini Vasili Bodnar r\u0259smi Kiyevin Osmanl\u0131 \u0130mperiyas\u0131ndak\u0131 qondarma \u201cerm\u0259ni soyq\u0131r\u0131m\u0131\u201dn\u0131 tan\u0131mad\u0131\u011f\u0131n\u0131 v\u0259 bu s\u0259b\u0259bd\u0259n d\u0259 bu terminin istifad\u0259 edilm\u0259y\u0259c\u0259yini bildirib. Ukrayna Ali Radas\u0131n\u0131n Xarici Siyas\u0259t Komit\u0259sinin r\u0259hb\u0259ri, h\u00fcquq elml\u0259ri doktoru, professor\u00a0Aleksandr Merejko\u00a0Media.Az-a a\u00e7\u0131qlamas\u0131nda\u00a0qeyd edib: \u201cBiz T\u00fcrkiy\u0259nin vacib t\u0259r\u0259fda\u015f\u0131m\u0131z, Az\u0259rbaycan\u0131n dostumuz olmas\u0131 m\u00f6vqeyind\u0259n \u00e7\u0131x\u0131\u015f edirik. D\u00f6vl\u0259tl\u0259rimiz aras\u0131ndak\u0131 m\u00fcnasib\u0259tl\u0259r\u0259 z\u0259r\u0259r verm\u0259m\u0259y\u0259 \u00e7al\u0131\u015f\u0131r\u0131q. Bir&hellip;","_links":{"self":[{"href":"https:\/\/arantv.az\/index.php?rest_route=\/wp\/v2\/posts\/152875"}],"collection":[{"href":"https:\/\/arantv.az\/index.php?rest_route=\/wp\/v2\/posts"}],"about":[{"href":"https:\/\/arantv.az\/index.php?rest_route=\/wp\/v2\/types\/post"}],"author":[{"embeddable":true,"href":"https:\/\/arantv.az\/index.php?rest_route=\/wp\/v2\/users\/2"}],"replies":[{"embeddable":true,"href":"https:\/\/arantv.az\/index.php?rest_route=%2Fwp%2Fv2%2Fcomments&post=152875"}],"version-history":[{"count":0,"href":"https:\/\/arantv.az\/index.php?rest_route=\/wp\/v2\/posts\/152875\/revisions"}],"wp:featuredmedia":[{"embeddable":true,"href":"https:\/\/arantv.az\/index.php?rest_route=\/wp\/v2\/media\/152876"}],"wp:attachment":[{"href":"https:\/\/arantv.az\/index.php?rest_route=%2Fwp%2Fv2%2Fmedia&parent=152875"}],"wp:term":[{"taxonomy":"category","embeddable":true,"href":"https:\/\/arantv.az\/index.php?rest_route=%2Fwp%2Fv2%2Fcategories&post=152875"},{"taxonomy":"post_tag","embeddable":true,"href":"https:\/\/arantv.az\/index.php?rest_route=%2Fwp%2Fv2%2Ftags&post=152875"}],"curies":[{"name":"wp","href":"https:\/\/api.w.org\/{rel}","templated":true}]}}