{"id":152971,"date":"2020-04-23T18:29:43","date_gmt":"2020-04-23T15:29:43","guid":{"rendered":"http:\/\/arantv.az\/?p=152971"},"modified":"2020-04-23T18:29:43","modified_gmt":"2020-04-23T15:29:43","slug":"peyv%c9%99nd-koronavirusdan-qoruyurmu-video","status":"publish","type":"post","link":"https:\/\/arantv.az\/?p=152971","title":{"rendered":"Peyv\u0259nd koronavirusdan qoruyurmu? &#8211; V\u0130DEO"},"content":{"rendered":"<article class=\"news\">\n<div class=\"news-inner\">\n<p>20-26 aprel tarixl\u0259ri \u00fcmumd\u00fcnya s\u0259hiyy\u0259 t\u0259\u015fkilat\u0131 t\u0259r\u0259find\u0259n Avropa immunla\u015fd\u0131rma h\u0259ft\u0259si kimi elan olunub. Layih\u0259d\u0259n k\u0259narda qalmayan Az\u0259rbaycanda da vaxt\u0131nda peyv\u0259ndd\u0259n k\u0259narda qalm\u0131\u015f u\u015faqlar peyv\u0259ndl\u0259r\u0259 d\u0259v\u0259t olunur. Lakin \u00f6lk\u0259mizd\u0259 \u0259hali aras\u0131nda peyv\u0259nd\u0259 m\u00fcnasib\u0259t birm\u0259nal\u0131 deyil. B\u0259zil\u0259ri \u00f6lk\u0259y\u0259 g\u0259tiril\u0259n vaksinl\u0259rin a\u015fa\u011f\u0131 keyfiyy\u0259tli oldu\u011funu hesab edir, bir qismi is\u0259 n\u0259 olursa olsun, peyv\u0259ndi vacib say\u0131r.<\/p>\n<div id=\"AdviadNativeVideo0\" class=\"AdviadNativeVideo\"><\/div>\n<p>H\u0259kim pediatr S\u0259bin\u0259 Nur\u0259liyeva hesab edir ki, peyv\u0259nd vacibdir v\u0259 bir s\u0131ra x\u0259st\u0259likl\u0259rd\u0259n qorunma\u011f\u0131n yegan\u0259 yoludur.\u00a0 Koronavirus infeksiyas\u0131n\u0131n biz\u0259 bir d\u0259rs oldu\u011funu dey\u0259n h\u0259kim-pediatr, bundan sonra valideynl\u0259rin bu m\u0259s\u0259l\u0259y\u0259 daha h\u0259ssas yana\u015facaqlar\u0131n\u0131 d\u00fc\u015f\u00fcn\u00fcr. Onun s\u00f6zl\u0259rin\u0259 g\u00f6r\u0259, u\u015faqlar\u0131n sa\u011flam olmas\u0131 o dem\u0259k deyil ki, onlara peyv\u0259nd vurulmamal\u0131d\u0131r. Koronavirusa qar\u015f\u0131 peyv\u0259nd \u00e7\u0131xsa, h\u0259r k\u0259s u\u015fa\u011f\u0131na bu peyv\u0259ndi vurduracaq. \u00c7\u00fcnki, h\u0259r k\u0259s \u00f6l\u00fcml\u0259ri g\u00f6r\u00fcr. Pediatr qeyd edir ki, bu pandemiya h\u0259r k\u0259s\u0259 d\u0259rs olmal\u0131d\u0131r ki, u\u015faqlar peyv\u0259nd vasit\u0259sil\u0259 qorunur.<\/p>\n<p>Haz\u0131rda \u00f6lk\u0259mizd\u0259 11 infeksiyaya qar\u015f\u0131 peyv\u0259nd\u00a0olunur v\u0259 anadan olandan alt\u0131\u00a0ya\u015fad\u0259k h\u0259r bir u\u015fa\u011fa bu peyv\u0259ndl\u0259r vurulmal\u0131d\u0131r. Lakin \u00f6lk\u0259d\u0259 peyv\u0259ndl\u0259\u015fm\u0259ni icbari ed\u0259n qanun yoxdur &#8211; bu, valideynin se\u00e7imin\u0259 burax\u0131l\u0131r.<\/p>\n<div><iframe loading=\"lazy\" src=\"https:\/\/player.baku.tv\/embed\/17577\" width=\"560\" height=\"315\" frameborder=\"0\" allowfullscreen=\"allowfullscreen\" data-mce-fragment=\"1\"><\/iframe><\/div>\n<\/div>\n<\/article>\n<h2 class=\"news-share-title\"><\/h2>\n","protected":false},"excerpt":{"rendered":"<p>20-26 aprel tarixl\u0259ri \u00fcmumd\u00fcnya s\u0259hiyy\u0259 t\u0259\u015fkilat\u0131 t\u0259r\u0259find\u0259n Avropa immunla\u015fd\u0131rma h\u0259ft\u0259si kimi elan olunub. Layih\u0259d\u0259n k\u0259narda qalmayan Az\u0259rbaycanda da vaxt\u0131nda peyv\u0259ndd\u0259n k\u0259narda qalm\u0131\u015f u\u015faqlar peyv\u0259ndl\u0259r\u0259 d\u0259v\u0259t olunur. Lakin \u00f6lk\u0259mizd\u0259 \u0259hali aras\u0131nda peyv\u0259nd\u0259 m\u00fcnasib\u0259t birm\u0259nal\u0131 deyil. B\u0259zil\u0259ri \u00f6lk\u0259y\u0259 g\u0259tiril\u0259n vaksinl\u0259rin a\u015fa\u011f\u0131 keyfiyy\u0259tli oldu\u011funu hesab edir, bir qismi is\u0259 n\u0259 olursa olsun, peyv\u0259ndi vacib say\u0131r. H\u0259kim pediatr S\u0259bin\u0259 Nur\u0259liyeva hesab edir ki, peyv\u0259nd vacibdir v\u0259 bir s\u0131ra x\u0259st\u0259likl\u0259rd\u0259n qorunma\u011f\u0131n yegan\u0259 yoludur.\u00a0 Koronavirus infeksiyas\u0131n\u0131n biz\u0259 bir d\u0259rs oldu\u011funu dey\u0259n h\u0259kim-pediatr, bundan sonra valideynl\u0259rin bu m\u0259s\u0259l\u0259y\u0259 daha h\u0259ssas yana\u015facaqlar\u0131n\u0131 d\u00fc\u015f\u00fcn\u00fcr. Onun s\u00f6zl\u0259rin\u0259 g\u00f6r\u0259, u\u015faqlar\u0131n sa\u011flam&hellip;<\/p>\n","protected":false},"author":2,"featured_media":153001,"comment_status":"closed","ping_status":"closed","sticky":false,"template":"","format":"standard","meta":{"om_disable_all_campaigns":false,"_monsterinsights_skip_tracking":false,"_monsterinsights_sitenote_active":false,"_monsterinsights_sitenote_note":"","_monsterinsights_sitenote_category":0},"categories":[13],"tags":[],"aioseo_notices":[],"gutentor_comment":0,"rttpg_featured_image_url":{"full":["https:\/\/arantv.az\/wp-content\/uploads\/2020\/04\/KK.jpg",620,349,false],"landscape":["https:\/\/arantv.az\/wp-content\/uploads\/2020\/04\/KK.jpg",620,349,false],"portraits":["https:\/\/arantv.az\/wp-content\/uploads\/2020\/04\/KK.jpg",620,349,false],"thumbnail":["https:\/\/arantv.az\/wp-content\/uploads\/2020\/04\/KK-150x150.jpg",150,150,true],"medium":["https:\/\/arantv.az\/wp-content\/uploads\/2020\/04\/KK-300x169.jpg",300,169,true],"large":["https:\/\/arantv.az\/wp-content\/uploads\/2020\/04\/KK.jpg",620,349,false],"1536x1536":["https:\/\/arantv.az\/wp-content\/uploads\/2020\/04\/KK.jpg",620,349,false],"2048x2048":["https:\/\/arantv.az\/wp-content\/uploads\/2020\/04\/KK.jpg",620,349,false],"post-thumbnail":["https:\/\/arantv.az\/wp-content\/uploads\/2020\/04\/KK-240x172.jpg",240,172,true],"advps-thumb-one":["https:\/\/arantv.az\/wp-content\/uploads\/2020\/04\/KK.jpg",620,349,false]},"rttpg_author":{"display_name":"V\u00fcsal Rafiqo\u011flu","author_link":"https:\/\/arantv.az\/?author=2"},"rttpg_comment":0,"rttpg_category":"<a href=\"https:\/\/arantv.az\/?cat=13\" rel=\"category\">Bizim h\u0259kim<\/a>","rttpg_excerpt":"20-26 aprel tarixl\u0259ri \u00fcmumd\u00fcnya s\u0259hiyy\u0259 t\u0259\u015fkilat\u0131 t\u0259r\u0259find\u0259n Avropa immunla\u015fd\u0131rma h\u0259ft\u0259si kimi elan olunub. Layih\u0259d\u0259n k\u0259narda qalmayan Az\u0259rbaycanda da vaxt\u0131nda peyv\u0259ndd\u0259n k\u0259narda qalm\u0131\u015f u\u015faqlar peyv\u0259ndl\u0259r\u0259 d\u0259v\u0259t olunur. Lakin \u00f6lk\u0259mizd\u0259 \u0259hali aras\u0131nda peyv\u0259nd\u0259 m\u00fcnasib\u0259t birm\u0259nal\u0131 deyil. B\u0259zil\u0259ri \u00f6lk\u0259y\u0259 g\u0259tiril\u0259n vaksinl\u0259rin a\u015fa\u011f\u0131 keyfiyy\u0259tli oldu\u011funu hesab edir, bir qismi is\u0259 n\u0259 olursa olsun, peyv\u0259ndi vacib say\u0131r. H\u0259kim pediatr S\u0259bin\u0259&hellip;","_links":{"self":[{"href":"https:\/\/arantv.az\/index.php?rest_route=\/wp\/v2\/posts\/152971"}],"collection":[{"href":"https:\/\/arantv.az\/index.php?rest_route=\/wp\/v2\/posts"}],"about":[{"href":"https:\/\/arantv.az\/index.php?rest_route=\/wp\/v2\/types\/post"}],"author":[{"embeddable":true,"href":"https:\/\/arantv.az\/index.php?rest_route=\/wp\/v2\/users\/2"}],"replies":[{"embeddable":true,"href":"https:\/\/arantv.az\/index.php?rest_route=%2Fwp%2Fv2%2Fcomments&post=152971"}],"version-history":[{"count":0,"href":"https:\/\/arantv.az\/index.php?rest_route=\/wp\/v2\/posts\/152971\/revisions"}],"wp:featuredmedia":[{"embeddable":true,"href":"https:\/\/arantv.az\/index.php?rest_route=\/wp\/v2\/media\/153001"}],"wp:attachment":[{"href":"https:\/\/arantv.az\/index.php?rest_route=%2Fwp%2Fv2%2Fmedia&parent=152971"}],"wp:term":[{"taxonomy":"category","embeddable":true,"href":"https:\/\/arantv.az\/index.php?rest_route=%2Fwp%2Fv2%2Fcategories&post=152971"},{"taxonomy":"post_tag","embeddable":true,"href":"https:\/\/arantv.az\/index.php?rest_route=%2Fwp%2Fv2%2Ftags&post=152971"}],"curies":[{"name":"wp","href":"https:\/\/api.w.org\/{rel}","templated":true}]}}