{"id":153007,"date":"2020-04-23T18:33:39","date_gmt":"2020-04-23T15:33:39","guid":{"rendered":"http:\/\/arantv.az\/?p=153007"},"modified":"2020-04-23T18:33:39","modified_gmt":"2020-04-23T15:33:39","slug":"agentlik-baytarliq-f%c9%99aliyy%c9%99ti-il%c9%99-bagli-t%c9%99klifl%c9%99r-hazirlanacaq","status":"publish","type":"post","link":"https:\/\/arantv.az\/?p=153007","title":{"rendered":"Agentlik: Baytarl\u0131q f\u0259aliyy\u0259ti il\u0259 ba\u011fl\u0131 t\u0259klifl\u0259r haz\u0131rlanacaq"},"content":{"rendered":"<p>22 aprel 2020-ci il tarixind\u0259 Az\u0259rbaycan Respublikas\u0131n\u0131n Prezidenti c\u0259nab \u0130lham \u018fliyev t\u0259r\u0259find\u0259n &#8220;Baytarl\u0131q sah\u0259sind\u0259 h\u0259yata ke\u00e7iril\u0259n xidm\u0259tl\u0259rin t\u0259kmill\u0259\u015fdirilm\u0259si il\u0259 ba\u011fl\u0131 b\u0259zi t\u0259dbirl\u0259r haqq\u0131nda&#8221; F\u0259rman imzalan\u0131b.<\/p>\n<p>K\u0259nd T\u0259s\u0259rr\u00fcfat\u0131 Nazirliyi yan\u0131nda Aqrar Xidm\u0259tl\u0259r Agentliyind\u0259n\u00a0<a href=\"http:\/\/trend.az\/\" target=\"_blank\" rel=\"noopener\">Trend<\/a>-\u0259 veril\u0259n m\u0259lumata g\u00f6r\u0259, F\u0259rmana uy\u011fun olaraq x\u00fcsusi t\u0259hl\u00fck\u0259li heyvan x\u0259st\u0259likl\u0259rin\u0259 qar\u015f\u0131 d\u00f6vl\u0259t b\u00fcdc\u0259sind\u0259n maliyy\u0259l\u0259\u015fdiril\u0259n baytarl\u0131q xidm\u0259tl\u0259ri Aqrar Xidm\u0259tl\u0259r Agentliyi il\u0259 \u00f6z\u0259l baytarl\u0131q xidm\u0259tl\u0259rini h\u0259yata ke\u00e7ir\u0259n h\u00fcquqi v\u0259 f\u0259rdi baytarl\u0131q xidm\u0259ti praktikas\u0131 il\u0259 m\u0259\u015f\u011ful olan fiziki \u015f\u0259xsl\u0259r aras\u0131nda m\u00fcqavil\u0259 ba\u011flanmas\u0131 yolu il\u0259 h\u0259yata ke\u00e7iril\u0259c\u0259k. Bununla ba\u011fl\u0131 x\u00fcsusi t\u0259hl\u00fck\u0259li heyvan x\u0259st\u0259likl\u0259rinin profilaktikas\u0131, diaqnostikas\u0131, m\u00fcalic\u0259si v\u0259 l\u0259\u011fvi m\u0259qs\u0259dil\u0259 d\u00f6vl\u0259t b\u00fcdc\u0259sind\u0259n maliyy\u0259l\u0259\u015fdiril\u0259n, d\u00f6vl\u0259t sifari\u015fi il\u0259 g\u00f6st\u0259ril\u0259c\u0259k baytarl\u0131q xidm\u0259tl\u0259rinin siyah\u0131s\u0131 iki ay m\u00fcdd\u0259tind\u0259 m\u00fcvafiq qurumlarla birg\u0259 t\u0259klifl\u0259r haz\u0131rlanaraq Nazirl\u0259r Kabinetin\u0259 t\u0259qdim edil\u0259c\u0259k. Qeyd ed\u0259ki ki, m\u00f6vcud olan 798 sah\u0259 baytarl\u0131q m\u0259nt\u0259q\u0259sinin 2022-ci ilin sonunad\u0259k l\u0259\u011fv edilm\u0259si, eyni zamanda bu sah\u0259d\u0259 \u00e7al\u0131\u015fan baytar h\u0259kiml\u0259ri v\u0259 feld\u015ferl\u0259rl\u0259 xidm\u0259ti m\u00fcqavil\u0259l\u0259rin ba\u011flanmas\u0131 n\u0259z\u0259rd\u0259 tutulur.<\/p>\n<p>Agentlikd\u0259n bildirilib ki, karantin rejiminin t\u0259tbiqi v\u0259 ya z\u0259r\u0259rli orqanizml\u0259rin l\u0259\u011fvi, x\u00fcsusi t\u0259hl\u00fck\u0259li heyvan x\u0259st\u0259likl\u0259rinin profilaktikas\u0131, diaqnostikas\u0131, m\u00fcalic\u0259si v\u0259 l\u0259\u011fvi il\u0259 \u0259laq\u0259dar z\u0259r\u0259r \u00e7\u0259kmi\u015f h\u00fcquqi v\u0259 fiziki \u015f\u0259xsl\u0259r\u0259 d\u0259ymi\u015f maddi ziyan\u0131n \u0259v\u0259zinin \u00f6d\u0259nilm\u0259si mexanizmi m\u00fcvafiq qurumlarla birg\u0259 haz\u0131rlan\u0131b, iki ay m\u00fcdd\u0259tind\u0259 Nazirl\u0259r Kabinetin\u0259 t\u0259qdim olunacaq.<\/p>\n<p>&#8220;F\u0259rmanda qeyd edil\u0259n \u0259sas m\u0259s\u0259l\u0259l\u0259rd\u0259n biri baytarl\u0131q xidm\u0259tl\u0259ri sah\u0259sind\u0259 sa\u011flam r\u0259qab\u0259t yarad\u0131lmas\u0131n\u0131 t\u0259min etm\u0259k m\u0259qs\u0259dil\u0259 baytarl\u0131q subyektl\u0259rinin pe\u015f\u0259karl\u0131\u011f\u0131n\u0131n art\u0131r\u0131lmas\u0131d\u0131r. Bununla \u0259laq\u0259dar, baytarl\u0131q f\u0259aliyy\u0259ti il\u0259 m\u0259\u015f\u011ful olan fiziki v\u0259 h\u00fcquq \u015f\u0259xsl\u0259rin pe\u015f\u0259karl\u0131l\u0131\u011f\u0131n\u0131n, bilik s\u0259viyy\u0259si v\u0259 say\u0131n\u0131n art\u0131r\u0131lmas\u0131 il\u0259 ba\u011fl\u0131 t\u0259klifl\u0259r m\u00fcvafiq qurumlarla birg\u0259 haz\u0131rlan\u0131b \u00fc\u00e7 ay m\u00fcdd\u0259tind\u0259 Az\u0259rbaycan Respublikas\u0131n\u0131n Prezidentin\u0259 t\u0259qdim edil\u0259c\u0259k&#8221;, &#8211; dey\u0259 m\u0259lumatda vur\u011fulan\u0131b.<\/p>\n","protected":false},"excerpt":{"rendered":"<p>22 aprel 2020-ci il tarixind\u0259 Az\u0259rbaycan Respublikas\u0131n\u0131n Prezidenti c\u0259nab \u0130lham \u018fliyev t\u0259r\u0259find\u0259n &#8220;Baytarl\u0131q sah\u0259sind\u0259 h\u0259yata ke\u00e7iril\u0259n xidm\u0259tl\u0259rin t\u0259kmill\u0259\u015fdirilm\u0259si il\u0259 ba\u011fl\u0131 b\u0259zi t\u0259dbirl\u0259r haqq\u0131nda&#8221; F\u0259rman imzalan\u0131b. K\u0259nd T\u0259s\u0259rr\u00fcfat\u0131 Nazirliyi yan\u0131nda Aqrar Xidm\u0259tl\u0259r Agentliyind\u0259n\u00a0Trend-\u0259 veril\u0259n m\u0259lumata g\u00f6r\u0259, F\u0259rmana uy\u011fun olaraq x\u00fcsusi t\u0259hl\u00fck\u0259li heyvan x\u0259st\u0259likl\u0259rin\u0259 qar\u015f\u0131 d\u00f6vl\u0259t b\u00fcdc\u0259sind\u0259n maliyy\u0259l\u0259\u015fdiril\u0259n baytarl\u0131q xidm\u0259tl\u0259ri Aqrar Xidm\u0259tl\u0259r Agentliyi il\u0259 \u00f6z\u0259l baytarl\u0131q xidm\u0259tl\u0259rini h\u0259yata ke\u00e7ir\u0259n h\u00fcquqi v\u0259 f\u0259rdi baytarl\u0131q xidm\u0259ti praktikas\u0131 il\u0259 m\u0259\u015f\u011ful olan fiziki \u015f\u0259xsl\u0259r aras\u0131nda m\u00fcqavil\u0259 ba\u011flanmas\u0131 yolu il\u0259 h\u0259yata ke\u00e7iril\u0259c\u0259k. Bununla ba\u011fl\u0131 x\u00fcsusi t\u0259hl\u00fck\u0259li heyvan x\u0259st\u0259likl\u0259rinin profilaktikas\u0131, diaqnostikas\u0131, m\u00fcalic\u0259si v\u0259 l\u0259\u011fvi m\u0259qs\u0259dil\u0259 d\u00f6vl\u0259t b\u00fcdc\u0259sind\u0259n maliyy\u0259l\u0259\u015fdiril\u0259n,&hellip;<\/p>\n","protected":false},"author":2,"featured_media":153014,"comment_status":"closed","ping_status":"closed","sticky":false,"template":"","format":"standard","meta":{"om_disable_all_campaigns":false,"_monsterinsights_skip_tracking":false,"_monsterinsights_sitenote_active":false,"_monsterinsights_sitenote_note":"","_monsterinsights_sitenote_category":0},"categories":[19],"tags":[],"aioseo_notices":[],"gutentor_comment":0,"rttpg_featured_image_url":{"full":["https:\/\/arantv.az\/wp-content\/uploads\/2020\/04\/844617.jpg",1000,667,false],"landscape":["https:\/\/arantv.az\/wp-content\/uploads\/2020\/04\/844617.jpg",1000,667,false],"portraits":["https:\/\/arantv.az\/wp-content\/uploads\/2020\/04\/844617.jpg",1000,667,false],"thumbnail":["https:\/\/arantv.az\/wp-content\/uploads\/2020\/04\/844617-150x150.jpg",150,150,true],"medium":["https:\/\/arantv.az\/wp-content\/uploads\/2020\/04\/844617-300x200.jpg",300,200,true],"large":["https:\/\/arantv.az\/wp-content\/uploads\/2020\/04\/844617.jpg",640,427,false],"1536x1536":["https:\/\/arantv.az\/wp-content\/uploads\/2020\/04\/844617.jpg",1000,667,false],"2048x2048":["https:\/\/arantv.az\/wp-content\/uploads\/2020\/04\/844617.jpg",1000,667,false],"post-thumbnail":["https:\/\/arantv.az\/wp-content\/uploads\/2020\/04\/844617-240x172.jpg",240,172,true],"advps-thumb-one":["https:\/\/arantv.az\/wp-content\/uploads\/2020\/04\/844617-1000x620.jpg",1000,620,true]},"rttpg_author":{"display_name":"V\u00fcsal Rafiqo\u011flu","author_link":"https:\/\/arantv.az\/?author=2"},"rttpg_comment":0,"rttpg_category":"<a href=\"https:\/\/arantv.az\/?cat=19\" rel=\"category\">G\u00fcnd\u0259m<\/a>","rttpg_excerpt":"22 aprel 2020-ci il tarixind\u0259 Az\u0259rbaycan Respublikas\u0131n\u0131n Prezidenti c\u0259nab \u0130lham \u018fliyev t\u0259r\u0259find\u0259n &#8220;Baytarl\u0131q sah\u0259sind\u0259 h\u0259yata ke\u00e7iril\u0259n xidm\u0259tl\u0259rin t\u0259kmill\u0259\u015fdirilm\u0259si il\u0259 ba\u011fl\u0131 b\u0259zi t\u0259dbirl\u0259r haqq\u0131nda&#8221; F\u0259rman imzalan\u0131b. K\u0259nd T\u0259s\u0259rr\u00fcfat\u0131 Nazirliyi yan\u0131nda Aqrar Xidm\u0259tl\u0259r Agentliyind\u0259n\u00a0Trend-\u0259 veril\u0259n m\u0259lumata g\u00f6r\u0259, F\u0259rmana uy\u011fun olaraq x\u00fcsusi t\u0259hl\u00fck\u0259li heyvan x\u0259st\u0259likl\u0259rin\u0259 qar\u015f\u0131 d\u00f6vl\u0259t b\u00fcdc\u0259sind\u0259n maliyy\u0259l\u0259\u015fdiril\u0259n baytarl\u0131q xidm\u0259tl\u0259ri Aqrar Xidm\u0259tl\u0259r Agentliyi il\u0259 \u00f6z\u0259l baytarl\u0131q xidm\u0259tl\u0259rini&hellip;","_links":{"self":[{"href":"https:\/\/arantv.az\/index.php?rest_route=\/wp\/v2\/posts\/153007"}],"collection":[{"href":"https:\/\/arantv.az\/index.php?rest_route=\/wp\/v2\/posts"}],"about":[{"href":"https:\/\/arantv.az\/index.php?rest_route=\/wp\/v2\/types\/post"}],"author":[{"embeddable":true,"href":"https:\/\/arantv.az\/index.php?rest_route=\/wp\/v2\/users\/2"}],"replies":[{"embeddable":true,"href":"https:\/\/arantv.az\/index.php?rest_route=%2Fwp%2Fv2%2Fcomments&post=153007"}],"version-history":[{"count":0,"href":"https:\/\/arantv.az\/index.php?rest_route=\/wp\/v2\/posts\/153007\/revisions"}],"wp:featuredmedia":[{"embeddable":true,"href":"https:\/\/arantv.az\/index.php?rest_route=\/wp\/v2\/media\/153014"}],"wp:attachment":[{"href":"https:\/\/arantv.az\/index.php?rest_route=%2Fwp%2Fv2%2Fmedia&parent=153007"}],"wp:term":[{"taxonomy":"category","embeddable":true,"href":"https:\/\/arantv.az\/index.php?rest_route=%2Fwp%2Fv2%2Fcategories&post=153007"},{"taxonomy":"post_tag","embeddable":true,"href":"https:\/\/arantv.az\/index.php?rest_route=%2Fwp%2Fv2%2Ftags&post=153007"}],"curies":[{"name":"wp","href":"https:\/\/api.w.org\/{rel}","templated":true}]}}