{"id":153012,"date":"2020-04-23T18:34:38","date_gmt":"2020-04-23T15:34:38","guid":{"rendered":"http:\/\/arantv.az\/?p=153012"},"modified":"2020-04-23T18:34:38","modified_gmt":"2020-04-23T15:34:38","slug":"xacmazda-kecmis-m%c9%99hkum-h%c9%99myerlisini-bicaqla-q%c9%99tl%c9%99-yetirib","status":"publish","type":"post","link":"https:\/\/arantv.az\/?p=153012","title":{"rendered":"Xa\u00e7mazda ke\u00e7mi\u015f m\u0259hkum h\u0259myerlisini b\u0131\u00e7aqla q\u0259tl\u0259 yetirib"},"content":{"rendered":"<p>Xa\u00e7maz \u015f\u0259h\u0259r sakini C.Sad\u0131qovu b\u0131\u00e7aqla q\u0259tl\u0259 yetirm\u0259kd\u0259 \u015f\u00fcbh\u0259li bilin\u0259n K.M\u0259mm\u0259dov saxlan\u0131l\u0131b.<\/p>\n<p>Daxili \u0130\u015fl\u0259r Nazirliyinin M\u0259tbuat xidm\u0259tind\u0259n Milli.Az-a veril\u0259n m\u0259lumata g\u00f6r\u0259, aprelin 21-d\u0259 Xa\u00e7maz \u015f\u0259h\u0259r sakini, \u0259vv\u0259ll\u0259r m\u0259hkum olunmu\u015f Ceyhun Sad\u0131qovun qar\u0131n nahiy\u0259sind\u0259 k\u0259silmi\u015f-de\u015filmi\u015f x\u0259sar\u0259t olan meyitinin \u0130zmay\u0131lovka q\u0259s\u0259b\u0259si \u0259razisind\u0259 tap\u0131lmas\u0131 bar\u0259d\u0259 daxil olmu\u015f m\u0259lumatla \u0259laq\u0259dar d\u0259rhal rayonun polis v\u0259 prokurorluq orqanlar\u0131n\u0131n \u0259m\u0259kda\u015flar\u0131 t\u0259r\u0259find\u0259n m\u00fcvafiq t\u0259dbirl\u0259r h\u0259yata ke\u00e7irilib.<\/p>\n<p>Faktla \u0259laq\u0259dar Cinay\u0259t M\u0259c\u0259ll\u0259sinin 120-ci (q\u0259sd\u0259n adam \u00f6ld\u00fcrm\u0259) madd\u0259si il\u0259 cinay\u0259t i\u015fi ba\u015flan\u0131b.<\/p>\n<p>T\u0259xir\u0259sal\u0131nmaz istintaq v\u0259 \u0259m\u0259liyyat-axtar\u0131\u015f t\u0259dbirl\u0259ri n\u0259tic\u0259sind\u0259 C.Sad\u0131qovu b\u0131\u00e7aqla q\u0259tl\u0259 yetirm\u0259kd\u0259 \u015f\u00fcbh\u0259li bilin\u0259n Xa\u00e7maz \u015f\u0259h\u0259r sakini, \u0259vv\u0259ll\u0259r m\u0259hkum olunmu\u015f K.M\u0259mm\u0259dov saxlan\u0131l\u0131b.<\/p>\n","protected":false},"excerpt":{"rendered":"<p>Xa\u00e7maz \u015f\u0259h\u0259r sakini C.Sad\u0131qovu b\u0131\u00e7aqla q\u0259tl\u0259 yetirm\u0259kd\u0259 \u015f\u00fcbh\u0259li bilin\u0259n K.M\u0259mm\u0259dov saxlan\u0131l\u0131b. Daxili \u0130\u015fl\u0259r Nazirliyinin M\u0259tbuat xidm\u0259tind\u0259n Milli.Az-a veril\u0259n m\u0259lumata g\u00f6r\u0259, aprelin 21-d\u0259 Xa\u00e7maz \u015f\u0259h\u0259r sakini, \u0259vv\u0259ll\u0259r m\u0259hkum olunmu\u015f Ceyhun Sad\u0131qovun qar\u0131n nahiy\u0259sind\u0259 k\u0259silmi\u015f-de\u015filmi\u015f x\u0259sar\u0259t olan meyitinin \u0130zmay\u0131lovka q\u0259s\u0259b\u0259si \u0259razisind\u0259 tap\u0131lmas\u0131 bar\u0259d\u0259 daxil olmu\u015f m\u0259lumatla \u0259laq\u0259dar d\u0259rhal rayonun polis v\u0259 prokurorluq orqanlar\u0131n\u0131n \u0259m\u0259kda\u015flar\u0131 t\u0259r\u0259find\u0259n m\u00fcvafiq t\u0259dbirl\u0259r h\u0259yata ke\u00e7irilib. Faktla \u0259laq\u0259dar Cinay\u0259t M\u0259c\u0259ll\u0259sinin 120-ci (q\u0259sd\u0259n adam \u00f6ld\u00fcrm\u0259) madd\u0259si il\u0259 cinay\u0259t i\u015fi ba\u015flan\u0131b. T\u0259xir\u0259sal\u0131nmaz istintaq v\u0259 \u0259m\u0259liyyat-axtar\u0131\u015f t\u0259dbirl\u0259ri n\u0259tic\u0259sind\u0259 C.Sad\u0131qovu b\u0131\u00e7aqla q\u0259tl\u0259 yetirm\u0259kd\u0259 \u015f\u00fcbh\u0259li bilin\u0259n Xa\u00e7maz \u015f\u0259h\u0259r sakini, \u0259vv\u0259ll\u0259r m\u0259hkum olunmu\u015f K.M\u0259mm\u0259dov saxlan\u0131l\u0131b.<\/p>\n","protected":false},"author":2,"featured_media":153018,"comment_status":"closed","ping_status":"closed","sticky":false,"template":"","format":"standard","meta":{"om_disable_all_campaigns":false,"_monsterinsights_skip_tracking":false,"_monsterinsights_sitenote_active":false,"_monsterinsights_sitenote_note":"","_monsterinsights_sitenote_category":0},"categories":[3],"tags":[],"aioseo_notices":[],"gutentor_comment":0,"rttpg_featured_image_url":{"full":["https:\/\/arantv.az\/wp-content\/uploads\/2020\/04\/bicaq_5555.jpg",482,361,false],"landscape":["https:\/\/arantv.az\/wp-content\/uploads\/2020\/04\/bicaq_5555.jpg",482,361,false],"portraits":["https:\/\/arantv.az\/wp-content\/uploads\/2020\/04\/bicaq_5555.jpg",482,361,false],"thumbnail":["https:\/\/arantv.az\/wp-content\/uploads\/2020\/04\/bicaq_5555-150x150.jpg",150,150,true],"medium":["https:\/\/arantv.az\/wp-content\/uploads\/2020\/04\/bicaq_5555-300x225.jpg",300,225,true],"large":["https:\/\/arantv.az\/wp-content\/uploads\/2020\/04\/bicaq_5555.jpg",482,361,false],"1536x1536":["https:\/\/arantv.az\/wp-content\/uploads\/2020\/04\/bicaq_5555.jpg",482,361,false],"2048x2048":["https:\/\/arantv.az\/wp-content\/uploads\/2020\/04\/bicaq_5555.jpg",482,361,false],"post-thumbnail":["https:\/\/arantv.az\/wp-content\/uploads\/2020\/04\/bicaq_5555-240x172.jpg",240,172,true],"advps-thumb-one":["https:\/\/arantv.az\/wp-content\/uploads\/2020\/04\/bicaq_5555.jpg",482,361,false]},"rttpg_author":{"display_name":"V\u00fcsal Rafiqo\u011flu","author_link":"https:\/\/arantv.az\/?author=2"},"rttpg_comment":0,"rttpg_category":"<a href=\"https:\/\/arantv.az\/?cat=3\" rel=\"category\">Kriminal<\/a>","rttpg_excerpt":"Xa\u00e7maz \u015f\u0259h\u0259r sakini C.Sad\u0131qovu b\u0131\u00e7aqla q\u0259tl\u0259 yetirm\u0259kd\u0259 \u015f\u00fcbh\u0259li bilin\u0259n K.M\u0259mm\u0259dov saxlan\u0131l\u0131b. Daxili \u0130\u015fl\u0259r Nazirliyinin M\u0259tbuat xidm\u0259tind\u0259n Milli.Az-a veril\u0259n m\u0259lumata g\u00f6r\u0259, aprelin 21-d\u0259 Xa\u00e7maz \u015f\u0259h\u0259r sakini, \u0259vv\u0259ll\u0259r m\u0259hkum olunmu\u015f Ceyhun Sad\u0131qovun qar\u0131n nahiy\u0259sind\u0259 k\u0259silmi\u015f-de\u015filmi\u015f x\u0259sar\u0259t olan meyitinin \u0130zmay\u0131lovka q\u0259s\u0259b\u0259si \u0259razisind\u0259 tap\u0131lmas\u0131 bar\u0259d\u0259 daxil olmu\u015f m\u0259lumatla \u0259laq\u0259dar d\u0259rhal rayonun polis v\u0259 prokurorluq orqanlar\u0131n\u0131n \u0259m\u0259kda\u015flar\u0131 t\u0259r\u0259find\u0259n m\u00fcvafiq t\u0259dbirl\u0259r&hellip;","_links":{"self":[{"href":"https:\/\/arantv.az\/index.php?rest_route=\/wp\/v2\/posts\/153012"}],"collection":[{"href":"https:\/\/arantv.az\/index.php?rest_route=\/wp\/v2\/posts"}],"about":[{"href":"https:\/\/arantv.az\/index.php?rest_route=\/wp\/v2\/types\/post"}],"author":[{"embeddable":true,"href":"https:\/\/arantv.az\/index.php?rest_route=\/wp\/v2\/users\/2"}],"replies":[{"embeddable":true,"href":"https:\/\/arantv.az\/index.php?rest_route=%2Fwp%2Fv2%2Fcomments&post=153012"}],"version-history":[{"count":0,"href":"https:\/\/arantv.az\/index.php?rest_route=\/wp\/v2\/posts\/153012\/revisions"}],"wp:featuredmedia":[{"embeddable":true,"href":"https:\/\/arantv.az\/index.php?rest_route=\/wp\/v2\/media\/153018"}],"wp:attachment":[{"href":"https:\/\/arantv.az\/index.php?rest_route=%2Fwp%2Fv2%2Fmedia&parent=153012"}],"wp:term":[{"taxonomy":"category","embeddable":true,"href":"https:\/\/arantv.az\/index.php?rest_route=%2Fwp%2Fv2%2Fcategories&post=153012"},{"taxonomy":"post_tag","embeddable":true,"href":"https:\/\/arantv.az\/index.php?rest_route=%2Fwp%2Fv2%2Ftags&post=153012"}],"curies":[{"name":"wp","href":"https:\/\/api.w.org\/{rel}","templated":true}]}}