{"id":153028,"date":"2020-04-23T18:42:13","date_gmt":"2020-04-23T15:42:13","guid":{"rendered":"http:\/\/arantv.az\/?p=153028"},"modified":"2020-04-23T18:42:13","modified_gmt":"2020-04-23T15:42:13","slug":"ust-covid-19-oluml%c9%99rinin-yarisi-qocalar-evind%c9%99-qeyd%c9%99-alinib","status":"publish","type":"post","link":"https:\/\/arantv.az\/?p=153028","title":{"rendered":"\u00dcST: COVID-19 \u00f6l\u00fcml\u0259rinin yar\u0131s\u0131 qocalar evind\u0259 qeyd\u0259 al\u0131n\u0131b"},"content":{"rendered":"<p>Avropada koronavirusdan \u00f6l\u00fcm hallar\u0131n\u0131n yar\u0131s\u0131 qocalar evind\u0259 ba\u015f verib.<\/p>\n<p>\u201cReport\u201dun x\u0259b\u0259rin\u0259 g\u00f6r\u0259, bunu \u00dcmumd\u00fcnya S\u0259hiyy\u0259 T\u0259\u015fkilat\u0131n\u0131n (\u00dcST) Avropa Ofisinin r\u0259hb\u0259ri Hans Kluqe deyib.<\/p>\n<div id=\"AdviadNativeVideo0\" class=\"AdviadNativeVideo\"><\/div>\n<p>\u201cOrada i\u015fl\u0259y\u0259nl\u0259r tan\u0131nmayan q\u0259hr\u0259manlard\u0131r. O i\u015f\u00e7il\u0259r\u0259 daha \u00e7ox qoruyucu kostyum verilm\u0259lidir. Qocalar evind\u0259 ya\u015fl\u0131lara daha yax\u015f\u0131 bax\u0131lmal\u0131 idi, ancaq, t\u0259\u0259ss\u00fcf ki, bu, bel\u0259 olmad\u0131\u201d,- H.Kluqe bildirib.<\/p>\n<p>Xat\u0131rladaq ki, koronavirus infeksiyas\u0131 \u00f6t\u0259n ilin dekabr\u0131nda \u00c7inin Uhan \u015f\u0259h\u0259rind\u0259 yay\u0131lma\u011fa ba\u015flay\u0131b. Haz\u0131rda virus 210 \u00f6lk\u0259 v\u0259 b\u00f6lg\u0259d\u0259 qeyd\u0259 al\u0131n\u0131b.<\/p>\n<p>D\u00fcnyada koronavirus infeksiyas\u0131na indiy\u0259d\u0259k yoluxanlar\u0131n say\u0131 2 661 000-i \u00f6t\u00fcb. Bunlar\u0131n 730 727 n\u0259f\u0259ri sa\u011fal\u0131b, 185 504 n\u0259f\u0259ri is\u0259 \u00f6l\u00fcb.<\/p>\n<p>\u00dcmumd\u00fcnya S\u0259hiyy\u0259 T\u0259\u015fkilat\u0131 (\u00dcST) fevral\u0131n 11-d\u0259 infeksiyan\u0131n ad\u0131n\u0131 COVID-19 qoyub, mart\u0131n 11-d\u0259 is\u0259 koronavirusu pandemiya elan edib.<\/p>\n","protected":false},"excerpt":{"rendered":"<p>Avropada koronavirusdan \u00f6l\u00fcm hallar\u0131n\u0131n yar\u0131s\u0131 qocalar evind\u0259 ba\u015f verib. \u201cReport\u201dun x\u0259b\u0259rin\u0259 g\u00f6r\u0259, bunu \u00dcmumd\u00fcnya S\u0259hiyy\u0259 T\u0259\u015fkilat\u0131n\u0131n (\u00dcST) Avropa Ofisinin r\u0259hb\u0259ri Hans Kluqe deyib. \u201cOrada i\u015fl\u0259y\u0259nl\u0259r tan\u0131nmayan q\u0259hr\u0259manlard\u0131r. O i\u015f\u00e7il\u0259r\u0259 daha \u00e7ox qoruyucu kostyum verilm\u0259lidir. Qocalar evind\u0259 ya\u015fl\u0131lara daha yax\u015f\u0131 bax\u0131lmal\u0131 idi, ancaq, t\u0259\u0259ss\u00fcf ki, bu, bel\u0259 olmad\u0131\u201d,- H.Kluqe bildirib. Xat\u0131rladaq ki, koronavirus infeksiyas\u0131 \u00f6t\u0259n ilin dekabr\u0131nda \u00c7inin Uhan \u015f\u0259h\u0259rind\u0259 yay\u0131lma\u011fa ba\u015flay\u0131b. Haz\u0131rda virus 210 \u00f6lk\u0259 v\u0259 b\u00f6lg\u0259d\u0259 qeyd\u0259 al\u0131n\u0131b. D\u00fcnyada koronavirus infeksiyas\u0131na indiy\u0259d\u0259k yoluxanlar\u0131n say\u0131 2 661 000-i \u00f6t\u00fcb. Bunlar\u0131n 730 727 n\u0259f\u0259ri sa\u011fal\u0131b, 185 504 n\u0259f\u0259ri is\u0259 \u00f6l\u00fcb. \u00dcmumd\u00fcnya&hellip;<\/p>\n","protected":false},"author":2,"featured_media":153035,"comment_status":"closed","ping_status":"closed","sticky":false,"template":"","format":"standard","meta":{"om_disable_all_campaigns":false,"_monsterinsights_skip_tracking":false,"_monsterinsights_sitenote_active":false,"_monsterinsights_sitenote_note":"","_monsterinsights_sitenote_category":0},"categories":[7],"tags":[],"aioseo_notices":[],"gutentor_comment":0,"rttpg_featured_image_url":{"full":["https:\/\/arantv.az\/wp-content\/uploads\/2020\/04\/023dc440-7409-48f9-8140-4708853a06d0.jpg",649,365,false],"landscape":["https:\/\/arantv.az\/wp-content\/uploads\/2020\/04\/023dc440-7409-48f9-8140-4708853a06d0.jpg",649,365,false],"portraits":["https:\/\/arantv.az\/wp-content\/uploads\/2020\/04\/023dc440-7409-48f9-8140-4708853a06d0.jpg",649,365,false],"thumbnail":["https:\/\/arantv.az\/wp-content\/uploads\/2020\/04\/023dc440-7409-48f9-8140-4708853a06d0-150x150.jpg",150,150,true],"medium":["https:\/\/arantv.az\/wp-content\/uploads\/2020\/04\/023dc440-7409-48f9-8140-4708853a06d0-300x169.jpg",300,169,true],"large":["https:\/\/arantv.az\/wp-content\/uploads\/2020\/04\/023dc440-7409-48f9-8140-4708853a06d0.jpg",640,360,false],"1536x1536":["https:\/\/arantv.az\/wp-content\/uploads\/2020\/04\/023dc440-7409-48f9-8140-4708853a06d0.jpg",649,365,false],"2048x2048":["https:\/\/arantv.az\/wp-content\/uploads\/2020\/04\/023dc440-7409-48f9-8140-4708853a06d0.jpg",649,365,false],"post-thumbnail":["https:\/\/arantv.az\/wp-content\/uploads\/2020\/04\/023dc440-7409-48f9-8140-4708853a06d0-240x172.jpg",240,172,true],"advps-thumb-one":["https:\/\/arantv.az\/wp-content\/uploads\/2020\/04\/023dc440-7409-48f9-8140-4708853a06d0.jpg",649,365,false]},"rttpg_author":{"display_name":"V\u00fcsal Rafiqo\u011flu","author_link":"https:\/\/arantv.az\/?author=2"},"rttpg_comment":0,"rttpg_category":"<a href=\"https:\/\/arantv.az\/?cat=7\" rel=\"category\">D\u00fcnya<\/a>","rttpg_excerpt":"Avropada koronavirusdan \u00f6l\u00fcm hallar\u0131n\u0131n yar\u0131s\u0131 qocalar evind\u0259 ba\u015f verib. \u201cReport\u201dun x\u0259b\u0259rin\u0259 g\u00f6r\u0259, bunu \u00dcmumd\u00fcnya S\u0259hiyy\u0259 T\u0259\u015fkilat\u0131n\u0131n (\u00dcST) Avropa Ofisinin r\u0259hb\u0259ri Hans Kluqe deyib. \u201cOrada i\u015fl\u0259y\u0259nl\u0259r tan\u0131nmayan q\u0259hr\u0259manlard\u0131r. O i\u015f\u00e7il\u0259r\u0259 daha \u00e7ox qoruyucu kostyum verilm\u0259lidir. Qocalar evind\u0259 ya\u015fl\u0131lara daha yax\u015f\u0131 bax\u0131lmal\u0131 idi, ancaq, t\u0259\u0259ss\u00fcf ki, bu, bel\u0259 olmad\u0131\u201d,- H.Kluqe bildirib. Xat\u0131rladaq ki, koronavirus infeksiyas\u0131 \u00f6t\u0259n ilin&hellip;","_links":{"self":[{"href":"https:\/\/arantv.az\/index.php?rest_route=\/wp\/v2\/posts\/153028"}],"collection":[{"href":"https:\/\/arantv.az\/index.php?rest_route=\/wp\/v2\/posts"}],"about":[{"href":"https:\/\/arantv.az\/index.php?rest_route=\/wp\/v2\/types\/post"}],"author":[{"embeddable":true,"href":"https:\/\/arantv.az\/index.php?rest_route=\/wp\/v2\/users\/2"}],"replies":[{"embeddable":true,"href":"https:\/\/arantv.az\/index.php?rest_route=%2Fwp%2Fv2%2Fcomments&post=153028"}],"version-history":[{"count":0,"href":"https:\/\/arantv.az\/index.php?rest_route=\/wp\/v2\/posts\/153028\/revisions"}],"wp:featuredmedia":[{"embeddable":true,"href":"https:\/\/arantv.az\/index.php?rest_route=\/wp\/v2\/media\/153035"}],"wp:attachment":[{"href":"https:\/\/arantv.az\/index.php?rest_route=%2Fwp%2Fv2%2Fmedia&parent=153028"}],"wp:term":[{"taxonomy":"category","embeddable":true,"href":"https:\/\/arantv.az\/index.php?rest_route=%2Fwp%2Fv2%2Fcategories&post=153028"},{"taxonomy":"post_tag","embeddable":true,"href":"https:\/\/arantv.az\/index.php?rest_route=%2Fwp%2Fv2%2Ftags&post=153028"}],"curies":[{"name":"wp","href":"https:\/\/api.w.org\/{rel}","templated":true}]}}