{"id":153034,"date":"2020-04-23T19:38:26","date_gmt":"2020-04-23T16:38:26","guid":{"rendered":"http:\/\/arantv.az\/?p=153034"},"modified":"2020-04-23T19:38:26","modified_gmt":"2020-04-23T16:38:26","slug":"az%c9%99rbaycanda-istilik-movsumu-yenid%c9%99n-uzadildi","status":"publish","type":"post","link":"https:\/\/arantv.az\/?p=153034","title":{"rendered":"Az\u0259rbaycanda istilik m\u00f6vs\u00fcm\u00fc yenid\u0259n uzad\u0131ld\u0131"},"content":{"rendered":"<p>\u201cAz\u0259riqaz\u201d \u0130stehsalat Birliyi \u00f6lk\u0259 \u0259razisind\u0259ki qazanxanalar\u0131n qazla t\u0259minat\u0131n\u0131 aprelin\u00a030-d\u0259k davam etdir\u0259c\u0259k.<\/p>\n<p>Bu bar\u0259d\u0259 qurumdan m\u0259lumat verilib.<\/p>\n<div id=\"AdviadNativeVideo0\" class=\"AdviadNativeVideo\"><\/div>\n<p>Bel\u0259likl\u0259, 25 aprel tarixind\u0259 ba\u015fa \u00e7atmas\u0131 n\u0259z\u0259rd\u0259 tutulan istilik m\u00f6vs\u00fcm\u00fc daha be\u015f\u00a0g\u00fcn art\u0131r\u0131l\u0131b. Qeyd\u00a0edilib ki, m\u00fcvafiq t\u0259dbirl\u0259rin g\u00f6r\u00fclm\u0259si \u00fc\u00e7\u00fcn Birliyin ba\u015f direktoru Ruslan \u018fliyev t\u0259r\u0259find\u0259n m\u00fcvafiq strukturlara d\u0259rhal tap\u015f\u0131r\u0131qlar verilib.<\/p>\n<p>M\u0259lum oldu\u011fu kimi Koronavirus (COVID-19) infeksiyas\u0131n\u0131n respublika \u0259razisind\u0259 geni\u015f yay\u0131lmas\u0131n\u0131n qar\u015f\u0131s\u0131n\u0131 almaq \u00fc\u00e7\u00fcn Az\u0259rbaycan Respublikas\u0131n\u0131n Nazirl\u0259r Kabineti yan\u0131nda Operativ Q\u0259rargah\u0131n q\u0259rar\u0131 il\u0259 x\u00fcsusi karantin rejimi may ay\u0131n\u0131n 4-d\u0259k uzad\u0131l\u0131b. Bu m\u00fcdd\u0259t \u0259rzind\u0259 insanlar\u0131n f\u0259rdi ya\u015fay\u0131\u015f evl\u0259ri v\u0259 m\u0259nzill\u0259rd\u0259n \u00e7\u0131x\u0131\u015f\u0131na m\u0259hdudiyy\u0259t qoyulub.<\/p>\n<p>Eyni zamanda havan\u0131n orta sutkal\u0131q temperaturunun a\u015fa\u011f\u0131 oldu\u011fu m\u00fc\u015fahid\u0259 edilm\u0259kd\u0259dir. Az\u0259rbaycan Respublikas\u0131 Energetika Nazirliyind\u0259n \u201cAz\u0259riqaz\u201d \u0130stehsalat Birliyin\u0259 daxil olan r\u0259smi m\u0259ktubda qeyd edilir ki, b\u00fct\u00fcn yuxar\u0131da sadalanan hallar n\u0259z\u0259r\u0259 al\u0131naraq vaxt\u0131 15 apreld\u0259n 25 aprel\u0259d\u0259k uzad\u0131lan istilik m\u00f6vs\u00fcm\u00fc daha be\u015f\u00a0g\u00fcn art\u0131r\u0131laraq 30 aprel tarixin\u0259d\u0259k davam ed\u0259c\u0259k.<\/p>\n","protected":false},"excerpt":{"rendered":"<p>\u201cAz\u0259riqaz\u201d \u0130stehsalat Birliyi \u00f6lk\u0259 \u0259razisind\u0259ki qazanxanalar\u0131n qazla t\u0259minat\u0131n\u0131 aprelin\u00a030-d\u0259k davam etdir\u0259c\u0259k. Bu bar\u0259d\u0259 qurumdan m\u0259lumat verilib. Bel\u0259likl\u0259, 25 aprel tarixind\u0259 ba\u015fa \u00e7atmas\u0131 n\u0259z\u0259rd\u0259 tutulan istilik m\u00f6vs\u00fcm\u00fc daha be\u015f\u00a0g\u00fcn art\u0131r\u0131l\u0131b. Qeyd\u00a0edilib ki, m\u00fcvafiq t\u0259dbirl\u0259rin g\u00f6r\u00fclm\u0259si \u00fc\u00e7\u00fcn Birliyin ba\u015f direktoru Ruslan \u018fliyev t\u0259r\u0259find\u0259n m\u00fcvafiq strukturlara d\u0259rhal tap\u015f\u0131r\u0131qlar verilib. M\u0259lum oldu\u011fu kimi Koronavirus (COVID-19) infeksiyas\u0131n\u0131n respublika \u0259razisind\u0259 geni\u015f yay\u0131lmas\u0131n\u0131n qar\u015f\u0131s\u0131n\u0131 almaq \u00fc\u00e7\u00fcn Az\u0259rbaycan Respublikas\u0131n\u0131n Nazirl\u0259r Kabineti yan\u0131nda Operativ Q\u0259rargah\u0131n q\u0259rar\u0131 il\u0259 x\u00fcsusi karantin rejimi may ay\u0131n\u0131n 4-d\u0259k uzad\u0131l\u0131b. Bu m\u00fcdd\u0259t \u0259rzind\u0259 insanlar\u0131n f\u0259rdi ya\u015fay\u0131\u015f evl\u0259ri v\u0259 m\u0259nzill\u0259rd\u0259n \u00e7\u0131x\u0131\u015f\u0131na m\u0259hdudiyy\u0259t qoyulub. Eyni zamanda havan\u0131n&hellip;<\/p>\n","protected":false},"author":2,"featured_media":153051,"comment_status":"closed","ping_status":"closed","sticky":false,"template":"","format":"standard","meta":{"om_disable_all_campaigns":false,"_monsterinsights_skip_tracking":false,"_monsterinsights_sitenote_active":false,"_monsterinsights_sitenote_note":"","_monsterinsights_sitenote_category":0},"categories":[24],"tags":[],"aioseo_notices":[],"gutentor_comment":0,"rttpg_featured_image_url":{"full":["https:\/\/arantv.az\/wp-content\/uploads\/2020\/04\/1570631176_105880_61.jpg",620,314,false],"landscape":["https:\/\/arantv.az\/wp-content\/uploads\/2020\/04\/1570631176_105880_61.jpg",620,314,false],"portraits":["https:\/\/arantv.az\/wp-content\/uploads\/2020\/04\/1570631176_105880_61.jpg",620,314,false],"thumbnail":["https:\/\/arantv.az\/wp-content\/uploads\/2020\/04\/1570631176_105880_61-150x150.jpg",150,150,true],"medium":["https:\/\/arantv.az\/wp-content\/uploads\/2020\/04\/1570631176_105880_61-300x152.jpg",300,152,true],"large":["https:\/\/arantv.az\/wp-content\/uploads\/2020\/04\/1570631176_105880_61.jpg",620,314,false],"1536x1536":["https:\/\/arantv.az\/wp-content\/uploads\/2020\/04\/1570631176_105880_61.jpg",620,314,false],"2048x2048":["https:\/\/arantv.az\/wp-content\/uploads\/2020\/04\/1570631176_105880_61.jpg",620,314,false],"post-thumbnail":["https:\/\/arantv.az\/wp-content\/uploads\/2020\/04\/1570631176_105880_61-240x172.jpg",240,172,true],"advps-thumb-one":["https:\/\/arantv.az\/wp-content\/uploads\/2020\/04\/1570631176_105880_61.jpg",620,314,false]},"rttpg_author":{"display_name":"V\u00fcsal Rafiqo\u011flu","author_link":"https:\/\/arantv.az\/?author=2"},"rttpg_comment":0,"rttpg_category":"<a href=\"https:\/\/arantv.az\/?cat=24\" rel=\"category\">Maraql\u0131<\/a>","rttpg_excerpt":"\u201cAz\u0259riqaz\u201d \u0130stehsalat Birliyi \u00f6lk\u0259 \u0259razisind\u0259ki qazanxanalar\u0131n qazla t\u0259minat\u0131n\u0131 aprelin\u00a030-d\u0259k davam etdir\u0259c\u0259k. Bu bar\u0259d\u0259 qurumdan m\u0259lumat verilib. Bel\u0259likl\u0259, 25 aprel tarixind\u0259 ba\u015fa \u00e7atmas\u0131 n\u0259z\u0259rd\u0259 tutulan istilik m\u00f6vs\u00fcm\u00fc daha be\u015f\u00a0g\u00fcn art\u0131r\u0131l\u0131b. Qeyd\u00a0edilib ki, m\u00fcvafiq t\u0259dbirl\u0259rin g\u00f6r\u00fclm\u0259si \u00fc\u00e7\u00fcn Birliyin ba\u015f direktoru Ruslan \u018fliyev t\u0259r\u0259find\u0259n m\u00fcvafiq strukturlara d\u0259rhal tap\u015f\u0131r\u0131qlar verilib. M\u0259lum oldu\u011fu kimi Koronavirus (COVID-19) infeksiyas\u0131n\u0131n respublika \u0259razisind\u0259 geni\u015f&hellip;","_links":{"self":[{"href":"https:\/\/arantv.az\/index.php?rest_route=\/wp\/v2\/posts\/153034"}],"collection":[{"href":"https:\/\/arantv.az\/index.php?rest_route=\/wp\/v2\/posts"}],"about":[{"href":"https:\/\/arantv.az\/index.php?rest_route=\/wp\/v2\/types\/post"}],"author":[{"embeddable":true,"href":"https:\/\/arantv.az\/index.php?rest_route=\/wp\/v2\/users\/2"}],"replies":[{"embeddable":true,"href":"https:\/\/arantv.az\/index.php?rest_route=%2Fwp%2Fv2%2Fcomments&post=153034"}],"version-history":[{"count":0,"href":"https:\/\/arantv.az\/index.php?rest_route=\/wp\/v2\/posts\/153034\/revisions"}],"wp:featuredmedia":[{"embeddable":true,"href":"https:\/\/arantv.az\/index.php?rest_route=\/wp\/v2\/media\/153051"}],"wp:attachment":[{"href":"https:\/\/arantv.az\/index.php?rest_route=%2Fwp%2Fv2%2Fmedia&parent=153034"}],"wp:term":[{"taxonomy":"category","embeddable":true,"href":"https:\/\/arantv.az\/index.php?rest_route=%2Fwp%2Fv2%2Fcategories&post=153034"},{"taxonomy":"post_tag","embeddable":true,"href":"https:\/\/arantv.az\/index.php?rest_route=%2Fwp%2Fv2%2Ftags&post=153034"}],"curies":[{"name":"wp","href":"https:\/\/api.w.org\/{rel}","templated":true}]}}