{"id":153123,"date":"2020-04-23T22:36:22","date_gmt":"2020-04-23T19:36:22","guid":{"rendered":"http:\/\/arantv.az\/?p=153123"},"modified":"2020-04-23T22:36:22","modified_gmt":"2020-04-23T19:36:22","slug":"bakida-bmw-yanib-bir-n%c9%99f%c9%99r-x%c9%99sar%c9%99t-alib","status":"publish","type":"post","link":"https:\/\/arantv.az\/?p=153123","title":{"rendered":"Bak\u0131da \u201cBMW\u201d yan\u0131b, bir n\u0259f\u0259r x\u0259sar\u0259t al\u0131b"},"content":{"rendered":"<p>Bak\u0131 \u015f\u0259h\u0259rinin X\u0259tai rayonunda \u201cBMW\u201d markal\u0131 minik avtomobili yol k\u0259nar\u0131ndak\u0131 elektrik dir\u0259yin\u0259 \u00e7\u0131rp\u0131l\u0131b. N\u0259tic\u0259d\u0259 avtomobilin yanar hiss\u0259l\u0259ri yan\u0131b.<\/p>\n<p>F\u00f6vq\u0259lad\u0259 Hallar Nazirliyind\u0259n Trend-\u0259 veril\u0259n m\u0259lumata g\u00f6r\u0259, yan\u011f\u0131n zaman\u0131 1 n\u0259f\u0259r x\u0259sar\u0259t al\u0131b.<\/p>\n<div id=\"AdviadNativeVideo0\" class=\"AdviadNativeVideo\"><\/div>\n<p>Yol k\u0259nar\u0131ndak\u0131 kommunikasiya x\u0259tl\u0259ri yan\u011f\u0131ndan m\u00fchafiz\u0259 olunub. Yan\u011f\u0131n yan\u011f\u0131ndan m\u00fchafiz\u0259 b\u00f6lm\u0259l\u0259ri t\u0259r\u0259find\u0259n s\u00f6nd\u00fcr\u00fcl\u00fcb.<\/p>\n","protected":false},"excerpt":{"rendered":"<p>Bak\u0131 \u015f\u0259h\u0259rinin X\u0259tai rayonunda \u201cBMW\u201d markal\u0131 minik avtomobili yol k\u0259nar\u0131ndak\u0131 elektrik dir\u0259yin\u0259 \u00e7\u0131rp\u0131l\u0131b. N\u0259tic\u0259d\u0259 avtomobilin yanar hiss\u0259l\u0259ri yan\u0131b. F\u00f6vq\u0259lad\u0259 Hallar Nazirliyind\u0259n Trend-\u0259 veril\u0259n m\u0259lumata g\u00f6r\u0259, yan\u011f\u0131n zaman\u0131 1 n\u0259f\u0259r x\u0259sar\u0259t al\u0131b. Yol k\u0259nar\u0131ndak\u0131 kommunikasiya x\u0259tl\u0259ri yan\u011f\u0131ndan m\u00fchafiz\u0259 olunub. Yan\u011f\u0131n yan\u011f\u0131ndan m\u00fchafiz\u0259 b\u00f6lm\u0259l\u0259ri t\u0259r\u0259find\u0259n s\u00f6nd\u00fcr\u00fcl\u00fcb.<\/p>\n","protected":false},"author":2,"featured_media":153127,"comment_status":"closed","ping_status":"closed","sticky":false,"template":"","format":"standard","meta":{"om_disable_all_campaigns":false,"_monsterinsights_skip_tracking":false,"_monsterinsights_sitenote_active":false,"_monsterinsights_sitenote_note":"","_monsterinsights_sitenote_category":0},"categories":[5],"tags":[],"aioseo_notices":[],"gutentor_comment":0,"rttpg_featured_image_url":{"full":["https:\/\/arantv.az\/wp-content\/uploads\/2020\/04\/bmw_car_fire.jpg",1024,614,false],"landscape":["https:\/\/arantv.az\/wp-content\/uploads\/2020\/04\/bmw_car_fire.jpg",1024,614,false],"portraits":["https:\/\/arantv.az\/wp-content\/uploads\/2020\/04\/bmw_car_fire.jpg",1024,614,false],"thumbnail":["https:\/\/arantv.az\/wp-content\/uploads\/2020\/04\/bmw_car_fire-150x150.jpg",150,150,true],"medium":["https:\/\/arantv.az\/wp-content\/uploads\/2020\/04\/bmw_car_fire-300x180.jpg",300,180,true],"large":["https:\/\/arantv.az\/wp-content\/uploads\/2020\/04\/bmw_car_fire-1024x614.jpg",640,384,true],"1536x1536":["https:\/\/arantv.az\/wp-content\/uploads\/2020\/04\/bmw_car_fire.jpg",1024,614,false],"2048x2048":["https:\/\/arantv.az\/wp-content\/uploads\/2020\/04\/bmw_car_fire.jpg",1024,614,false],"post-thumbnail":["https:\/\/arantv.az\/wp-content\/uploads\/2020\/04\/bmw_car_fire-240x172.jpg",240,172,true],"advps-thumb-one":["https:\/\/arantv.az\/wp-content\/uploads\/2020\/04\/bmw_car_fire.jpg",1024,614,false]},"rttpg_author":{"display_name":"V\u00fcsal Rafiqo\u011flu","author_link":"https:\/\/arantv.az\/?author=2"},"rttpg_comment":0,"rttpg_category":"<a href=\"https:\/\/arantv.az\/?cat=5\" rel=\"category\">Hadis\u0259<\/a>","rttpg_excerpt":"Bak\u0131 \u015f\u0259h\u0259rinin X\u0259tai rayonunda \u201cBMW\u201d markal\u0131 minik avtomobili yol k\u0259nar\u0131ndak\u0131 elektrik dir\u0259yin\u0259 \u00e7\u0131rp\u0131l\u0131b. N\u0259tic\u0259d\u0259 avtomobilin yanar hiss\u0259l\u0259ri yan\u0131b. F\u00f6vq\u0259lad\u0259 Hallar Nazirliyind\u0259n Trend-\u0259 veril\u0259n m\u0259lumata g\u00f6r\u0259, yan\u011f\u0131n zaman\u0131 1 n\u0259f\u0259r x\u0259sar\u0259t al\u0131b. Yol k\u0259nar\u0131ndak\u0131 kommunikasiya x\u0259tl\u0259ri yan\u011f\u0131ndan m\u00fchafiz\u0259 olunub. Yan\u011f\u0131n yan\u011f\u0131ndan m\u00fchafiz\u0259 b\u00f6lm\u0259l\u0259ri t\u0259r\u0259find\u0259n s\u00f6nd\u00fcr\u00fcl\u00fcb.","_links":{"self":[{"href":"https:\/\/arantv.az\/index.php?rest_route=\/wp\/v2\/posts\/153123"}],"collection":[{"href":"https:\/\/arantv.az\/index.php?rest_route=\/wp\/v2\/posts"}],"about":[{"href":"https:\/\/arantv.az\/index.php?rest_route=\/wp\/v2\/types\/post"}],"author":[{"embeddable":true,"href":"https:\/\/arantv.az\/index.php?rest_route=\/wp\/v2\/users\/2"}],"replies":[{"embeddable":true,"href":"https:\/\/arantv.az\/index.php?rest_route=%2Fwp%2Fv2%2Fcomments&post=153123"}],"version-history":[{"count":0,"href":"https:\/\/arantv.az\/index.php?rest_route=\/wp\/v2\/posts\/153123\/revisions"}],"wp:featuredmedia":[{"embeddable":true,"href":"https:\/\/arantv.az\/index.php?rest_route=\/wp\/v2\/media\/153127"}],"wp:attachment":[{"href":"https:\/\/arantv.az\/index.php?rest_route=%2Fwp%2Fv2%2Fmedia&parent=153123"}],"wp:term":[{"taxonomy":"category","embeddable":true,"href":"https:\/\/arantv.az\/index.php?rest_route=%2Fwp%2Fv2%2Fcategories&post=153123"},{"taxonomy":"post_tag","embeddable":true,"href":"https:\/\/arantv.az\/index.php?rest_route=%2Fwp%2Fv2%2Ftags&post=153123"}],"curies":[{"name":"wp","href":"https:\/\/api.w.org\/{rel}","templated":true}]}}