{"id":153126,"date":"2020-04-23T22:37:09","date_gmt":"2020-04-23T19:37:09","guid":{"rendered":"http:\/\/arantv.az\/?p=153126"},"modified":"2020-04-23T22:37:09","modified_gmt":"2020-04-23T19:37:09","slug":"koronavirusa-yoluxan-diaspor-s%c9%99dri-fransa-x%c9%99st%c9%99xanalarinda-v%c9%99ziyy%c9%99t-acinacaqlidir-musahib%c9%99","status":"publish","type":"post","link":"https:\/\/arantv.az\/?p=153126","title":{"rendered":"Koronavirusa yoluxan diaspor s\u0259dri: \u201cFransa x\u0259st\u0259xanalar\u0131nda v\u0259ziyy\u0259t ac\u0131nacaql\u0131d\u0131r\u201d &#8211; M\u00dcSAH\u0130B\u018f"},"content":{"rendered":"<p><strong>\u201c\u018f<\/strong><strong>vv\u0259lki sa\u011flaml\u0131\u011f\u0131ma h\u0259l\u0259lik tam olaraq\u00a0qovu\u015fa bilm\u0259mi\u015f\u0259m&#8221;<\/strong><\/p>\n<p><em>Paris Az\u0259rbaycan Evinin r\u0259hb\u0259ri, Fransada Az\u0259rbaycan\u0131n Dostlar\u0131 Assosiasiyas\u0131n\u0131n ba\u015f katibi Mirvari F\u0259t\u0259liyeva \u201cReport\u201da m\u00fc\u00fcsahib\u0259 verib.<\/em><\/p>\n<p><em>H\u0259min m\u00fcsahib\u0259ni t\u0259qdim edirik:<br \/>\n<\/em><\/p>\n<p><strong>&#8211; Koronavirus Sizd\u0259n d\u0259 yan ke\u00e7m\u0259di. Haz\u0131rda \u00f6z\u00fcn\u00fcz\u00fc nec\u0259 hiss edirsiniz?<\/strong><\/p>\n<p>&#8211; H\u0259kiml\u0259r bir ne\u00e7\u0259 g\u00fcn \u00f6nc\u0259 virusdan tamamil\u0259 sa\u011fald\u0131\u011f\u0131m\u0131 t\u0259sdiql\u0259dil\u0259r. Bununla ba\u011fl\u0131 s\u0259n\u0259d alm\u0131\u015fam. X\u0259st\u0259liyin b\u00fct\u00fcn simptomlar\u0131 ke\u00e7ib gets\u0259 d\u0259 fiziki g\u00fcc\u00fcm\u00fc \u0259vv\u0259lki kimi toplama\u011fa nail olmam\u0131\u015fam. Bu \u00f6z\u00fcn\u00fc fiziki i\u015fl\u0259r g\u00f6r\u0259rk\u0259n g\u00f6st\u0259rir.\u00a0\u018fvv\u0259lki sa\u011flaml\u0131\u011f\u0131ma h\u0259l\u0259lik tam olaraq qovu\u015fa bilm\u0259mi\u015f\u0259m.<\/p>\n<p><strong>&#8211; Virusa yoluxdu\u011funuzu nec\u0259 bildiniz?<\/strong><\/p>\n<p>&#8211; \u00d6nc\u0259 \u00f6z\u00fcm\u00fc \u00e7ox yor\u011fun v\u0259 enerjisiz hiss etm\u0259y\u0259 ba\u015flam\u0131\u015fd\u0131m. D\u00fc\u015f\u00fcn\u00fcrd\u00fcm ki, bu ba\u015f ver\u0259nl\u0259r \u00fcz\u00fcnd\u0259n ke\u00e7irdiyim narahatl\u0131qlar\u0131n n\u0259tic\u0259sidir. X\u00fcsusil\u0259 panikaya d\u00fc\u015fm\u0259k ist\u0259mirdim. Lakin sonradan dig\u0259r simptomlar \u00f6z\u00fcn\u00fc g\u00f6st\u0259rdi, ba\u015f, bo\u011faz v\u0259 s\u00fcm\u00fck a\u011fr\u0131lar\u0131, t\u0259ng\u0259n\u0259f\u0259slik ba\u015flad\u0131. Bu zaman x\u0259st\u0259xanaya m\u00fcraci\u0259t etdim v\u0259 m\u0259nd\u0259 COVID-19 a\u015fkarland\u0131.<\/p>\n<p><strong>&#8211; M\u00fcalic\u0259 kursu \u00e7ox a\u011f\u0131r ke\u00e7di?<\/strong><\/p>\n<p>&#8211; X\u0259st\u0259xanalarda v\u0259ziyy\u0259t \u00e7ox g\u0259rgin oldu\u011fu \u00fc\u00e7\u00fcn yaln\u0131z v\u0259ziyy\u0259ti a\u011f\u0131r olan x\u0259st\u0259l\u0259rin qalmalar\u0131na \u015f\u0259rait yarad\u0131l\u0131r. Bu s\u0259b\u0259bd\u0259n d\u0259 m\u0259n ev \u015f\u0259raitind\u0259, karantin rejimind\u0259 xlorikin v\u0259 azotrimisin adl\u0131 d\u0259rmanlarla m\u00fcalic\u0259 ald\u0131m. H\u0259r g\u00fcn vitamin, t\u0259bii \u0259dviyyatlardan istifad\u0259 ed\u0259r\u0259k immunitetimi g\u00fccl\u0259ndirm\u0259y\u0259 \u00e7al\u0131\u015f\u0131rd\u0131m. Dig\u0259r t\u0259r\u0259fd\u0259n d\u0259 qorxmaq v\u0259 panikaya d\u00fc\u015fm\u0259k immuniteti a\u015fa\u011f\u0131 sal\u0131r. Bu s\u0259b\u0259bd\u0259n d\u0259 xo\u015f \u0259hval-ruhiyy\u0259mi qoruyub saxlama\u011fa \u00e7al\u0131\u015f\u0131rd\u0131m. Bel\u0259 bir v\u0259ziyy\u0259td\u0259, y\u0259ni virusun h\u0259r yan\u0131 b\u00fcr\u00fcd\u00fcy\u00fc v\u0259 iqtisadi b\u00f6hran s\u0259b\u0259bind\u0259n insanlar\u0131n t\u0259\u015fvi\u015f\u0259 d\u00fc\u015fd\u00fcy\u00fc d\u00f6vrd\u0259 bu el\u0259 d\u0259 asan ba\u015f g\u0259lmir. \u00c7ox \u00e7al\u0131\u015fd\u0131m ki, g\u00fccl\u00fc olum. Bu sa\u011falmaq \u00fc\u00e7\u00fcn \u0259n vacib \u015f\u0259rtl\u0259rd\u0259n biridir.<\/p>\n<p><strong>&#8211; Virusa yenid\u0259n tutulmamaq \u00fc\u00e7\u00fcn hans\u0131 t\u0259dbirl\u0259r g\u00f6r\u00fcrs\u00fcn\u00fcz?<\/strong><\/p>\n<p>&#8211; Yeni virusla ba\u011fl\u0131 Fransada m\u00fcxt\u0259lif f\u0259rziy\u0259l\u0259r m\u00f6vzuddur. Bu s\u0259b\u0259bd\u0259n \u00e7al\u0131\u015f\u0131r\u0131q yaln\u0131z elmi yaz\u0131lara v\u0259 r\u0259smi m\u0259lumatlara inanaq. Bu virusa tutulub sa\u011falanlar\u0131n yenid\u0259n tutulmaq ehtimal\u0131n\u0131n oldu\u011fu bildirilir. Ona g\u00f6r\u0259\u00a0d\u0259 qayda-qanuna maksimum riay\u0259t etm\u0259y\u0259, evd\u0259n bay\u0131ra \u00e7\u0131xmama\u011fa \u00e7al\u0131\u015f\u0131ram. Vacib olada \u00e7\u0131xd\u0131\u011f\u0131m zaman is\u0259 \u0259lc\u0259k v\u0259 maskadan istifa edir\u0259m. N\u0259 q\u0259d\u0259r ki, peyv\u0259nd v\u0259 d\u0259rman tap\u0131may\u0131b ehtiyyatl\u0131 olmaq v\u0259 gigiyena qaydalar\u0131na riay\u0259t etm\u0259k \u00e7ox vacibdir.<\/p>\n<p>&nbsp;<\/p>\n<div class=\"post-image-box-big\"><img loading=\"lazy\" class=\"blurred-left\" src=\"https:\/\/report.az\/storage\/news\/273e71a9bd4d7ae0a29e1eeb79d832b1\/b987dc79-079c-4f11-9c50-894ff3627826.jpg\" alt=\"\" width=\"703\" height=\"703\" \/><\/div>\n<p>&nbsp;<\/p>\n<p><strong>&#8211; Fransadak\u0131 x\u0259st\u0259xanalarda n\u0259l\u0259r m\u00fc\u015fahid\u0259 etdiniz?\u00a0<\/strong><\/p>\n<p>&#8211; Burda virusla ba\u011fl\u0131 olaraq x\u0259st\u0259xanadak\u0131 v\u0259ziyy\u0259t \u00e7\u0259tin v\u0259 ac\u0131nacaql\u0131d\u0131r. Bird\u0259f\u0259lik geyiml\u0259r v\u0259 maskalar t\u00fck\u0259nib. Tibb i\u015f\u00e7il\u0259ri sellofon zibil torbalar\u0131ndan bel\u0259 istifad\u0259 etm\u0259k m\u0259cburiyy\u0259tind\u0259dirl\u0259r. Bu v\u0259ziyy\u0259ti \u00f6z\u00fcm g\u00f6zl\u0259riml\u0259 g\u00f6rd\u00fcm. V\u0259ziyy\u0259tin n\u0259 q\u0259d\u0259r \u00e7\u0259tin oldu\u011funa, tibb i\u00e7\u015fil\u0259rinin n\u0259 d\u0259r\u0259c\u0259d\u0259 yor\u011fun olduqlar\u0131na \u015fahid oldum.\u00a0V\u0259ziyy\u0259t el\u0259 d\u0259 \u00fcr\u0259ka\u00e7an deyil.<\/p>\n<p><strong>&#8211; Fransada virusa yoluxan dig\u0259r az\u0259rbaycanl\u0131lar\u0131n v\u0259ziyy\u0259ti nec\u0259dir? Az\u0259rbaycan\u0131n Fransadak\u0131 s\u0259firliyinin soyda\u015flar\u0131m\u0131z\u0131n \u00fczl\u0259\u015fdikl\u0259ri probleml\u0259rin h\u0259lli il\u0259 ba\u011fl\u0131 f\u0259aliyy\u0259tini nec\u0259 qiym\u0259tl\u0259ndirirsiniz?<\/strong><\/p>\n<p>&#8211; Art\u0131q Fransada koronavirusa yoluxan\u00a0az\u0259rbaycanl\u0131 yoxdur. Bu m\u00fcsb\u0259t hald\u0131r. Az\u0259rbaycan\u0131n Fransadak\u0131 s\u0259firliyind\u0259 bir m\u00fcdd\u0259tdir ki, &#8220;Qaynar x\u0259tt&#8221; f\u0259aliyy\u0259t g\u00f6st\u0259rir. H\u0259mv\u0259t\u0259nl\u0259rimiz onlar\u0131 narahat ed\u0259n v\u0259 maraqland\u0131ran m\u0259s\u0259l\u0259l\u0259r bar\u0259d\u0259 s\u0259firliyin &#8220;Qaynar x\u0259tt&#8221;i v\u0259 konsulluq \u015f\u00f6b\u0259sinin n\u00f6mr\u0259l\u0259ri vasit\u0259sil\u0259 m\u0259lumat ala bilirl\u0259r. S\u0259firliyimiz pandemiya ba\u015flad\u0131\u011f\u0131 vaxtdan Fransan\u0131n\u00a0aidiyyat\u0131 qayda-qanunlar\u0131 Az\u0259rbaycan dilin\u0259 t\u0259rc\u00fcm\u0259 edil\u0259r\u0259k m\u00fct\u0259madi olaraq sosial \u015f\u0259b\u0259k\u0259l\u0259r vasit\u0259sil\u0259 yay\u0131l\u0131r.<\/p>\n<p>&nbsp;<\/p>\n<div class=\"post-image-box-big\"><img class=\"blurred-left\" src=\"https:\/\/report.az\/storage\/news\/273e71a9bd4d7ae0a29e1eeb79d832b1\/55ff8e06-a473-44a9-a482-83672399a38c.jpg\" alt=\"\" \/><\/div>\n<p>&nbsp;<\/p>\n<p><strong>&#8211; Fransada karantin rejimi virusla m\u00fcbariz\u0259d\u0259 s\u0259m\u0259r\u0259 verirmi?\u00a0<\/strong><\/p>\n<p>&#8211; Karantin rejimi virusuna yoluxman\u0131n qar\u015f\u0131s\u0131n\u0131 almaq \u00fc\u00e7\u00fcn vacibdir v\u0259 bu Fransada\u00a0\u00f6z\u00fcn\u00fc art\u0131q do\u011fruldub. X\u0259st\u0259xanalarda, x\u00fcsusil\u0259 reanimasiyalarda yerl\u0259rin m\u0259hdud olmas\u0131 v\u0259 x\u0259st\u0259l\u0259rin ham\u0131s\u0131n\u0131n m\u00fcalic\u0259sin\u0259 imkan olmamas\u0131 s\u0259b\u0259bind\u0259n \u00f6l\u0259nl\u0259rin say\u0131 art\u0131r. Karantin rejiminin m\u00fcsb\u0259t t\u0259r\u0259fi ondan ibar\u0259tdir ki, d\u00f6vl\u0259t\u0259 bu tibbi\u00a0b\u00f6hrandan \u00e7\u0131xmaq \u00fc\u00e7\u00fcn m\u00fcvafiq t\u0259dbirl\u0259ri t\u0259\u015fkil ed\u0259 bilm\u0259si \u00fc\u00e7\u00fcn vaxt verir.<\/p>\n<p><strong>&#8211; Fransa virusun geni\u015f yay\u0131ld\u0131\u011f\u0131 v\u0259 qurbanlar\u0131n\u0131n h\u0259ddind\u0259n art\u0131q \u00e7ox oldu\u011fu d\u00f6vl\u0259tl\u0259rd\u0259ndir. Bunun s\u0259b\u0259bi n\u0259dir?<\/strong><\/p>\n<p>&#8211; Krantin rejiminin t\u0259tbiq edilm\u0259sind\u0259 v\u0259 virusun yay\u0131lmas\u0131n\u0131n qar\u015f\u0131s\u0131n\u0131 alacaq m\u00fcvafiq t\u0259dbirl\u0259rin g\u00f6r\u00fclm\u0259sind\u0259 \u00e7ox yuban\u0131ld\u0131. Fransada karantin rejimi elan edildiyi zaman art\u0131q virus yay\u0131lm\u0131\u015fd\u0131 v\u0259 \u00f6l\u0259nl\u0259rin say\u0131 \u00e7oxalm\u0131\u015fd\u0131. Bu yubanman\u0131n da s\u0259b\u0259bi bir t\u0259r\u0259fd\u0259n d\u00f6vl\u0259tin bel\u0259 bir tibbi b\u00f6hrana haz\u0131r olmamas\u0131, dig\u0259r t\u0259r\u0259fd\u0259n d\u0259 cari ilin mart ay\u0131nda ke\u00e7irilm\u0259lisi planla\u015fd\u0131r\u0131lan b\u0259l\u0259diyy\u0259 se\u00e7kil\u0259ri oldu. T\u0259dris ocaqlar\u0131 da \u00e7ox gec ba\u011flan\u0131ld\u0131 ki, b\u00fct\u00fcn bu yubanmalar virus qurbanlar\u0131n\u0131n say\u0131n\u0131n bu d\u0259r\u0259c\u0259d\u0259 \u00e7ox olmas\u0131na g\u0259tirib \u00e7\u0131xartd\u0131.<\/p>\n","protected":false},"excerpt":{"rendered":"<p>\u201c\u018fvv\u0259lki sa\u011flaml\u0131\u011f\u0131ma h\u0259l\u0259lik tam olaraq\u00a0qovu\u015fa bilm\u0259mi\u015f\u0259m&#8221; Paris Az\u0259rbaycan Evinin r\u0259hb\u0259ri, Fransada Az\u0259rbaycan\u0131n Dostlar\u0131 Assosiasiyas\u0131n\u0131n ba\u015f katibi Mirvari F\u0259t\u0259liyeva \u201cReport\u201da m\u00fc\u00fcsahib\u0259 verib. H\u0259min m\u00fcsahib\u0259ni t\u0259qdim edirik: &#8211; Koronavirus Sizd\u0259n d\u0259 yan ke\u00e7m\u0259di. Haz\u0131rda \u00f6z\u00fcn\u00fcz\u00fc nec\u0259 hiss edirsiniz? &#8211; H\u0259kiml\u0259r bir ne\u00e7\u0259 g\u00fcn \u00f6nc\u0259 virusdan tamamil\u0259 sa\u011fald\u0131\u011f\u0131m\u0131 t\u0259sdiql\u0259dil\u0259r. Bununla ba\u011fl\u0131 s\u0259n\u0259d alm\u0131\u015fam. X\u0259st\u0259liyin b\u00fct\u00fcn simptomlar\u0131 ke\u00e7ib gets\u0259 d\u0259 fiziki g\u00fcc\u00fcm\u00fc \u0259vv\u0259lki kimi toplama\u011fa nail olmam\u0131\u015fam. Bu \u00f6z\u00fcn\u00fc fiziki i\u015fl\u0259r g\u00f6r\u0259rk\u0259n g\u00f6st\u0259rir.\u00a0\u018fvv\u0259lki sa\u011flaml\u0131\u011f\u0131ma h\u0259l\u0259lik tam olaraq qovu\u015fa bilm\u0259mi\u015f\u0259m. &#8211; Virusa yoluxdu\u011funuzu nec\u0259 bildiniz? &#8211; \u00d6nc\u0259 \u00f6z\u00fcm\u00fc \u00e7ox yor\u011fun v\u0259 enerjisiz hiss etm\u0259y\u0259 ba\u015flam\u0131\u015fd\u0131m.&hellip;<\/p>\n","protected":false},"author":2,"featured_media":153129,"comment_status":"closed","ping_status":"closed","sticky":false,"template":"","format":"standard","meta":{"om_disable_all_campaigns":false,"_monsterinsights_skip_tracking":false,"_monsterinsights_sitenote_active":false,"_monsterinsights_sitenote_note":"","_monsterinsights_sitenote_category":0},"categories":[19],"tags":[],"aioseo_notices":[],"gutentor_comment":0,"rttpg_featured_image_url":{"full":["https:\/\/arantv.az\/wp-content\/uploads\/2020\/04\/de729b901524810bc83864d129bbcc9e.jpg",450,300,false],"landscape":["https:\/\/arantv.az\/wp-content\/uploads\/2020\/04\/de729b901524810bc83864d129bbcc9e.jpg",450,300,false],"portraits":["https:\/\/arantv.az\/wp-content\/uploads\/2020\/04\/de729b901524810bc83864d129bbcc9e.jpg",450,300,false],"thumbnail":["https:\/\/arantv.az\/wp-content\/uploads\/2020\/04\/de729b901524810bc83864d129bbcc9e-150x150.jpg",150,150,true],"medium":["https:\/\/arantv.az\/wp-content\/uploads\/2020\/04\/de729b901524810bc83864d129bbcc9e-300x200.jpg",300,200,true],"large":["https:\/\/arantv.az\/wp-content\/uploads\/2020\/04\/de729b901524810bc83864d129bbcc9e.jpg",450,300,false],"1536x1536":["https:\/\/arantv.az\/wp-content\/uploads\/2020\/04\/de729b901524810bc83864d129bbcc9e.jpg",450,300,false],"2048x2048":["https:\/\/arantv.az\/wp-content\/uploads\/2020\/04\/de729b901524810bc83864d129bbcc9e.jpg",450,300,false],"post-thumbnail":["https:\/\/arantv.az\/wp-content\/uploads\/2020\/04\/de729b901524810bc83864d129bbcc9e-240x172.jpg",240,172,true],"advps-thumb-one":["https:\/\/arantv.az\/wp-content\/uploads\/2020\/04\/de729b901524810bc83864d129bbcc9e.jpg",450,300,false]},"rttpg_author":{"display_name":"V\u00fcsal Rafiqo\u011flu","author_link":"https:\/\/arantv.az\/?author=2"},"rttpg_comment":0,"rttpg_category":"<a href=\"https:\/\/arantv.az\/?cat=19\" rel=\"category\">G\u00fcnd\u0259m<\/a>","rttpg_excerpt":"\u201c\u018fvv\u0259lki sa\u011flaml\u0131\u011f\u0131ma h\u0259l\u0259lik tam olaraq\u00a0qovu\u015fa bilm\u0259mi\u015f\u0259m&#8221; Paris Az\u0259rbaycan Evinin r\u0259hb\u0259ri, Fransada Az\u0259rbaycan\u0131n Dostlar\u0131 Assosiasiyas\u0131n\u0131n ba\u015f katibi Mirvari F\u0259t\u0259liyeva \u201cReport\u201da m\u00fc\u00fcsahib\u0259 verib. H\u0259min m\u00fcsahib\u0259ni t\u0259qdim edirik: &#8211; Koronavirus Sizd\u0259n d\u0259 yan ke\u00e7m\u0259di. Haz\u0131rda \u00f6z\u00fcn\u00fcz\u00fc nec\u0259 hiss edirsiniz? &#8211; H\u0259kiml\u0259r bir ne\u00e7\u0259 g\u00fcn \u00f6nc\u0259 virusdan tamamil\u0259 sa\u011fald\u0131\u011f\u0131m\u0131 t\u0259sdiql\u0259dil\u0259r. Bununla ba\u011fl\u0131 s\u0259n\u0259d alm\u0131\u015fam. X\u0259st\u0259liyin b\u00fct\u00fcn simptomlar\u0131 ke\u00e7ib gets\u0259&hellip;","_links":{"self":[{"href":"https:\/\/arantv.az\/index.php?rest_route=\/wp\/v2\/posts\/153126"}],"collection":[{"href":"https:\/\/arantv.az\/index.php?rest_route=\/wp\/v2\/posts"}],"about":[{"href":"https:\/\/arantv.az\/index.php?rest_route=\/wp\/v2\/types\/post"}],"author":[{"embeddable":true,"href":"https:\/\/arantv.az\/index.php?rest_route=\/wp\/v2\/users\/2"}],"replies":[{"embeddable":true,"href":"https:\/\/arantv.az\/index.php?rest_route=%2Fwp%2Fv2%2Fcomments&post=153126"}],"version-history":[{"count":0,"href":"https:\/\/arantv.az\/index.php?rest_route=\/wp\/v2\/posts\/153126\/revisions"}],"wp:featuredmedia":[{"embeddable":true,"href":"https:\/\/arantv.az\/index.php?rest_route=\/wp\/v2\/media\/153129"}],"wp:attachment":[{"href":"https:\/\/arantv.az\/index.php?rest_route=%2Fwp%2Fv2%2Fmedia&parent=153126"}],"wp:term":[{"taxonomy":"category","embeddable":true,"href":"https:\/\/arantv.az\/index.php?rest_route=%2Fwp%2Fv2%2Fcategories&post=153126"},{"taxonomy":"post_tag","embeddable":true,"href":"https:\/\/arantv.az\/index.php?rest_route=%2Fwp%2Fv2%2Ftags&post=153126"}],"curies":[{"name":"wp","href":"https:\/\/api.w.org\/{rel}","templated":true}]}}